{"id":49125,"date":"2024-05-03T11:29:37","date_gmt":"2024-05-03T14:29:37","guid":{"rendered":"https:\/\/p31noticias.com.br\/novas-regras-de-subsidio-ampliam-acesso-a-moradia-para-populacao-de-baixa-renda-no-distrito-federal\/"},"modified":"2024-05-03T11:29:37","modified_gmt":"2024-05-03T14:29:37","slug":"novas-regras-de-subsidio-ampliam-acesso-a-moradia-para-populacao-de-baixa-renda-no-distrito-federal","status":"publish","type":"post","link":"https:\/\/www.p31noticias.com.br\/?p=49125","title":{"rendered":"Novas regras de subs\u00eddio ampliam acesso \u00e0 moradia para popula\u00e7\u00e3o de baixa renda no Distrito Federal"},"content":{"rendered":"<p>Um novo ato normativo traz mudan\u00e7as significativas nos subs\u00eddios aplicados aos valores de terrenos destinados \u00e0s fam\u00edlias de baixa renda que adquirem im\u00f3veis residenciais por meio das pol\u00edticas p\u00fablicas de habita\u00e7\u00e3o de interesse social. A instru\u00e7\u00e3o entrou em vigor no dia de sua publica\u00e7\u00e3o no Di\u00e1rio Oficial do Distrito Federal (DODF), 30 de abril. Novas [\u2026]<\/p>\n<p>O post <a href=\"https:\/\/www.delioandrade.com.br\/novas-regras-de-subsidio-ampliam-acesso-a-moradia-para-populacao-de-baixa-renda-no-distrito-federal\/\">Novas regras de subs\u00eddio ampliam acesso \u00e0 moradia para popula\u00e7\u00e3o de baixa renda no Distrito Federal<\/a> apareceu primeiro em <a href=\"https:\/\/www.delioandrade.com.br\/\">Blog do D\u00c9LIO ANDRADE<\/a>.<\/p>\n","protected":false},"excerpt":{"rendered":"<p>Um novo ato normativo traz mudan\u00e7as significativas nos subs\u00eddios aplicados aos valores de terrenos destinados \u00e0s fam\u00edlias de baixa renda que adquirem im\u00f3veis residenciais por meio das pol\u00edticas p\u00fablicas de habita\u00e7\u00e3o de interesse social. A instru\u00e7\u00e3o entrou em vigor no dia de sua publica\u00e7\u00e3o no Di\u00e1rio Oficial do Distrito Federal (DODF), 30 de abril. Novas [&hellip;]<\/p>\n","protected":false},"author":0,"featured_media":49126,"comment_status":"open","ping_status":"open","sticky":false,"template":"","format":"standard","meta":{"footnotes":""},"categories":[21],"tags":[],"class_list":{"0":"post-49125","1":"post","2":"type-post","3":"status-publish","4":"format-standard","5":"has-post-thumbnail","7":"category-brasilia"},"yoast_head":"<!-- This site is optimized with the Yoast SEO Premium plugin v24.5 (Yoast SEO v27.5) - https:\/\/yoast.com\/product\/yoast-seo-premium-wordpress\/ -->\n<title>Novas regras de subs\u00eddio ampliam acesso \u00e0 moradia para popula\u00e7\u00e3o de baixa renda no Distrito Federal - P31<\/title>\n<meta name=\"robots\" content=\"index, follow, max-snippet:-1, max-image-preview:large, max-video-preview:-1\" \/>\n<link rel=\"canonical\" href=\"https:\/\/www.p31noticias.com.br\/?p=49125\" \/>\n<meta property=\"og:locale\" content=\"pt_BR\" \/>\n<meta property=\"og:type\" content=\"article\" \/>\n<meta property=\"og:title\" content=\"Novas regras de subs\u00eddio ampliam acesso \u00e0 moradia para popula\u00e7\u00e3o de baixa renda no Distrito Federal\" \/>\n<meta property=\"og:description\" content=\"Um novo ato normativo traz mudan\u00e7as significativas nos subs\u00eddios aplicados aos valores de terrenos destinados \u00e0s fam\u00edlias de baixa renda que adquirem im\u00f3veis residenciais por meio das pol\u00edticas p\u00fablicas de habita\u00e7\u00e3o de interesse social. A instru\u00e7\u00e3o entrou em vigor no dia de sua publica\u00e7\u00e3o no Di\u00e1rio Oficial do Distrito Federal (DODF), 30 de abril. Novas [&hellip;]\" \/>\n<meta property=\"og:url\" content=\"https:\/\/www.p31noticias.com.br\/?p=49125\" \/>\n<meta property=\"og:site_name\" content=\"P31\" \/>\n<meta property=\"article:published_time\" content=\"2024-05-03T14:29:37+00:00\" \/>\n<meta property=\"og:image\" content=\"https:\/\/www.p31noticias.com.br\/wp-content\/uploads\/2024\/05\/WhatsApp-Image-2024-05-03-at-09.23.08-YeQjih-150x150-RRTqQ5.jpeg\" \/>\n\t<meta property=\"og:image:width\" content=\"150\" \/>\n\t<meta property=\"og:image:height\" content=\"150\" \/>\n\t<meta property=\"og:image:type\" content=\"image\/jpeg\" \/>\n<meta name=\"twitter:card\" content=\"summary_large_image\" \/>\n<script type=\"application\/ld+json\" class=\"yoast-schema-graph\">{\"@context\":\"https:\\\/\\\/schema.org\",\"@graph\":[{\"@type\":\"Article\",\"@id\":\"https:\\\/\\\/www.p31noticias.com.br\\\/?p=49125#article\",\"isPartOf\":{\"@id\":\"https:\\\/\\\/www.p31noticias.com.br\\\/?p=49125\"},\"author\":{\"name\":\"\",\"@id\":\"\"},\"headline\":\"Novas regras de subs\u00eddio ampliam acesso \u00e0 moradia para popula\u00e7\u00e3o de baixa renda no Distrito Federal\",\"datePublished\":\"2024-05-03T14:29:37+00:00\",\"mainEntityOfPage\":{\"@id\":\"https:\\\/\\\/www.p31noticias.com.br\\\/?p=49125\"},\"wordCount\":108,\"commentCount\":0,\"image\":{\"@id\":\"https:\\\/\\\/www.p31noticias.com.br\\\/?p=49125#primaryimage\"},\"thumbnailUrl\":\"https:\\\/\\\/www.p31noticias.com.br\\\/wp-content\\\/uploads\\\/2024\\\/05\\\/WhatsApp-Image-2024-05-03-at-09.23.08-YeQjih-150x150-RRTqQ5.jpeg\",\"articleSection\":[\"Bras\u00edlia\"],\"inLanguage\":\"pt-BR\",\"potentialAction\":[{\"@type\":\"CommentAction\",\"name\":\"Comment\",\"target\":[\"https:\\\/\\\/www.p31noticias.com.br\\\/?p=49125#respond\"]}],\"copyrightYear\":\"2024\",\"copyrightHolder\":{\"@id\":\"https:\\\/\\\/www.p31noticias.com.br\\\/#organization\"}},{\"@type\":\"WebPage\",\"@id\":\"https:\\\/\\\/www.p31noticias.com.br\\\/?p=49125\",\"url\":\"https:\\\/\\\/www.p31noticias.com.br\\\/?p=49125\",\"name\":\"Novas regras de subs\u00eddio ampliam acesso \u00e0 moradia para popula\u00e7\u00e3o de baixa renda no Distrito Federal - P31\",\"isPartOf\":{\"@id\":\"https:\\\/\\\/www.p31noticias.com.br\\\/#website\"},\"primaryImageOfPage\":{\"@id\":\"https:\\\/\\\/www.p31noticias.com.br\\\/?p=49125#primaryimage\"},\"image\":{\"@id\":\"https:\\\/\\\/www.p31noticias.com.br\\\/?p=49125#primaryimage\"},\"thumbnailUrl\":\"https:\\\/\\\/www.p31noticias.com.br\\\/wp-content\\\/uploads\\\/2024\\\/05\\\/WhatsApp-Image-2024-05-03-at-09.23.08-YeQjih-150x150-RRTqQ5.jpeg\",\"datePublished\":\"2024-05-03T14:29:37+00:00\",\"author\":{\"@id\":\"\"},\"breadcrumb\":{\"@id\":\"https:\\\/\\\/www.p31noticias.com.br\\\/?p=49125#breadcrumb\"},\"inLanguage\":\"pt-BR\",\"potentialAction\":[{\"@type\":\"ReadAction\",\"target\":[\"https:\\\/\\\/www.p31noticias.com.br\\\/?p=49125\"]}]},{\"@type\":\"ImageObject\",\"inLanguage\":\"pt-BR\",\"@id\":\"https:\\\/\\\/www.p31noticias.com.br\\\/?p=49125#primaryimage\",\"url\":\"https:\\\/\\\/www.p31noticias.com.br\\\/wp-content\\\/uploads\\\/2024\\\/05\\\/WhatsApp-Image-2024-05-03-at-09.23.08-YeQjih-150x150-RRTqQ5.jpeg\",\"contentUrl\":\"https:\\\/\\\/www.p31noticias.com.br\\\/wp-content\\\/uploads\\\/2024\\\/05\\\/WhatsApp-Image-2024-05-03-at-09.23.08-YeQjih-150x150-RRTqQ5.jpeg\",\"width\":150,\"height\":150},{\"@type\":\"BreadcrumbList\",\"@id\":\"https:\\\/\\\/www.p31noticias.com.br\\\/?p=49125#breadcrumb\",\"itemListElement\":[{\"@type\":\"ListItem\",\"position\":1,\"name\":\"In\u00edcio\",\"item\":\"https:\\\/\\\/www.p31noticias.com.br\\\/\"},{\"@type\":\"ListItem\",\"position\":2,\"name\":\"Novas regras de subs\u00eddio ampliam acesso \u00e0 moradia para popula\u00e7\u00e3o de baixa renda no Distrito Federal\"}]},{\"@type\":\"WebSite\",\"@id\":\"https:\\\/\\\/www.p31noticias.com.br\\\/#website\",\"url\":\"https:\\\/\\\/www.p31noticias.com.br\\\/\",\"name\":\"P31\",\"description\":\"NOT\u00cdCIAS\",\"potentialAction\":[{\"@type\":\"SearchAction\",\"target\":{\"@type\":\"EntryPoint\",\"urlTemplate\":\"https:\\\/\\\/www.p31noticias.com.br\\\/?s={search_term_string}\"},\"query-input\":{\"@type\":\"PropertyValueSpecification\",\"valueRequired\":true,\"valueName\":\"search_term_string\"}}],\"inLanguage\":\"pt-BR\"}]}<\/script>\n<!-- \/ Yoast SEO Premium plugin. -->","yoast_head_json":{"title":"Novas regras de subs\u00eddio ampliam acesso \u00e0 moradia para popula\u00e7\u00e3o de baixa renda no Distrito Federal - P31","robots":{"index":"index","follow":"follow","max-snippet":"max-snippet:-1","max-image-preview":"max-image-preview:large","max-video-preview":"max-video-preview:-1"},"canonical":"https:\/\/www.p31noticias.com.br\/?p=49125","og_locale":"pt_BR","og_type":"article","og_title":"Novas regras de subs\u00eddio ampliam acesso \u00e0 moradia para popula\u00e7\u00e3o de baixa renda no Distrito Federal","og_description":"Um novo ato normativo traz mudan\u00e7as significativas nos subs\u00eddios aplicados aos valores de terrenos destinados \u00e0s fam\u00edlias de baixa renda que adquirem im\u00f3veis residenciais por meio das pol\u00edticas p\u00fablicas de habita\u00e7\u00e3o de interesse social. A instru\u00e7\u00e3o entrou em vigor no dia de sua publica\u00e7\u00e3o no Di\u00e1rio Oficial do Distrito Federal (DODF), 30 de abril. Novas [&hellip;]","og_url":"https:\/\/www.p31noticias.com.br\/?p=49125","og_site_name":"P31","article_published_time":"2024-05-03T14:29:37+00:00","og_image":[{"width":150,"height":150,"url":"https:\/\/www.p31noticias.com.br\/wp-content\/uploads\/2024\/05\/WhatsApp-Image-2024-05-03-at-09.23.08-YeQjih-150x150-RRTqQ5.jpeg","type":"image\/jpeg"}],"twitter_card":"summary_large_image","schema":{"@context":"https:\/\/schema.org","@graph":[{"@type":"Article","@id":"https:\/\/www.p31noticias.com.br\/?p=49125#article","isPartOf":{"@id":"https:\/\/www.p31noticias.com.br\/?p=49125"},"author":{"name":"","@id":""},"headline":"Novas regras de subs\u00eddio ampliam acesso \u00e0 moradia para popula\u00e7\u00e3o de baixa renda no Distrito Federal","datePublished":"2024-05-03T14:29:37+00:00","mainEntityOfPage":{"@id":"https:\/\/www.p31noticias.com.br\/?p=49125"},"wordCount":108,"commentCount":0,"image":{"@id":"https:\/\/www.p31noticias.com.br\/?p=49125#primaryimage"},"thumbnailUrl":"https:\/\/www.p31noticias.com.br\/wp-content\/uploads\/2024\/05\/WhatsApp-Image-2024-05-03-at-09.23.08-YeQjih-150x150-RRTqQ5.jpeg","articleSection":["Bras\u00edlia"],"inLanguage":"pt-BR","potentialAction":[{"@type":"CommentAction","name":"Comment","target":["https:\/\/www.p31noticias.com.br\/?p=49125#respond"]}],"copyrightYear":"2024","copyrightHolder":{"@id":"https:\/\/www.p31noticias.com.br\/#organization"}},{"@type":"WebPage","@id":"https:\/\/www.p31noticias.com.br\/?p=49125","url":"https:\/\/www.p31noticias.com.br\/?p=49125","name":"Novas regras de subs\u00eddio ampliam acesso \u00e0 moradia para popula\u00e7\u00e3o de baixa renda no Distrito Federal - P31","isPartOf":{"@id":"https:\/\/www.p31noticias.com.br\/#website"},"primaryImageOfPage":{"@id":"https:\/\/www.p31noticias.com.br\/?p=49125#primaryimage"},"image":{"@id":"https:\/\/www.p31noticias.com.br\/?p=49125#primaryimage"},"thumbnailUrl":"https:\/\/www.p31noticias.com.br\/wp-content\/uploads\/2024\/05\/WhatsApp-Image-2024-05-03-at-09.23.08-YeQjih-150x150-RRTqQ5.jpeg","datePublished":"2024-05-03T14:29:37+00:00","author":{"@id":""},"breadcrumb":{"@id":"https:\/\/www.p31noticias.com.br\/?p=49125#breadcrumb"},"inLanguage":"pt-BR","potentialAction":[{"@type":"ReadAction","target":["https:\/\/www.p31noticias.com.br\/?p=49125"]}]},{"@type":"ImageObject","inLanguage":"pt-BR","@id":"https:\/\/www.p31noticias.com.br\/?p=49125#primaryimage","url":"https:\/\/www.p31noticias.com.br\/wp-content\/uploads\/2024\/05\/WhatsApp-Image-2024-05-03-at-09.23.08-YeQjih-150x150-RRTqQ5.jpeg","contentUrl":"https:\/\/www.p31noticias.com.br\/wp-content\/uploads\/2024\/05\/WhatsApp-Image-2024-05-03-at-09.23.08-YeQjih-150x150-RRTqQ5.jpeg","width":150,"height":150},{"@type":"BreadcrumbList","@id":"https:\/\/www.p31noticias.com.br\/?p=49125#breadcrumb","itemListElement":[{"@type":"ListItem","position":1,"name":"In\u00edcio","item":"https:\/\/www.p31noticias.com.br\/"},{"@type":"ListItem","position":2,"name":"Novas regras de subs\u00eddio ampliam acesso \u00e0 moradia para popula\u00e7\u00e3o de baixa renda no Distrito Federal"}]},{"@type":"WebSite","@id":"https:\/\/www.p31noticias.com.br\/#website","url":"https:\/\/www.p31noticias.com.br\/","name":"P31","description":"NOT\u00cdCIAS","potentialAction":[{"@type":"SearchAction","target":{"@type":"EntryPoint","urlTemplate":"https:\/\/www.p31noticias.com.br\/?s={search_term_string}"},"query-input":{"@type":"PropertyValueSpecification","valueRequired":true,"valueName":"search_term_string"}}],"inLanguage":"pt-BR"}]}},"amp_enabled":true,"_links":{"self":[{"href":"https:\/\/www.p31noticias.com.br\/index.php?rest_route=\/wp\/v2\/posts\/49125","targetHints":{"allow":["GET"]}}],"collection":[{"href":"https:\/\/www.p31noticias.com.br\/index.php?rest_route=\/wp\/v2\/posts"}],"about":[{"href":"https:\/\/www.p31noticias.com.br\/index.php?rest_route=\/wp\/v2\/types\/post"}],"replies":[{"embeddable":true,"href":"https:\/\/www.p31noticias.com.br\/index.php?rest_route=%2Fwp%2Fv2%2Fcomments&post=49125"}],"version-history":[{"count":0,"href":"https:\/\/www.p31noticias.com.br\/index.php?rest_route=\/wp\/v2\/posts\/49125\/revisions"}],"wp:featuredmedia":[{"embeddable":true,"href":"https:\/\/www.p31noticias.com.br\/index.php?rest_route=\/wp\/v2\/media\/49126"}],"wp:attachment":[{"href":"https:\/\/www.p31noticias.com.br\/index.php?rest_route=%2Fwp%2Fv2%2Fmedia&parent=49125"}],"wp:term":[{"taxonomy":"category","embeddable":true,"href":"https:\/\/www.p31noticias.com.br\/index.php?rest_route=%2Fwp%2Fv2%2Fcategories&post=49125"},{"taxonomy":"post_tag","embeddable":true,"href":"https:\/\/www.p31noticias.com.br\/index.php?rest_route=%2Fwp%2Fv2%2Ftags&post=49125"}],"curies":[{"name":"wp","href":"https:\/\/api.w.org\/{rel}","templated":true}]}}