{"id":48857,"date":"2024-04-30T20:29:50","date_gmt":"2024-04-30T23:29:50","guid":{"rendered":"https:\/\/p31noticias.com.br\/ibaneis-anuncia-promocao-de-111-bombeiros-militares-no-df-veja-lista\/"},"modified":"2024-04-30T20:29:50","modified_gmt":"2024-04-30T23:29:50","slug":"ibaneis-anuncia-promocao-de-111-bombeiros-militares-no-df-veja-lista","status":"publish","type":"post","link":"https:\/\/www.p31noticias.com.br\/?p=48857","title":{"rendered":"Ibaneis anuncia promo\u00e7\u00e3o de 111 bombeiros militares no DF. Veja lista"},"content":{"rendered":"<p>O governador do Distrito Federal, Ibaneis Rocha, anunciou a promo\u00e7\u00e3o de 111 bombeiros militares na capital federal. A divulga\u00e7\u00e3o foi publicada no Di\u00e1rio Oficial do DF, nesta ter\u00e7a-feira (30\/4). Leia tamb\u00e9m Distrito Federal Ibaneis assina ordem para constru\u00e7\u00e3o de hospital e promete sete UPAs Grande Angular Ibaneis manda fazer chamamento para gest\u00e3o do Instituto de [\u2026]<\/p>\n<p>O post <a href=\"https:\/\/www.delioandrade.com.br\/ibaneis-anuncia-promocao-de-111-bombeiros-militares-no-df-veja-lista\/\">Ibaneis anuncia promo\u00e7\u00e3o de 111 bombeiros militares no DF. Veja lista<\/a> apareceu primeiro em <a href=\"https:\/\/www.delioandrade.com.br\/\">Blog do D\u00c9LIO ANDRADE<\/a>.<\/p>\n","protected":false},"excerpt":{"rendered":"<p>O governador do Distrito Federal, Ibaneis Rocha, anunciou a promo\u00e7\u00e3o de 111 bombeiros militares na capital federal. A divulga\u00e7\u00e3o foi publicada no Di\u00e1rio Oficial do DF, nesta ter\u00e7a-feira (30\/4). Leia tamb\u00e9m Distrito Federal Ibaneis assina ordem para constru\u00e7\u00e3o de hospital e promete sete UPAs Grande Angular Ibaneis manda fazer chamamento para gest\u00e3o do Instituto de [&hellip;]<\/p>\n","protected":false},"author":0,"featured_media":0,"comment_status":"open","ping_status":"open","sticky":false,"template":"","format":"standard","meta":{"footnotes":""},"categories":[21],"tags":[],"class_list":{"0":"post-48857","1":"post","2":"type-post","3":"status-publish","4":"format-standard","6":"category-brasilia"},"yoast_head":"<!-- This site is optimized with the Yoast SEO Premium plugin v24.5 (Yoast SEO v27.5) - https:\/\/yoast.com\/product\/yoast-seo-premium-wordpress\/ -->\n<title>Ibaneis anuncia promo\u00e7\u00e3o de 111 bombeiros militares no DF. Veja lista - P31<\/title>\n<meta name=\"robots\" content=\"index, follow, max-snippet:-1, max-image-preview:large, max-video-preview:-1\" \/>\n<link rel=\"canonical\" href=\"https:\/\/www.p31noticias.com.br\/?p=48857\" \/>\n<meta property=\"og:locale\" content=\"pt_BR\" \/>\n<meta property=\"og:type\" content=\"article\" \/>\n<meta property=\"og:title\" content=\"Ibaneis anuncia promo\u00e7\u00e3o de 111 bombeiros militares no DF. Veja lista\" \/>\n<meta property=\"og:description\" content=\"O governador do Distrito Federal, Ibaneis Rocha, anunciou a promo\u00e7\u00e3o de 111 bombeiros militares na capital federal. A divulga\u00e7\u00e3o foi publicada no Di\u00e1rio Oficial do DF, nesta ter\u00e7a-feira (30\/4). Leia tamb\u00e9m Distrito Federal Ibaneis assina ordem para constru\u00e7\u00e3o de hospital e promete sete UPAs Grande Angular Ibaneis manda fazer chamamento para gest\u00e3o do Instituto de [&hellip;]\" \/>\n<meta property=\"og:url\" content=\"https:\/\/www.p31noticias.com.br\/?p=48857\" \/>\n<meta property=\"og:site_name\" content=\"P31\" \/>\n<meta property=\"article:published_time\" content=\"2024-04-30T23:29:50+00:00\" \/>\n<meta name=\"twitter:card\" content=\"summary_large_image\" \/>\n<script type=\"application\/ld+json\" class=\"yoast-schema-graph\">{\"@context\":\"https:\\\/\\\/schema.org\",\"@graph\":[{\"@type\":\"Article\",\"@id\":\"https:\\\/\\\/www.p31noticias.com.br\\\/?p=48857#article\",\"isPartOf\":{\"@id\":\"https:\\\/\\\/www.p31noticias.com.br\\\/?p=48857\"},\"author\":{\"name\":\"\",\"@id\":\"\"},\"headline\":\"Ibaneis anuncia promo\u00e7\u00e3o de 111 bombeiros militares no DF. Veja lista\",\"datePublished\":\"2024-04-30T23:29:50+00:00\",\"mainEntityOfPage\":{\"@id\":\"https:\\\/\\\/www.p31noticias.com.br\\\/?p=48857\"},\"wordCount\":92,\"commentCount\":0,\"articleSection\":[\"Bras\u00edlia\"],\"inLanguage\":\"pt-BR\",\"potentialAction\":[{\"@type\":\"CommentAction\",\"name\":\"Comment\",\"target\":[\"https:\\\/\\\/www.p31noticias.com.br\\\/?p=48857#respond\"]}],\"copyrightYear\":\"2024\",\"copyrightHolder\":{\"@id\":\"https:\\\/\\\/www.p31noticias.com.br\\\/#organization\"}},{\"@type\":\"WebPage\",\"@id\":\"https:\\\/\\\/www.p31noticias.com.br\\\/?p=48857\",\"url\":\"https:\\\/\\\/www.p31noticias.com.br\\\/?p=48857\",\"name\":\"Ibaneis anuncia promo\u00e7\u00e3o de 111 bombeiros militares no DF. Veja lista - P31\",\"isPartOf\":{\"@id\":\"https:\\\/\\\/www.p31noticias.com.br\\\/#website\"},\"datePublished\":\"2024-04-30T23:29:50+00:00\",\"author\":{\"@id\":\"\"},\"breadcrumb\":{\"@id\":\"https:\\\/\\\/www.p31noticias.com.br\\\/?p=48857#breadcrumb\"},\"inLanguage\":\"pt-BR\",\"potentialAction\":[{\"@type\":\"ReadAction\",\"target\":[\"https:\\\/\\\/www.p31noticias.com.br\\\/?p=48857\"]}]},{\"@type\":\"BreadcrumbList\",\"@id\":\"https:\\\/\\\/www.p31noticias.com.br\\\/?p=48857#breadcrumb\",\"itemListElement\":[{\"@type\":\"ListItem\",\"position\":1,\"name\":\"In\u00edcio\",\"item\":\"https:\\\/\\\/www.p31noticias.com.br\\\/\"},{\"@type\":\"ListItem\",\"position\":2,\"name\":\"Ibaneis anuncia promo\u00e7\u00e3o de 111 bombeiros militares no DF. Veja lista\"}]},{\"@type\":\"WebSite\",\"@id\":\"https:\\\/\\\/www.p31noticias.com.br\\\/#website\",\"url\":\"https:\\\/\\\/www.p31noticias.com.br\\\/\",\"name\":\"P31\",\"description\":\"NOT\u00cdCIAS\",\"potentialAction\":[{\"@type\":\"SearchAction\",\"target\":{\"@type\":\"EntryPoint\",\"urlTemplate\":\"https:\\\/\\\/www.p31noticias.com.br\\\/?s={search_term_string}\"},\"query-input\":{\"@type\":\"PropertyValueSpecification\",\"valueRequired\":true,\"valueName\":\"search_term_string\"}}],\"inLanguage\":\"pt-BR\"}]}<\/script>\n<!-- \/ Yoast SEO Premium plugin. -->","yoast_head_json":{"title":"Ibaneis anuncia promo\u00e7\u00e3o de 111 bombeiros militares no DF. Veja lista - P31","robots":{"index":"index","follow":"follow","max-snippet":"max-snippet:-1","max-image-preview":"max-image-preview:large","max-video-preview":"max-video-preview:-1"},"canonical":"https:\/\/www.p31noticias.com.br\/?p=48857","og_locale":"pt_BR","og_type":"article","og_title":"Ibaneis anuncia promo\u00e7\u00e3o de 111 bombeiros militares no DF. Veja lista","og_description":"O governador do Distrito Federal, Ibaneis Rocha, anunciou a promo\u00e7\u00e3o de 111 bombeiros militares na capital federal. A divulga\u00e7\u00e3o foi publicada no Di\u00e1rio Oficial do DF, nesta ter\u00e7a-feira (30\/4). Leia tamb\u00e9m Distrito Federal Ibaneis assina ordem para constru\u00e7\u00e3o de hospital e promete sete UPAs Grande Angular Ibaneis manda fazer chamamento para gest\u00e3o do Instituto de [&hellip;]","og_url":"https:\/\/www.p31noticias.com.br\/?p=48857","og_site_name":"P31","article_published_time":"2024-04-30T23:29:50+00:00","twitter_card":"summary_large_image","schema":{"@context":"https:\/\/schema.org","@graph":[{"@type":"Article","@id":"https:\/\/www.p31noticias.com.br\/?p=48857#article","isPartOf":{"@id":"https:\/\/www.p31noticias.com.br\/?p=48857"},"author":{"name":"","@id":""},"headline":"Ibaneis anuncia promo\u00e7\u00e3o de 111 bombeiros militares no DF. Veja lista","datePublished":"2024-04-30T23:29:50+00:00","mainEntityOfPage":{"@id":"https:\/\/www.p31noticias.com.br\/?p=48857"},"wordCount":92,"commentCount":0,"articleSection":["Bras\u00edlia"],"inLanguage":"pt-BR","potentialAction":[{"@type":"CommentAction","name":"Comment","target":["https:\/\/www.p31noticias.com.br\/?p=48857#respond"]}],"copyrightYear":"2024","copyrightHolder":{"@id":"https:\/\/www.p31noticias.com.br\/#organization"}},{"@type":"WebPage","@id":"https:\/\/www.p31noticias.com.br\/?p=48857","url":"https:\/\/www.p31noticias.com.br\/?p=48857","name":"Ibaneis anuncia promo\u00e7\u00e3o de 111 bombeiros militares no DF. Veja lista - P31","isPartOf":{"@id":"https:\/\/www.p31noticias.com.br\/#website"},"datePublished":"2024-04-30T23:29:50+00:00","author":{"@id":""},"breadcrumb":{"@id":"https:\/\/www.p31noticias.com.br\/?p=48857#breadcrumb"},"inLanguage":"pt-BR","potentialAction":[{"@type":"ReadAction","target":["https:\/\/www.p31noticias.com.br\/?p=48857"]}]},{"@type":"BreadcrumbList","@id":"https:\/\/www.p31noticias.com.br\/?p=48857#breadcrumb","itemListElement":[{"@type":"ListItem","position":1,"name":"In\u00edcio","item":"https:\/\/www.p31noticias.com.br\/"},{"@type":"ListItem","position":2,"name":"Ibaneis anuncia promo\u00e7\u00e3o de 111 bombeiros militares no DF. Veja lista"}]},{"@type":"WebSite","@id":"https:\/\/www.p31noticias.com.br\/#website","url":"https:\/\/www.p31noticias.com.br\/","name":"P31","description":"NOT\u00cdCIAS","potentialAction":[{"@type":"SearchAction","target":{"@type":"EntryPoint","urlTemplate":"https:\/\/www.p31noticias.com.br\/?s={search_term_string}"},"query-input":{"@type":"PropertyValueSpecification","valueRequired":true,"valueName":"search_term_string"}}],"inLanguage":"pt-BR"}]}},"amp_enabled":true,"_links":{"self":[{"href":"https:\/\/www.p31noticias.com.br\/index.php?rest_route=\/wp\/v2\/posts\/48857","targetHints":{"allow":["GET"]}}],"collection":[{"href":"https:\/\/www.p31noticias.com.br\/index.php?rest_route=\/wp\/v2\/posts"}],"about":[{"href":"https:\/\/www.p31noticias.com.br\/index.php?rest_route=\/wp\/v2\/types\/post"}],"replies":[{"embeddable":true,"href":"https:\/\/www.p31noticias.com.br\/index.php?rest_route=%2Fwp%2Fv2%2Fcomments&post=48857"}],"version-history":[{"count":0,"href":"https:\/\/www.p31noticias.com.br\/index.php?rest_route=\/wp\/v2\/posts\/48857\/revisions"}],"wp:attachment":[{"href":"https:\/\/www.p31noticias.com.br\/index.php?rest_route=%2Fwp%2Fv2%2Fmedia&parent=48857"}],"wp:term":[{"taxonomy":"category","embeddable":true,"href":"https:\/\/www.p31noticias.com.br\/index.php?rest_route=%2Fwp%2Fv2%2Fcategories&post=48857"},{"taxonomy":"post_tag","embeddable":true,"href":"https:\/\/www.p31noticias.com.br\/index.php?rest_route=%2Fwp%2Fv2%2Ftags&post=48857"}],"curies":[{"name":"wp","href":"https:\/\/api.w.org\/{rel}","templated":true}]}}