{"id":48853,"date":"2024-04-30T20:29:49","date_gmt":"2024-04-30T23:29:49","guid":{"rendered":"https:\/\/p31noticias.com.br\/cepi-da-vila-telebrasilia-vai-levar-educacao-de-qualidade-as-criancas-da-regiao\/"},"modified":"2024-04-30T20:29:49","modified_gmt":"2024-04-30T23:29:49","slug":"cepi-da-vila-telebrasilia-vai-levar-educacao-de-qualidade-as-criancas-da-regiao","status":"publish","type":"post","link":"https:\/\/www.p31noticias.com.br\/?p=48853","title":{"rendered":"Cepi da Vila Telebras\u00edlia vai levar educa\u00e7\u00e3o de qualidade \u00e0s crian\u00e7as da regi\u00e3o"},"content":{"rendered":"<p>A constru\u00e7\u00e3o do Centro de Educa\u00e7\u00e3o da Primeira Inf\u00e2ncia (Cepi) da Vila Telebras\u00edlia, no Plano Piloto, est\u00e1 em fase avan\u00e7ada. A nova unidade, foi projetada para fornecer ambientes educacionais de alta qualidade para crian\u00e7as entre 0 e 5 anos e 11 meses. O projeto \u00e9 gerenciado pela Companhia Urbanizadora da Nova Capital (Novacap). \u201cA obra [\u2026]<\/p>\n<p>O post <a href=\"https:\/\/www.delioandrade.com.br\/cepi-da-vila-telebrasilia-vai-levar-educacao-de-qualidade-as-criancas-da-regiao\/\">Cepi da Vila Telebras\u00edlia vai levar educa\u00e7\u00e3o de qualidade \u00e0s crian\u00e7as da regi\u00e3o<\/a> apareceu primeiro em <a href=\"https:\/\/www.delioandrade.com.br\/\">Blog do D\u00c9LIO ANDRADE<\/a>.<\/p>\n","protected":false},"excerpt":{"rendered":"<p>A constru\u00e7\u00e3o do Centro de Educa\u00e7\u00e3o da Primeira Inf\u00e2ncia (Cepi) da Vila Telebras\u00edlia, no Plano Piloto, est\u00e1 em fase avan\u00e7ada. A nova unidade, foi projetada para fornecer ambientes educacionais de alta qualidade para crian\u00e7as entre 0 e 5 anos e 11 meses. O projeto \u00e9 gerenciado pela Companhia Urbanizadora da Nova Capital (Novacap). \u201cA obra [&hellip;]<\/p>\n","protected":false},"author":0,"featured_media":48854,"comment_status":"open","ping_status":"open","sticky":false,"template":"","format":"standard","meta":{"footnotes":""},"categories":[21],"tags":[],"class_list":{"0":"post-48853","1":"post","2":"type-post","3":"status-publish","4":"format-standard","5":"has-post-thumbnail","7":"category-brasilia"},"yoast_head":"<!-- This site is optimized with the Yoast SEO Premium plugin v24.5 (Yoast SEO v27.5) - https:\/\/yoast.com\/product\/yoast-seo-premium-wordpress\/ -->\n<title>Cepi da Vila Telebras\u00edlia vai levar educa\u00e7\u00e3o de qualidade \u00e0s crian\u00e7as da regi\u00e3o - P31<\/title>\n<meta name=\"robots\" content=\"index, follow, max-snippet:-1, max-image-preview:large, max-video-preview:-1\" \/>\n<link rel=\"canonical\" href=\"https:\/\/www.p31noticias.com.br\/?p=48853\" \/>\n<meta property=\"og:locale\" content=\"pt_BR\" \/>\n<meta property=\"og:type\" content=\"article\" \/>\n<meta property=\"og:title\" content=\"Cepi da Vila Telebras\u00edlia vai levar educa\u00e7\u00e3o de qualidade \u00e0s crian\u00e7as da regi\u00e3o\" \/>\n<meta property=\"og:description\" content=\"A constru\u00e7\u00e3o do Centro de Educa\u00e7\u00e3o da Primeira Inf\u00e2ncia (Cepi) da Vila Telebras\u00edlia, no Plano Piloto, est\u00e1 em fase avan\u00e7ada. A nova unidade, foi projetada para fornecer ambientes educacionais de alta qualidade para crian\u00e7as entre 0 e 5 anos e 11 meses. O projeto \u00e9 gerenciado pela Companhia Urbanizadora da Nova Capital (Novacap). \u201cA obra [&hellip;]\" \/>\n<meta property=\"og:url\" content=\"https:\/\/www.p31noticias.com.br\/?p=48853\" \/>\n<meta property=\"og:site_name\" content=\"P31\" \/>\n<meta property=\"article:published_time\" content=\"2024-04-30T23:29:49+00:00\" \/>\n<meta property=\"og:image\" content=\"https:\/\/www.p31noticias.com.br\/wp-content\/uploads\/2024\/04\/52567369355_67bfadf2a7_k-1-TXsWQW-150x150-OcGiZf.jpeg\" \/>\n\t<meta property=\"og:image:width\" content=\"150\" \/>\n\t<meta property=\"og:image:height\" content=\"150\" \/>\n\t<meta property=\"og:image:type\" content=\"image\/jpeg\" \/>\n<meta name=\"twitter:card\" content=\"summary_large_image\" \/>\n<script type=\"application\/ld+json\" class=\"yoast-schema-graph\">{\"@context\":\"https:\\\/\\\/schema.org\",\"@graph\":[{\"@type\":\"Article\",\"@id\":\"https:\\\/\\\/www.p31noticias.com.br\\\/?p=48853#article\",\"isPartOf\":{\"@id\":\"https:\\\/\\\/www.p31noticias.com.br\\\/?p=48853\"},\"author\":{\"name\":\"\",\"@id\":\"\"},\"headline\":\"Cepi da Vila Telebras\u00edlia vai levar educa\u00e7\u00e3o de qualidade \u00e0s crian\u00e7as da regi\u00e3o\",\"datePublished\":\"2024-04-30T23:29:49+00:00\",\"mainEntityOfPage\":{\"@id\":\"https:\\\/\\\/www.p31noticias.com.br\\\/?p=48853\"},\"wordCount\":101,\"commentCount\":0,\"image\":{\"@id\":\"https:\\\/\\\/www.p31noticias.com.br\\\/?p=48853#primaryimage\"},\"thumbnailUrl\":\"https:\\\/\\\/www.p31noticias.com.br\\\/wp-content\\\/uploads\\\/2024\\\/04\\\/52567369355_67bfadf2a7_k-1-TXsWQW-150x150-OcGiZf.jpeg\",\"articleSection\":[\"Bras\u00edlia\"],\"inLanguage\":\"pt-BR\",\"potentialAction\":[{\"@type\":\"CommentAction\",\"name\":\"Comment\",\"target\":[\"https:\\\/\\\/www.p31noticias.com.br\\\/?p=48853#respond\"]}],\"copyrightYear\":\"2024\",\"copyrightHolder\":{\"@id\":\"https:\\\/\\\/www.p31noticias.com.br\\\/#organization\"}},{\"@type\":\"WebPage\",\"@id\":\"https:\\\/\\\/www.p31noticias.com.br\\\/?p=48853\",\"url\":\"https:\\\/\\\/www.p31noticias.com.br\\\/?p=48853\",\"name\":\"Cepi da Vila Telebras\u00edlia vai levar educa\u00e7\u00e3o de qualidade \u00e0s crian\u00e7as da regi\u00e3o - P31\",\"isPartOf\":{\"@id\":\"https:\\\/\\\/www.p31noticias.com.br\\\/#website\"},\"primaryImageOfPage\":{\"@id\":\"https:\\\/\\\/www.p31noticias.com.br\\\/?p=48853#primaryimage\"},\"image\":{\"@id\":\"https:\\\/\\\/www.p31noticias.com.br\\\/?p=48853#primaryimage\"},\"thumbnailUrl\":\"https:\\\/\\\/www.p31noticias.com.br\\\/wp-content\\\/uploads\\\/2024\\\/04\\\/52567369355_67bfadf2a7_k-1-TXsWQW-150x150-OcGiZf.jpeg\",\"datePublished\":\"2024-04-30T23:29:49+00:00\",\"author\":{\"@id\":\"\"},\"breadcrumb\":{\"@id\":\"https:\\\/\\\/www.p31noticias.com.br\\\/?p=48853#breadcrumb\"},\"inLanguage\":\"pt-BR\",\"potentialAction\":[{\"@type\":\"ReadAction\",\"target\":[\"https:\\\/\\\/www.p31noticias.com.br\\\/?p=48853\"]}]},{\"@type\":\"ImageObject\",\"inLanguage\":\"pt-BR\",\"@id\":\"https:\\\/\\\/www.p31noticias.com.br\\\/?p=48853#primaryimage\",\"url\":\"https:\\\/\\\/www.p31noticias.com.br\\\/wp-content\\\/uploads\\\/2024\\\/04\\\/52567369355_67bfadf2a7_k-1-TXsWQW-150x150-OcGiZf.jpeg\",\"contentUrl\":\"https:\\\/\\\/www.p31noticias.com.br\\\/wp-content\\\/uploads\\\/2024\\\/04\\\/52567369355_67bfadf2a7_k-1-TXsWQW-150x150-OcGiZf.jpeg\",\"width\":150,\"height\":150},{\"@type\":\"BreadcrumbList\",\"@id\":\"https:\\\/\\\/www.p31noticias.com.br\\\/?p=48853#breadcrumb\",\"itemListElement\":[{\"@type\":\"ListItem\",\"position\":1,\"name\":\"In\u00edcio\",\"item\":\"https:\\\/\\\/www.p31noticias.com.br\\\/\"},{\"@type\":\"ListItem\",\"position\":2,\"name\":\"Cepi da Vila Telebras\u00edlia vai levar educa\u00e7\u00e3o de qualidade \u00e0s crian\u00e7as da regi\u00e3o\"}]},{\"@type\":\"WebSite\",\"@id\":\"https:\\\/\\\/www.p31noticias.com.br\\\/#website\",\"url\":\"https:\\\/\\\/www.p31noticias.com.br\\\/\",\"name\":\"P31\",\"description\":\"NOT\u00cdCIAS\",\"potentialAction\":[{\"@type\":\"SearchAction\",\"target\":{\"@type\":\"EntryPoint\",\"urlTemplate\":\"https:\\\/\\\/www.p31noticias.com.br\\\/?s={search_term_string}\"},\"query-input\":{\"@type\":\"PropertyValueSpecification\",\"valueRequired\":true,\"valueName\":\"search_term_string\"}}],\"inLanguage\":\"pt-BR\"}]}<\/script>\n<!-- \/ Yoast SEO Premium plugin. -->","yoast_head_json":{"title":"Cepi da Vila Telebras\u00edlia vai levar educa\u00e7\u00e3o de qualidade \u00e0s crian\u00e7as da regi\u00e3o - P31","robots":{"index":"index","follow":"follow","max-snippet":"max-snippet:-1","max-image-preview":"max-image-preview:large","max-video-preview":"max-video-preview:-1"},"canonical":"https:\/\/www.p31noticias.com.br\/?p=48853","og_locale":"pt_BR","og_type":"article","og_title":"Cepi da Vila Telebras\u00edlia vai levar educa\u00e7\u00e3o de qualidade \u00e0s crian\u00e7as da regi\u00e3o","og_description":"A constru\u00e7\u00e3o do Centro de Educa\u00e7\u00e3o da Primeira Inf\u00e2ncia (Cepi) da Vila Telebras\u00edlia, no Plano Piloto, est\u00e1 em fase avan\u00e7ada. A nova unidade, foi projetada para fornecer ambientes educacionais de alta qualidade para crian\u00e7as entre 0 e 5 anos e 11 meses. O projeto \u00e9 gerenciado pela Companhia Urbanizadora da Nova Capital (Novacap). \u201cA obra [&hellip;]","og_url":"https:\/\/www.p31noticias.com.br\/?p=48853","og_site_name":"P31","article_published_time":"2024-04-30T23:29:49+00:00","og_image":[{"width":150,"height":150,"url":"https:\/\/www.p31noticias.com.br\/wp-content\/uploads\/2024\/04\/52567369355_67bfadf2a7_k-1-TXsWQW-150x150-OcGiZf.jpeg","type":"image\/jpeg"}],"twitter_card":"summary_large_image","schema":{"@context":"https:\/\/schema.org","@graph":[{"@type":"Article","@id":"https:\/\/www.p31noticias.com.br\/?p=48853#article","isPartOf":{"@id":"https:\/\/www.p31noticias.com.br\/?p=48853"},"author":{"name":"","@id":""},"headline":"Cepi da Vila Telebras\u00edlia vai levar educa\u00e7\u00e3o de qualidade \u00e0s crian\u00e7as da regi\u00e3o","datePublished":"2024-04-30T23:29:49+00:00","mainEntityOfPage":{"@id":"https:\/\/www.p31noticias.com.br\/?p=48853"},"wordCount":101,"commentCount":0,"image":{"@id":"https:\/\/www.p31noticias.com.br\/?p=48853#primaryimage"},"thumbnailUrl":"https:\/\/www.p31noticias.com.br\/wp-content\/uploads\/2024\/04\/52567369355_67bfadf2a7_k-1-TXsWQW-150x150-OcGiZf.jpeg","articleSection":["Bras\u00edlia"],"inLanguage":"pt-BR","potentialAction":[{"@type":"CommentAction","name":"Comment","target":["https:\/\/www.p31noticias.com.br\/?p=48853#respond"]}],"copyrightYear":"2024","copyrightHolder":{"@id":"https:\/\/www.p31noticias.com.br\/#organization"}},{"@type":"WebPage","@id":"https:\/\/www.p31noticias.com.br\/?p=48853","url":"https:\/\/www.p31noticias.com.br\/?p=48853","name":"Cepi da Vila Telebras\u00edlia vai levar educa\u00e7\u00e3o de qualidade \u00e0s crian\u00e7as da regi\u00e3o - P31","isPartOf":{"@id":"https:\/\/www.p31noticias.com.br\/#website"},"primaryImageOfPage":{"@id":"https:\/\/www.p31noticias.com.br\/?p=48853#primaryimage"},"image":{"@id":"https:\/\/www.p31noticias.com.br\/?p=48853#primaryimage"},"thumbnailUrl":"https:\/\/www.p31noticias.com.br\/wp-content\/uploads\/2024\/04\/52567369355_67bfadf2a7_k-1-TXsWQW-150x150-OcGiZf.jpeg","datePublished":"2024-04-30T23:29:49+00:00","author":{"@id":""},"breadcrumb":{"@id":"https:\/\/www.p31noticias.com.br\/?p=48853#breadcrumb"},"inLanguage":"pt-BR","potentialAction":[{"@type":"ReadAction","target":["https:\/\/www.p31noticias.com.br\/?p=48853"]}]},{"@type":"ImageObject","inLanguage":"pt-BR","@id":"https:\/\/www.p31noticias.com.br\/?p=48853#primaryimage","url":"https:\/\/www.p31noticias.com.br\/wp-content\/uploads\/2024\/04\/52567369355_67bfadf2a7_k-1-TXsWQW-150x150-OcGiZf.jpeg","contentUrl":"https:\/\/www.p31noticias.com.br\/wp-content\/uploads\/2024\/04\/52567369355_67bfadf2a7_k-1-TXsWQW-150x150-OcGiZf.jpeg","width":150,"height":150},{"@type":"BreadcrumbList","@id":"https:\/\/www.p31noticias.com.br\/?p=48853#breadcrumb","itemListElement":[{"@type":"ListItem","position":1,"name":"In\u00edcio","item":"https:\/\/www.p31noticias.com.br\/"},{"@type":"ListItem","position":2,"name":"Cepi da Vila Telebras\u00edlia vai levar educa\u00e7\u00e3o de qualidade \u00e0s crian\u00e7as da regi\u00e3o"}]},{"@type":"WebSite","@id":"https:\/\/www.p31noticias.com.br\/#website","url":"https:\/\/www.p31noticias.com.br\/","name":"P31","description":"NOT\u00cdCIAS","potentialAction":[{"@type":"SearchAction","target":{"@type":"EntryPoint","urlTemplate":"https:\/\/www.p31noticias.com.br\/?s={search_term_string}"},"query-input":{"@type":"PropertyValueSpecification","valueRequired":true,"valueName":"search_term_string"}}],"inLanguage":"pt-BR"}]}},"amp_enabled":true,"_links":{"self":[{"href":"https:\/\/www.p31noticias.com.br\/index.php?rest_route=\/wp\/v2\/posts\/48853","targetHints":{"allow":["GET"]}}],"collection":[{"href":"https:\/\/www.p31noticias.com.br\/index.php?rest_route=\/wp\/v2\/posts"}],"about":[{"href":"https:\/\/www.p31noticias.com.br\/index.php?rest_route=\/wp\/v2\/types\/post"}],"replies":[{"embeddable":true,"href":"https:\/\/www.p31noticias.com.br\/index.php?rest_route=%2Fwp%2Fv2%2Fcomments&post=48853"}],"version-history":[{"count":0,"href":"https:\/\/www.p31noticias.com.br\/index.php?rest_route=\/wp\/v2\/posts\/48853\/revisions"}],"wp:featuredmedia":[{"embeddable":true,"href":"https:\/\/www.p31noticias.com.br\/index.php?rest_route=\/wp\/v2\/media\/48854"}],"wp:attachment":[{"href":"https:\/\/www.p31noticias.com.br\/index.php?rest_route=%2Fwp%2Fv2%2Fmedia&parent=48853"}],"wp:term":[{"taxonomy":"category","embeddable":true,"href":"https:\/\/www.p31noticias.com.br\/index.php?rest_route=%2Fwp%2Fv2%2Fcategories&post=48853"},{"taxonomy":"post_tag","embeddable":true,"href":"https:\/\/www.p31noticias.com.br\/index.php?rest_route=%2Fwp%2Fv2%2Ftags&post=48853"}],"curies":[{"name":"wp","href":"https:\/\/api.w.org\/{rel}","templated":true}]}}