{"id":48851,"date":"2024-04-30T20:29:49","date_gmt":"2024-04-30T23:29:49","guid":{"rendered":"https:\/\/p31noticias.com.br\/escola-de-planaltina-recebe-mais-de-250-atendimentos-juridicos-da-dpdf\/"},"modified":"2024-04-30T20:29:49","modified_gmt":"2024-04-30T23:29:49","slug":"escola-de-planaltina-recebe-mais-de-250-atendimentos-juridicos-da-dpdf","status":"publish","type":"post","link":"https:\/\/www.p31noticias.com.br\/?p=48851","title":{"rendered":"Escola de Planaltina recebe mais de 250 atendimentos jur\u00eddicos da DPDF"},"content":{"rendered":"<p>A nova Unidade M\u00f3vel de Atendimento Itinerante da Defensoria P\u00fablica do Distrito Federal (DPDF), exclusiva para atendimentos nas escolas p\u00fablicas, realizou mais de 250 atendimentos em Planaltina durante a inaugura\u00e7\u00e3o. O evento, realizado no Centro de Ensino M\u00e9dio 1 (Centr\u00e3o) na segunda (29) e na ter\u00e7a-feira (30), teve como intuito oferecer servi\u00e7os jur\u00eddicos diretamente aos [\u2026]<\/p>\n<p>O post <a href=\"https:\/\/www.delioandrade.com.br\/escola-de-planaltina-recebe-mais-de-250-atendimentos-juridicos-da-dpdf\/\">Escola de Planaltina recebe mais de 250 atendimentos jur\u00eddicos da DPDF<\/a> apareceu primeiro em <a href=\"https:\/\/www.delioandrade.com.br\/\">Blog do D\u00c9LIO ANDRADE<\/a>.<\/p>\n","protected":false},"excerpt":{"rendered":"<p>A nova Unidade M\u00f3vel de Atendimento Itinerante da Defensoria P\u00fablica do Distrito Federal (DPDF), exclusiva para atendimentos nas escolas p\u00fablicas, realizou mais de 250 atendimentos em Planaltina durante a inaugura\u00e7\u00e3o. O evento, realizado no Centro de Ensino M\u00e9dio 1 (Centr\u00e3o) na segunda (29) e na ter\u00e7a-feira (30), teve como intuito oferecer servi\u00e7os jur\u00eddicos diretamente aos [&hellip;]<\/p>\n","protected":false},"author":0,"featured_media":48852,"comment_status":"open","ping_status":"open","sticky":false,"template":"","format":"standard","meta":{"footnotes":""},"categories":[21],"tags":[],"class_list":{"0":"post-48851","1":"post","2":"type-post","3":"status-publish","4":"format-standard","5":"has-post-thumbnail","7":"category-brasilia"},"yoast_head":"<!-- This site is optimized with the Yoast SEO Premium plugin v24.5 (Yoast SEO v27.5) - https:\/\/yoast.com\/product\/yoast-seo-premium-wordpress\/ -->\n<title>Escola de Planaltina recebe mais de 250 atendimentos jur\u00eddicos da DPDF - P31<\/title>\n<meta name=\"robots\" content=\"index, follow, max-snippet:-1, max-image-preview:large, max-video-preview:-1\" \/>\n<link rel=\"canonical\" href=\"https:\/\/www.p31noticias.com.br\/?p=48851\" \/>\n<meta property=\"og:locale\" content=\"pt_BR\" \/>\n<meta property=\"og:type\" content=\"article\" \/>\n<meta property=\"og:title\" content=\"Escola de Planaltina recebe mais de 250 atendimentos jur\u00eddicos da DPDF\" \/>\n<meta property=\"og:description\" content=\"A nova Unidade M\u00f3vel de Atendimento Itinerante da Defensoria P\u00fablica do Distrito Federal (DPDF), exclusiva para atendimentos nas escolas p\u00fablicas, realizou mais de 250 atendimentos em Planaltina durante a inaugura\u00e7\u00e3o. O evento, realizado no Centro de Ensino M\u00e9dio 1 (Centr\u00e3o) na segunda (29) e na ter\u00e7a-feira (30), teve como intuito oferecer servi\u00e7os jur\u00eddicos diretamente aos [&hellip;]\" \/>\n<meta property=\"og:url\" content=\"https:\/\/www.p31noticias.com.br\/?p=48851\" \/>\n<meta property=\"og:site_name\" content=\"P31\" \/>\n<meta property=\"article:published_time\" content=\"2024-04-30T23:29:49+00:00\" \/>\n<meta property=\"og:image\" content=\"https:\/\/www.p31noticias.com.br\/wp-content\/uploads\/2024\/04\/defensoria-nas-escolas-1-KDnf7H-150x150-A9vUZz.jpeg\" \/>\n\t<meta property=\"og:image:width\" content=\"150\" \/>\n\t<meta property=\"og:image:height\" content=\"150\" \/>\n\t<meta property=\"og:image:type\" content=\"image\/jpeg\" \/>\n<meta name=\"twitter:card\" content=\"summary_large_image\" \/>\n<script type=\"application\/ld+json\" class=\"yoast-schema-graph\">{\"@context\":\"https:\\\/\\\/schema.org\",\"@graph\":[{\"@type\":\"Article\",\"@id\":\"https:\\\/\\\/www.p31noticias.com.br\\\/?p=48851#article\",\"isPartOf\":{\"@id\":\"https:\\\/\\\/www.p31noticias.com.br\\\/?p=48851\"},\"author\":{\"name\":\"\",\"@id\":\"\"},\"headline\":\"Escola de Planaltina recebe mais de 250 atendimentos jur\u00eddicos da DPDF\",\"datePublished\":\"2024-04-30T23:29:49+00:00\",\"mainEntityOfPage\":{\"@id\":\"https:\\\/\\\/www.p31noticias.com.br\\\/?p=48851\"},\"wordCount\":92,\"commentCount\":0,\"image\":{\"@id\":\"https:\\\/\\\/www.p31noticias.com.br\\\/?p=48851#primaryimage\"},\"thumbnailUrl\":\"https:\\\/\\\/www.p31noticias.com.br\\\/wp-content\\\/uploads\\\/2024\\\/04\\\/defensoria-nas-escolas-1-KDnf7H-150x150-A9vUZz.jpeg\",\"articleSection\":[\"Bras\u00edlia\"],\"inLanguage\":\"pt-BR\",\"potentialAction\":[{\"@type\":\"CommentAction\",\"name\":\"Comment\",\"target\":[\"https:\\\/\\\/www.p31noticias.com.br\\\/?p=48851#respond\"]}],\"copyrightYear\":\"2024\",\"copyrightHolder\":{\"@id\":\"https:\\\/\\\/www.p31noticias.com.br\\\/#organization\"}},{\"@type\":\"WebPage\",\"@id\":\"https:\\\/\\\/www.p31noticias.com.br\\\/?p=48851\",\"url\":\"https:\\\/\\\/www.p31noticias.com.br\\\/?p=48851\",\"name\":\"Escola de Planaltina recebe mais de 250 atendimentos jur\u00eddicos da DPDF - P31\",\"isPartOf\":{\"@id\":\"https:\\\/\\\/www.p31noticias.com.br\\\/#website\"},\"primaryImageOfPage\":{\"@id\":\"https:\\\/\\\/www.p31noticias.com.br\\\/?p=48851#primaryimage\"},\"image\":{\"@id\":\"https:\\\/\\\/www.p31noticias.com.br\\\/?p=48851#primaryimage\"},\"thumbnailUrl\":\"https:\\\/\\\/www.p31noticias.com.br\\\/wp-content\\\/uploads\\\/2024\\\/04\\\/defensoria-nas-escolas-1-KDnf7H-150x150-A9vUZz.jpeg\",\"datePublished\":\"2024-04-30T23:29:49+00:00\",\"author\":{\"@id\":\"\"},\"breadcrumb\":{\"@id\":\"https:\\\/\\\/www.p31noticias.com.br\\\/?p=48851#breadcrumb\"},\"inLanguage\":\"pt-BR\",\"potentialAction\":[{\"@type\":\"ReadAction\",\"target\":[\"https:\\\/\\\/www.p31noticias.com.br\\\/?p=48851\"]}]},{\"@type\":\"ImageObject\",\"inLanguage\":\"pt-BR\",\"@id\":\"https:\\\/\\\/www.p31noticias.com.br\\\/?p=48851#primaryimage\",\"url\":\"https:\\\/\\\/www.p31noticias.com.br\\\/wp-content\\\/uploads\\\/2024\\\/04\\\/defensoria-nas-escolas-1-KDnf7H-150x150-A9vUZz.jpeg\",\"contentUrl\":\"https:\\\/\\\/www.p31noticias.com.br\\\/wp-content\\\/uploads\\\/2024\\\/04\\\/defensoria-nas-escolas-1-KDnf7H-150x150-A9vUZz.jpeg\",\"width\":150,\"height\":150},{\"@type\":\"BreadcrumbList\",\"@id\":\"https:\\\/\\\/www.p31noticias.com.br\\\/?p=48851#breadcrumb\",\"itemListElement\":[{\"@type\":\"ListItem\",\"position\":1,\"name\":\"In\u00edcio\",\"item\":\"https:\\\/\\\/www.p31noticias.com.br\\\/\"},{\"@type\":\"ListItem\",\"position\":2,\"name\":\"Escola de Planaltina recebe mais de 250 atendimentos jur\u00eddicos da DPDF\"}]},{\"@type\":\"WebSite\",\"@id\":\"https:\\\/\\\/www.p31noticias.com.br\\\/#website\",\"url\":\"https:\\\/\\\/www.p31noticias.com.br\\\/\",\"name\":\"P31\",\"description\":\"NOT\u00cdCIAS\",\"potentialAction\":[{\"@type\":\"SearchAction\",\"target\":{\"@type\":\"EntryPoint\",\"urlTemplate\":\"https:\\\/\\\/www.p31noticias.com.br\\\/?s={search_term_string}\"},\"query-input\":{\"@type\":\"PropertyValueSpecification\",\"valueRequired\":true,\"valueName\":\"search_term_string\"}}],\"inLanguage\":\"pt-BR\"}]}<\/script>\n<!-- \/ Yoast SEO Premium plugin. -->","yoast_head_json":{"title":"Escola de Planaltina recebe mais de 250 atendimentos jur\u00eddicos da DPDF - P31","robots":{"index":"index","follow":"follow","max-snippet":"max-snippet:-1","max-image-preview":"max-image-preview:large","max-video-preview":"max-video-preview:-1"},"canonical":"https:\/\/www.p31noticias.com.br\/?p=48851","og_locale":"pt_BR","og_type":"article","og_title":"Escola de Planaltina recebe mais de 250 atendimentos jur\u00eddicos da DPDF","og_description":"A nova Unidade M\u00f3vel de Atendimento Itinerante da Defensoria P\u00fablica do Distrito Federal (DPDF), exclusiva para atendimentos nas escolas p\u00fablicas, realizou mais de 250 atendimentos em Planaltina durante a inaugura\u00e7\u00e3o. O evento, realizado no Centro de Ensino M\u00e9dio 1 (Centr\u00e3o) na segunda (29) e na ter\u00e7a-feira (30), teve como intuito oferecer servi\u00e7os jur\u00eddicos diretamente aos [&hellip;]","og_url":"https:\/\/www.p31noticias.com.br\/?p=48851","og_site_name":"P31","article_published_time":"2024-04-30T23:29:49+00:00","og_image":[{"width":150,"height":150,"url":"https:\/\/www.p31noticias.com.br\/wp-content\/uploads\/2024\/04\/defensoria-nas-escolas-1-KDnf7H-150x150-A9vUZz.jpeg","type":"image\/jpeg"}],"twitter_card":"summary_large_image","schema":{"@context":"https:\/\/schema.org","@graph":[{"@type":"Article","@id":"https:\/\/www.p31noticias.com.br\/?p=48851#article","isPartOf":{"@id":"https:\/\/www.p31noticias.com.br\/?p=48851"},"author":{"name":"","@id":""},"headline":"Escola de Planaltina recebe mais de 250 atendimentos jur\u00eddicos da DPDF","datePublished":"2024-04-30T23:29:49+00:00","mainEntityOfPage":{"@id":"https:\/\/www.p31noticias.com.br\/?p=48851"},"wordCount":92,"commentCount":0,"image":{"@id":"https:\/\/www.p31noticias.com.br\/?p=48851#primaryimage"},"thumbnailUrl":"https:\/\/www.p31noticias.com.br\/wp-content\/uploads\/2024\/04\/defensoria-nas-escolas-1-KDnf7H-150x150-A9vUZz.jpeg","articleSection":["Bras\u00edlia"],"inLanguage":"pt-BR","potentialAction":[{"@type":"CommentAction","name":"Comment","target":["https:\/\/www.p31noticias.com.br\/?p=48851#respond"]}],"copyrightYear":"2024","copyrightHolder":{"@id":"https:\/\/www.p31noticias.com.br\/#organization"}},{"@type":"WebPage","@id":"https:\/\/www.p31noticias.com.br\/?p=48851","url":"https:\/\/www.p31noticias.com.br\/?p=48851","name":"Escola de Planaltina recebe mais de 250 atendimentos jur\u00eddicos da DPDF - P31","isPartOf":{"@id":"https:\/\/www.p31noticias.com.br\/#website"},"primaryImageOfPage":{"@id":"https:\/\/www.p31noticias.com.br\/?p=48851#primaryimage"},"image":{"@id":"https:\/\/www.p31noticias.com.br\/?p=48851#primaryimage"},"thumbnailUrl":"https:\/\/www.p31noticias.com.br\/wp-content\/uploads\/2024\/04\/defensoria-nas-escolas-1-KDnf7H-150x150-A9vUZz.jpeg","datePublished":"2024-04-30T23:29:49+00:00","author":{"@id":""},"breadcrumb":{"@id":"https:\/\/www.p31noticias.com.br\/?p=48851#breadcrumb"},"inLanguage":"pt-BR","potentialAction":[{"@type":"ReadAction","target":["https:\/\/www.p31noticias.com.br\/?p=48851"]}]},{"@type":"ImageObject","inLanguage":"pt-BR","@id":"https:\/\/www.p31noticias.com.br\/?p=48851#primaryimage","url":"https:\/\/www.p31noticias.com.br\/wp-content\/uploads\/2024\/04\/defensoria-nas-escolas-1-KDnf7H-150x150-A9vUZz.jpeg","contentUrl":"https:\/\/www.p31noticias.com.br\/wp-content\/uploads\/2024\/04\/defensoria-nas-escolas-1-KDnf7H-150x150-A9vUZz.jpeg","width":150,"height":150},{"@type":"BreadcrumbList","@id":"https:\/\/www.p31noticias.com.br\/?p=48851#breadcrumb","itemListElement":[{"@type":"ListItem","position":1,"name":"In\u00edcio","item":"https:\/\/www.p31noticias.com.br\/"},{"@type":"ListItem","position":2,"name":"Escola de Planaltina recebe mais de 250 atendimentos jur\u00eddicos da DPDF"}]},{"@type":"WebSite","@id":"https:\/\/www.p31noticias.com.br\/#website","url":"https:\/\/www.p31noticias.com.br\/","name":"P31","description":"NOT\u00cdCIAS","potentialAction":[{"@type":"SearchAction","target":{"@type":"EntryPoint","urlTemplate":"https:\/\/www.p31noticias.com.br\/?s={search_term_string}"},"query-input":{"@type":"PropertyValueSpecification","valueRequired":true,"valueName":"search_term_string"}}],"inLanguage":"pt-BR"}]}},"amp_enabled":true,"_links":{"self":[{"href":"https:\/\/www.p31noticias.com.br\/index.php?rest_route=\/wp\/v2\/posts\/48851","targetHints":{"allow":["GET"]}}],"collection":[{"href":"https:\/\/www.p31noticias.com.br\/index.php?rest_route=\/wp\/v2\/posts"}],"about":[{"href":"https:\/\/www.p31noticias.com.br\/index.php?rest_route=\/wp\/v2\/types\/post"}],"replies":[{"embeddable":true,"href":"https:\/\/www.p31noticias.com.br\/index.php?rest_route=%2Fwp%2Fv2%2Fcomments&post=48851"}],"version-history":[{"count":0,"href":"https:\/\/www.p31noticias.com.br\/index.php?rest_route=\/wp\/v2\/posts\/48851\/revisions"}],"wp:featuredmedia":[{"embeddable":true,"href":"https:\/\/www.p31noticias.com.br\/index.php?rest_route=\/wp\/v2\/media\/48852"}],"wp:attachment":[{"href":"https:\/\/www.p31noticias.com.br\/index.php?rest_route=%2Fwp%2Fv2%2Fmedia&parent=48851"}],"wp:term":[{"taxonomy":"category","embeddable":true,"href":"https:\/\/www.p31noticias.com.br\/index.php?rest_route=%2Fwp%2Fv2%2Fcategories&post=48851"},{"taxonomy":"post_tag","embeddable":true,"href":"https:\/\/www.p31noticias.com.br\/index.php?rest_route=%2Fwp%2Fv2%2Ftags&post=48851"}],"curies":[{"name":"wp","href":"https:\/\/api.w.org\/{rel}","templated":true}]}}