{"id":48850,"date":"2024-04-30T19:29:51","date_gmt":"2024-04-30T22:29:51","guid":{"rendered":"https:\/\/p31noticias.com.br\/cota-para-mulheres-na-cldf-gera-embate-daqui-a-pouco-tem-de-indio\/"},"modified":"2024-04-30T19:29:51","modified_gmt":"2024-04-30T22:29:51","slug":"cota-para-mulheres-na-cldf-gera-embate-daqui-a-pouco-tem-de-indio","status":"publish","type":"post","link":"https:\/\/www.p31noticias.com.br\/?p=48850","title":{"rendered":"Cota para mulheres na CLDF gera embate: \u201cDaqui a pouco tem de \u00edndio\u201d"},"content":{"rendered":"<p>Deputados distritais entraram em embate, nesta ter\u00e7a-feira (30\/4), na vota\u00e7\u00e3o de uma emenda a um Projeto de Resolu\u00e7\u00e3o que funcionaria como \u201ccota\u201d para mulheres parlamentares. Apresentada em conjunto pelas quatro deputadas da C\u00e2mara Legislativa do Distrito Federal (CLDF), a emenda gerou ampla discuss\u00e3o. \u201cDaqui a pouco n\u00f3s vamos ter cota de \u00edndio, cota de empres\u00e1rio, [\u2026]<\/p>\n<p>O post <a href=\"https:\/\/www.delioandrade.com.br\/cota-para-mulheres-na-cldf-gera-embate-daqui-a-pouco-tem-de-indio\/\">Cota para mulheres na CLDF gera embate: \u201cDaqui a pouco tem de \u00edndio\u201d<\/a> apareceu primeiro em <a href=\"https:\/\/www.delioandrade.com.br\/\">Blog do D\u00c9LIO ANDRADE<\/a>.<\/p>\n","protected":false},"excerpt":{"rendered":"<p>Deputados distritais entraram em embate, nesta ter\u00e7a-feira (30\/4), na vota\u00e7\u00e3o de uma emenda a um Projeto de Resolu\u00e7\u00e3o que funcionaria como \u201ccota\u201d para mulheres parlamentares. Apresentada em conjunto pelas quatro deputadas da C\u00e2mara Legislativa do Distrito Federal (CLDF), a emenda gerou ampla discuss\u00e3o. \u201cDaqui a pouco n\u00f3s vamos ter cota de \u00edndio, cota de empres\u00e1rio, [&hellip;]<\/p>\n","protected":false},"author":0,"featured_media":0,"comment_status":"open","ping_status":"open","sticky":false,"template":"","format":"standard","meta":{"footnotes":""},"categories":[21],"tags":[],"class_list":{"0":"post-48850","1":"post","2":"type-post","3":"status-publish","4":"format-standard","6":"category-brasilia"},"yoast_head":"<!-- This site is optimized with the Yoast SEO Premium plugin v24.5 (Yoast SEO v27.5) - https:\/\/yoast.com\/product\/yoast-seo-premium-wordpress\/ -->\n<title>Cota para mulheres na CLDF gera embate: \u201cDaqui a pouco tem de \u00edndio\u201d - P31<\/title>\n<meta name=\"robots\" content=\"index, follow, max-snippet:-1, max-image-preview:large, max-video-preview:-1\" \/>\n<link rel=\"canonical\" href=\"https:\/\/www.p31noticias.com.br\/?p=48850\" \/>\n<meta property=\"og:locale\" content=\"pt_BR\" \/>\n<meta property=\"og:type\" content=\"article\" \/>\n<meta property=\"og:title\" content=\"Cota para mulheres na CLDF gera embate: \u201cDaqui a pouco tem de \u00edndio\u201d\" \/>\n<meta property=\"og:description\" content=\"Deputados distritais entraram em embate, nesta ter\u00e7a-feira (30\/4), na vota\u00e7\u00e3o de uma emenda a um Projeto de Resolu\u00e7\u00e3o que funcionaria como \u201ccota\u201d para mulheres parlamentares. Apresentada em conjunto pelas quatro deputadas da C\u00e2mara Legislativa do Distrito Federal (CLDF), a emenda gerou ampla discuss\u00e3o. \u201cDaqui a pouco n\u00f3s vamos ter cota de \u00edndio, cota de empres\u00e1rio, [&hellip;]\" \/>\n<meta property=\"og:url\" content=\"https:\/\/www.p31noticias.com.br\/?p=48850\" \/>\n<meta property=\"og:site_name\" content=\"P31\" \/>\n<meta property=\"article:published_time\" content=\"2024-04-30T22:29:51+00:00\" \/>\n<meta name=\"twitter:card\" content=\"summary_large_image\" \/>\n<script type=\"application\/ld+json\" class=\"yoast-schema-graph\">{\"@context\":\"https:\\\/\\\/schema.org\",\"@graph\":[{\"@type\":\"Article\",\"@id\":\"https:\\\/\\\/www.p31noticias.com.br\\\/?p=48850#article\",\"isPartOf\":{\"@id\":\"https:\\\/\\\/www.p31noticias.com.br\\\/?p=48850\"},\"author\":{\"name\":\"\",\"@id\":\"\"},\"headline\":\"Cota para mulheres na CLDF gera embate: \u201cDaqui a pouco tem de \u00edndio\u201d\",\"datePublished\":\"2024-04-30T22:29:51+00:00\",\"mainEntityOfPage\":{\"@id\":\"https:\\\/\\\/www.p31noticias.com.br\\\/?p=48850\"},\"wordCount\":97,\"commentCount\":0,\"articleSection\":[\"Bras\u00edlia\"],\"inLanguage\":\"pt-BR\",\"potentialAction\":[{\"@type\":\"CommentAction\",\"name\":\"Comment\",\"target\":[\"https:\\\/\\\/www.p31noticias.com.br\\\/?p=48850#respond\"]}],\"copyrightYear\":\"2024\",\"copyrightHolder\":{\"@id\":\"https:\\\/\\\/www.p31noticias.com.br\\\/#organization\"}},{\"@type\":\"WebPage\",\"@id\":\"https:\\\/\\\/www.p31noticias.com.br\\\/?p=48850\",\"url\":\"https:\\\/\\\/www.p31noticias.com.br\\\/?p=48850\",\"name\":\"Cota para mulheres na CLDF gera embate: \u201cDaqui a pouco tem de \u00edndio\u201d - P31\",\"isPartOf\":{\"@id\":\"https:\\\/\\\/www.p31noticias.com.br\\\/#website\"},\"datePublished\":\"2024-04-30T22:29:51+00:00\",\"author\":{\"@id\":\"\"},\"breadcrumb\":{\"@id\":\"https:\\\/\\\/www.p31noticias.com.br\\\/?p=48850#breadcrumb\"},\"inLanguage\":\"pt-BR\",\"potentialAction\":[{\"@type\":\"ReadAction\",\"target\":[\"https:\\\/\\\/www.p31noticias.com.br\\\/?p=48850\"]}]},{\"@type\":\"BreadcrumbList\",\"@id\":\"https:\\\/\\\/www.p31noticias.com.br\\\/?p=48850#breadcrumb\",\"itemListElement\":[{\"@type\":\"ListItem\",\"position\":1,\"name\":\"In\u00edcio\",\"item\":\"https:\\\/\\\/www.p31noticias.com.br\\\/\"},{\"@type\":\"ListItem\",\"position\":2,\"name\":\"Cota para mulheres na CLDF gera embate: \u201cDaqui a pouco tem de \u00edndio\u201d\"}]},{\"@type\":\"WebSite\",\"@id\":\"https:\\\/\\\/www.p31noticias.com.br\\\/#website\",\"url\":\"https:\\\/\\\/www.p31noticias.com.br\\\/\",\"name\":\"P31\",\"description\":\"NOT\u00cdCIAS\",\"potentialAction\":[{\"@type\":\"SearchAction\",\"target\":{\"@type\":\"EntryPoint\",\"urlTemplate\":\"https:\\\/\\\/www.p31noticias.com.br\\\/?s={search_term_string}\"},\"query-input\":{\"@type\":\"PropertyValueSpecification\",\"valueRequired\":true,\"valueName\":\"search_term_string\"}}],\"inLanguage\":\"pt-BR\"}]}<\/script>\n<!-- \/ Yoast SEO Premium plugin. -->","yoast_head_json":{"title":"Cota para mulheres na CLDF gera embate: \u201cDaqui a pouco tem de \u00edndio\u201d - P31","robots":{"index":"index","follow":"follow","max-snippet":"max-snippet:-1","max-image-preview":"max-image-preview:large","max-video-preview":"max-video-preview:-1"},"canonical":"https:\/\/www.p31noticias.com.br\/?p=48850","og_locale":"pt_BR","og_type":"article","og_title":"Cota para mulheres na CLDF gera embate: \u201cDaqui a pouco tem de \u00edndio\u201d","og_description":"Deputados distritais entraram em embate, nesta ter\u00e7a-feira (30\/4), na vota\u00e7\u00e3o de uma emenda a um Projeto de Resolu\u00e7\u00e3o que funcionaria como \u201ccota\u201d para mulheres parlamentares. Apresentada em conjunto pelas quatro deputadas da C\u00e2mara Legislativa do Distrito Federal (CLDF), a emenda gerou ampla discuss\u00e3o. \u201cDaqui a pouco n\u00f3s vamos ter cota de \u00edndio, cota de empres\u00e1rio, [&hellip;]","og_url":"https:\/\/www.p31noticias.com.br\/?p=48850","og_site_name":"P31","article_published_time":"2024-04-30T22:29:51+00:00","twitter_card":"summary_large_image","schema":{"@context":"https:\/\/schema.org","@graph":[{"@type":"Article","@id":"https:\/\/www.p31noticias.com.br\/?p=48850#article","isPartOf":{"@id":"https:\/\/www.p31noticias.com.br\/?p=48850"},"author":{"name":"","@id":""},"headline":"Cota para mulheres na CLDF gera embate: \u201cDaqui a pouco tem de \u00edndio\u201d","datePublished":"2024-04-30T22:29:51+00:00","mainEntityOfPage":{"@id":"https:\/\/www.p31noticias.com.br\/?p=48850"},"wordCount":97,"commentCount":0,"articleSection":["Bras\u00edlia"],"inLanguage":"pt-BR","potentialAction":[{"@type":"CommentAction","name":"Comment","target":["https:\/\/www.p31noticias.com.br\/?p=48850#respond"]}],"copyrightYear":"2024","copyrightHolder":{"@id":"https:\/\/www.p31noticias.com.br\/#organization"}},{"@type":"WebPage","@id":"https:\/\/www.p31noticias.com.br\/?p=48850","url":"https:\/\/www.p31noticias.com.br\/?p=48850","name":"Cota para mulheres na CLDF gera embate: \u201cDaqui a pouco tem de \u00edndio\u201d - P31","isPartOf":{"@id":"https:\/\/www.p31noticias.com.br\/#website"},"datePublished":"2024-04-30T22:29:51+00:00","author":{"@id":""},"breadcrumb":{"@id":"https:\/\/www.p31noticias.com.br\/?p=48850#breadcrumb"},"inLanguage":"pt-BR","potentialAction":[{"@type":"ReadAction","target":["https:\/\/www.p31noticias.com.br\/?p=48850"]}]},{"@type":"BreadcrumbList","@id":"https:\/\/www.p31noticias.com.br\/?p=48850#breadcrumb","itemListElement":[{"@type":"ListItem","position":1,"name":"In\u00edcio","item":"https:\/\/www.p31noticias.com.br\/"},{"@type":"ListItem","position":2,"name":"Cota para mulheres na CLDF gera embate: \u201cDaqui a pouco tem de \u00edndio\u201d"}]},{"@type":"WebSite","@id":"https:\/\/www.p31noticias.com.br\/#website","url":"https:\/\/www.p31noticias.com.br\/","name":"P31","description":"NOT\u00cdCIAS","potentialAction":[{"@type":"SearchAction","target":{"@type":"EntryPoint","urlTemplate":"https:\/\/www.p31noticias.com.br\/?s={search_term_string}"},"query-input":{"@type":"PropertyValueSpecification","valueRequired":true,"valueName":"search_term_string"}}],"inLanguage":"pt-BR"}]}},"amp_enabled":true,"_links":{"self":[{"href":"https:\/\/www.p31noticias.com.br\/index.php?rest_route=\/wp\/v2\/posts\/48850","targetHints":{"allow":["GET"]}}],"collection":[{"href":"https:\/\/www.p31noticias.com.br\/index.php?rest_route=\/wp\/v2\/posts"}],"about":[{"href":"https:\/\/www.p31noticias.com.br\/index.php?rest_route=\/wp\/v2\/types\/post"}],"replies":[{"embeddable":true,"href":"https:\/\/www.p31noticias.com.br\/index.php?rest_route=%2Fwp%2Fv2%2Fcomments&post=48850"}],"version-history":[{"count":0,"href":"https:\/\/www.p31noticias.com.br\/index.php?rest_route=\/wp\/v2\/posts\/48850\/revisions"}],"wp:attachment":[{"href":"https:\/\/www.p31noticias.com.br\/index.php?rest_route=%2Fwp%2Fv2%2Fmedia&parent=48850"}],"wp:term":[{"taxonomy":"category","embeddable":true,"href":"https:\/\/www.p31noticias.com.br\/index.php?rest_route=%2Fwp%2Fv2%2Fcategories&post=48850"},{"taxonomy":"post_tag","embeddable":true,"href":"https:\/\/www.p31noticias.com.br\/index.php?rest_route=%2Fwp%2Fv2%2Ftags&post=48850"}],"curies":[{"name":"wp","href":"https:\/\/api.w.org\/{rel}","templated":true}]}}