{"id":48817,"date":"2024-04-30T14:30:56","date_gmt":"2024-04-30T17:30:56","guid":{"rendered":"https:\/\/p31noticias.com.br\/unidades-de-conservacao-terao-r-4-milhoes-para-obras-e-equipamentos\/"},"modified":"2024-04-30T14:30:56","modified_gmt":"2024-04-30T17:30:56","slug":"unidades-de-conservacao-terao-r-4-milhoes-para-obras-e-equipamentos","status":"publish","type":"post","link":"https:\/\/www.p31noticias.com.br\/?p=48817","title":{"rendered":"Unidades de conserva\u00e7\u00e3o ter\u00e3o R$ 4 milh\u00f5es para obras e equipamentos"},"content":{"rendered":"<p>A C\u00e2mara de Compensa\u00e7\u00e3o Ambiental e Florestal do Instituto Bras\u00edlia Ambiental se reuniu para deliberar sobre a destina\u00e7\u00e3o de recursos em benef\u00edcio das unidades de conserva\u00e7\u00e3o do Distrito Federal. O Parque Ecol\u00f3gico \u00c1guas Claras \u00e9 uma das unidades de conserva\u00e7\u00e3o que ser\u00e3o beneficiadas com os recursos | | Foto: Divulga\u00e7\u00e3o\/Bras\u00edlia Ambiental Na ocasi\u00e3o, foi aprovada [\u2026]<\/p>\n<p>O post <a href=\"https:\/\/www.delioandrade.com.br\/unidades-de-conservacao-terao-r-4-milhoes-para-obras-e-equipamentos\/\">Unidades de conserva\u00e7\u00e3o ter\u00e3o R$ 4 milh\u00f5es para obras e equipamentos<\/a> apareceu primeiro em <a href=\"https:\/\/www.delioandrade.com.br\/\">Blog do D\u00c9LIO ANDRADE<\/a>.<\/p>\n","protected":false},"excerpt":{"rendered":"<p>A C\u00e2mara de Compensa\u00e7\u00e3o Ambiental e Florestal do Instituto Bras\u00edlia Ambiental se reuniu para deliberar sobre a destina\u00e7\u00e3o de recursos em benef\u00edcio das unidades de conserva\u00e7\u00e3o do Distrito Federal. O Parque Ecol\u00f3gico \u00c1guas Claras \u00e9 uma das unidades de conserva\u00e7\u00e3o que ser\u00e3o beneficiadas com os recursos | | Foto: Divulga\u00e7\u00e3o\/Bras\u00edlia Ambiental Na ocasi\u00e3o, foi aprovada [&hellip;]<\/p>\n","protected":false},"author":0,"featured_media":48818,"comment_status":"open","ping_status":"open","sticky":false,"template":"","format":"standard","meta":{"footnotes":""},"categories":[21],"tags":[],"class_list":{"0":"post-48817","1":"post","2":"type-post","3":"status-publish","4":"format-standard","5":"has-post-thumbnail","7":"category-brasilia"},"yoast_head":"<!-- This site is optimized with the Yoast SEO Premium plugin v24.5 (Yoast SEO v27.5) - https:\/\/yoast.com\/product\/yoast-seo-premium-wordpress\/ -->\n<title>Unidades de conserva\u00e7\u00e3o ter\u00e3o R$ 4 milh\u00f5es para obras e equipamentos - P31<\/title>\n<meta name=\"robots\" content=\"index, follow, max-snippet:-1, max-image-preview:large, max-video-preview:-1\" \/>\n<link rel=\"canonical\" href=\"https:\/\/www.p31noticias.com.br\/?p=48817\" \/>\n<meta property=\"og:locale\" content=\"pt_BR\" \/>\n<meta property=\"og:type\" content=\"article\" \/>\n<meta property=\"og:title\" content=\"Unidades de conserva\u00e7\u00e3o ter\u00e3o R$ 4 milh\u00f5es para obras e equipamentos\" \/>\n<meta property=\"og:description\" content=\"A C\u00e2mara de Compensa\u00e7\u00e3o Ambiental e Florestal do Instituto Bras\u00edlia Ambiental se reuniu para deliberar sobre a destina\u00e7\u00e3o de recursos em benef\u00edcio das unidades de conserva\u00e7\u00e3o do Distrito Federal. O Parque Ecol\u00f3gico \u00c1guas Claras \u00e9 uma das unidades de conserva\u00e7\u00e3o que ser\u00e3o beneficiadas com os recursos | | Foto: Divulga\u00e7\u00e3o\/Bras\u00edlia Ambiental Na ocasi\u00e3o, foi aprovada [&hellip;]\" \/>\n<meta property=\"og:url\" content=\"https:\/\/www.p31noticias.com.br\/?p=48817\" \/>\n<meta property=\"og:site_name\" content=\"P31\" \/>\n<meta property=\"article:published_time\" content=\"2024-04-30T17:30:56+00:00\" \/>\n<meta property=\"og:image\" content=\"https:\/\/www.p31noticias.com.br\/wp-content\/uploads\/2024\/04\/5.5.-Parque-Aguas-Claras.-Foto-Divulgacao-Brasilia-Ambiental-2-GjUU35-150x150-sPpNsJ.jpeg\" \/>\n\t<meta property=\"og:image:width\" content=\"150\" \/>\n\t<meta property=\"og:image:height\" content=\"150\" \/>\n\t<meta property=\"og:image:type\" content=\"image\/jpeg\" \/>\n<meta name=\"twitter:card\" content=\"summary_large_image\" \/>\n<script type=\"application\/ld+json\" class=\"yoast-schema-graph\">{\"@context\":\"https:\\\/\\\/schema.org\",\"@graph\":[{\"@type\":\"Article\",\"@id\":\"https:\\\/\\\/www.p31noticias.com.br\\\/?p=48817#article\",\"isPartOf\":{\"@id\":\"https:\\\/\\\/www.p31noticias.com.br\\\/?p=48817\"},\"author\":{\"name\":\"\",\"@id\":\"\"},\"headline\":\"Unidades de conserva\u00e7\u00e3o ter\u00e3o R$ 4 milh\u00f5es para obras e equipamentos\",\"datePublished\":\"2024-04-30T17:30:56+00:00\",\"mainEntityOfPage\":{\"@id\":\"https:\\\/\\\/www.p31noticias.com.br\\\/?p=48817\"},\"wordCount\":101,\"commentCount\":0,\"image\":{\"@id\":\"https:\\\/\\\/www.p31noticias.com.br\\\/?p=48817#primaryimage\"},\"thumbnailUrl\":\"https:\\\/\\\/www.p31noticias.com.br\\\/wp-content\\\/uploads\\\/2024\\\/04\\\/5.5.-Parque-Aguas-Claras.-Foto-Divulgacao-Brasilia-Ambiental-2-GjUU35-150x150-sPpNsJ.jpeg\",\"articleSection\":[\"Bras\u00edlia\"],\"inLanguage\":\"pt-BR\",\"potentialAction\":[{\"@type\":\"CommentAction\",\"name\":\"Comment\",\"target\":[\"https:\\\/\\\/www.p31noticias.com.br\\\/?p=48817#respond\"]}],\"copyrightYear\":\"2024\",\"copyrightHolder\":{\"@id\":\"https:\\\/\\\/www.p31noticias.com.br\\\/#organization\"}},{\"@type\":\"WebPage\",\"@id\":\"https:\\\/\\\/www.p31noticias.com.br\\\/?p=48817\",\"url\":\"https:\\\/\\\/www.p31noticias.com.br\\\/?p=48817\",\"name\":\"Unidades de conserva\u00e7\u00e3o ter\u00e3o R$ 4 milh\u00f5es para obras e equipamentos - P31\",\"isPartOf\":{\"@id\":\"https:\\\/\\\/www.p31noticias.com.br\\\/#website\"},\"primaryImageOfPage\":{\"@id\":\"https:\\\/\\\/www.p31noticias.com.br\\\/?p=48817#primaryimage\"},\"image\":{\"@id\":\"https:\\\/\\\/www.p31noticias.com.br\\\/?p=48817#primaryimage\"},\"thumbnailUrl\":\"https:\\\/\\\/www.p31noticias.com.br\\\/wp-content\\\/uploads\\\/2024\\\/04\\\/5.5.-Parque-Aguas-Claras.-Foto-Divulgacao-Brasilia-Ambiental-2-GjUU35-150x150-sPpNsJ.jpeg\",\"datePublished\":\"2024-04-30T17:30:56+00:00\",\"author\":{\"@id\":\"\"},\"breadcrumb\":{\"@id\":\"https:\\\/\\\/www.p31noticias.com.br\\\/?p=48817#breadcrumb\"},\"inLanguage\":\"pt-BR\",\"potentialAction\":[{\"@type\":\"ReadAction\",\"target\":[\"https:\\\/\\\/www.p31noticias.com.br\\\/?p=48817\"]}]},{\"@type\":\"ImageObject\",\"inLanguage\":\"pt-BR\",\"@id\":\"https:\\\/\\\/www.p31noticias.com.br\\\/?p=48817#primaryimage\",\"url\":\"https:\\\/\\\/www.p31noticias.com.br\\\/wp-content\\\/uploads\\\/2024\\\/04\\\/5.5.-Parque-Aguas-Claras.-Foto-Divulgacao-Brasilia-Ambiental-2-GjUU35-150x150-sPpNsJ.jpeg\",\"contentUrl\":\"https:\\\/\\\/www.p31noticias.com.br\\\/wp-content\\\/uploads\\\/2024\\\/04\\\/5.5.-Parque-Aguas-Claras.-Foto-Divulgacao-Brasilia-Ambiental-2-GjUU35-150x150-sPpNsJ.jpeg\",\"width\":150,\"height\":150},{\"@type\":\"BreadcrumbList\",\"@id\":\"https:\\\/\\\/www.p31noticias.com.br\\\/?p=48817#breadcrumb\",\"itemListElement\":[{\"@type\":\"ListItem\",\"position\":1,\"name\":\"In\u00edcio\",\"item\":\"https:\\\/\\\/www.p31noticias.com.br\\\/\"},{\"@type\":\"ListItem\",\"position\":2,\"name\":\"Unidades de conserva\u00e7\u00e3o ter\u00e3o R$ 4 milh\u00f5es para obras e equipamentos\"}]},{\"@type\":\"WebSite\",\"@id\":\"https:\\\/\\\/www.p31noticias.com.br\\\/#website\",\"url\":\"https:\\\/\\\/www.p31noticias.com.br\\\/\",\"name\":\"P31\",\"description\":\"NOT\u00cdCIAS\",\"potentialAction\":[{\"@type\":\"SearchAction\",\"target\":{\"@type\":\"EntryPoint\",\"urlTemplate\":\"https:\\\/\\\/www.p31noticias.com.br\\\/?s={search_term_string}\"},\"query-input\":{\"@type\":\"PropertyValueSpecification\",\"valueRequired\":true,\"valueName\":\"search_term_string\"}}],\"inLanguage\":\"pt-BR\"}]}<\/script>\n<!-- \/ Yoast SEO Premium plugin. -->","yoast_head_json":{"title":"Unidades de conserva\u00e7\u00e3o ter\u00e3o R$ 4 milh\u00f5es para obras e equipamentos - P31","robots":{"index":"index","follow":"follow","max-snippet":"max-snippet:-1","max-image-preview":"max-image-preview:large","max-video-preview":"max-video-preview:-1"},"canonical":"https:\/\/www.p31noticias.com.br\/?p=48817","og_locale":"pt_BR","og_type":"article","og_title":"Unidades de conserva\u00e7\u00e3o ter\u00e3o R$ 4 milh\u00f5es para obras e equipamentos","og_description":"A C\u00e2mara de Compensa\u00e7\u00e3o Ambiental e Florestal do Instituto Bras\u00edlia Ambiental se reuniu para deliberar sobre a destina\u00e7\u00e3o de recursos em benef\u00edcio das unidades de conserva\u00e7\u00e3o do Distrito Federal. O Parque Ecol\u00f3gico \u00c1guas Claras \u00e9 uma das unidades de conserva\u00e7\u00e3o que ser\u00e3o beneficiadas com os recursos | | Foto: Divulga\u00e7\u00e3o\/Bras\u00edlia Ambiental Na ocasi\u00e3o, foi aprovada [&hellip;]","og_url":"https:\/\/www.p31noticias.com.br\/?p=48817","og_site_name":"P31","article_published_time":"2024-04-30T17:30:56+00:00","og_image":[{"width":150,"height":150,"url":"https:\/\/www.p31noticias.com.br\/wp-content\/uploads\/2024\/04\/5.5.-Parque-Aguas-Claras.-Foto-Divulgacao-Brasilia-Ambiental-2-GjUU35-150x150-sPpNsJ.jpeg","type":"image\/jpeg"}],"twitter_card":"summary_large_image","schema":{"@context":"https:\/\/schema.org","@graph":[{"@type":"Article","@id":"https:\/\/www.p31noticias.com.br\/?p=48817#article","isPartOf":{"@id":"https:\/\/www.p31noticias.com.br\/?p=48817"},"author":{"name":"","@id":""},"headline":"Unidades de conserva\u00e7\u00e3o ter\u00e3o R$ 4 milh\u00f5es para obras e equipamentos","datePublished":"2024-04-30T17:30:56+00:00","mainEntityOfPage":{"@id":"https:\/\/www.p31noticias.com.br\/?p=48817"},"wordCount":101,"commentCount":0,"image":{"@id":"https:\/\/www.p31noticias.com.br\/?p=48817#primaryimage"},"thumbnailUrl":"https:\/\/www.p31noticias.com.br\/wp-content\/uploads\/2024\/04\/5.5.-Parque-Aguas-Claras.-Foto-Divulgacao-Brasilia-Ambiental-2-GjUU35-150x150-sPpNsJ.jpeg","articleSection":["Bras\u00edlia"],"inLanguage":"pt-BR","potentialAction":[{"@type":"CommentAction","name":"Comment","target":["https:\/\/www.p31noticias.com.br\/?p=48817#respond"]}],"copyrightYear":"2024","copyrightHolder":{"@id":"https:\/\/www.p31noticias.com.br\/#organization"}},{"@type":"WebPage","@id":"https:\/\/www.p31noticias.com.br\/?p=48817","url":"https:\/\/www.p31noticias.com.br\/?p=48817","name":"Unidades de conserva\u00e7\u00e3o ter\u00e3o R$ 4 milh\u00f5es para obras e equipamentos - P31","isPartOf":{"@id":"https:\/\/www.p31noticias.com.br\/#website"},"primaryImageOfPage":{"@id":"https:\/\/www.p31noticias.com.br\/?p=48817#primaryimage"},"image":{"@id":"https:\/\/www.p31noticias.com.br\/?p=48817#primaryimage"},"thumbnailUrl":"https:\/\/www.p31noticias.com.br\/wp-content\/uploads\/2024\/04\/5.5.-Parque-Aguas-Claras.-Foto-Divulgacao-Brasilia-Ambiental-2-GjUU35-150x150-sPpNsJ.jpeg","datePublished":"2024-04-30T17:30:56+00:00","author":{"@id":""},"breadcrumb":{"@id":"https:\/\/www.p31noticias.com.br\/?p=48817#breadcrumb"},"inLanguage":"pt-BR","potentialAction":[{"@type":"ReadAction","target":["https:\/\/www.p31noticias.com.br\/?p=48817"]}]},{"@type":"ImageObject","inLanguage":"pt-BR","@id":"https:\/\/www.p31noticias.com.br\/?p=48817#primaryimage","url":"https:\/\/www.p31noticias.com.br\/wp-content\/uploads\/2024\/04\/5.5.-Parque-Aguas-Claras.-Foto-Divulgacao-Brasilia-Ambiental-2-GjUU35-150x150-sPpNsJ.jpeg","contentUrl":"https:\/\/www.p31noticias.com.br\/wp-content\/uploads\/2024\/04\/5.5.-Parque-Aguas-Claras.-Foto-Divulgacao-Brasilia-Ambiental-2-GjUU35-150x150-sPpNsJ.jpeg","width":150,"height":150},{"@type":"BreadcrumbList","@id":"https:\/\/www.p31noticias.com.br\/?p=48817#breadcrumb","itemListElement":[{"@type":"ListItem","position":1,"name":"In\u00edcio","item":"https:\/\/www.p31noticias.com.br\/"},{"@type":"ListItem","position":2,"name":"Unidades de conserva\u00e7\u00e3o ter\u00e3o R$ 4 milh\u00f5es para obras e equipamentos"}]},{"@type":"WebSite","@id":"https:\/\/www.p31noticias.com.br\/#website","url":"https:\/\/www.p31noticias.com.br\/","name":"P31","description":"NOT\u00cdCIAS","potentialAction":[{"@type":"SearchAction","target":{"@type":"EntryPoint","urlTemplate":"https:\/\/www.p31noticias.com.br\/?s={search_term_string}"},"query-input":{"@type":"PropertyValueSpecification","valueRequired":true,"valueName":"search_term_string"}}],"inLanguage":"pt-BR"}]}},"amp_enabled":true,"_links":{"self":[{"href":"https:\/\/www.p31noticias.com.br\/index.php?rest_route=\/wp\/v2\/posts\/48817","targetHints":{"allow":["GET"]}}],"collection":[{"href":"https:\/\/www.p31noticias.com.br\/index.php?rest_route=\/wp\/v2\/posts"}],"about":[{"href":"https:\/\/www.p31noticias.com.br\/index.php?rest_route=\/wp\/v2\/types\/post"}],"replies":[{"embeddable":true,"href":"https:\/\/www.p31noticias.com.br\/index.php?rest_route=%2Fwp%2Fv2%2Fcomments&post=48817"}],"version-history":[{"count":0,"href":"https:\/\/www.p31noticias.com.br\/index.php?rest_route=\/wp\/v2\/posts\/48817\/revisions"}],"wp:featuredmedia":[{"embeddable":true,"href":"https:\/\/www.p31noticias.com.br\/index.php?rest_route=\/wp\/v2\/media\/48818"}],"wp:attachment":[{"href":"https:\/\/www.p31noticias.com.br\/index.php?rest_route=%2Fwp%2Fv2%2Fmedia&parent=48817"}],"wp:term":[{"taxonomy":"category","embeddable":true,"href":"https:\/\/www.p31noticias.com.br\/index.php?rest_route=%2Fwp%2Fv2%2Fcategories&post=48817"},{"taxonomy":"post_tag","embeddable":true,"href":"https:\/\/www.p31noticias.com.br\/index.php?rest_route=%2Fwp%2Fv2%2Ftags&post=48817"}],"curies":[{"name":"wp","href":"https:\/\/api.w.org\/{rel}","templated":true}]}}