{"id":48813,"date":"2024-04-30T13:29:42","date_gmt":"2024-04-30T16:29:42","guid":{"rendered":"https:\/\/p31noticias.com.br\/video-soldado-detalha-torturas-sofridas-na-pmdf-cansaram-de-bater\/"},"modified":"2024-04-30T13:29:42","modified_gmt":"2024-04-30T16:29:42","slug":"video-soldado-detalha-torturas-sofridas-na-pmdf-cansaram-de-bater","status":"publish","type":"post","link":"https:\/\/www.p31noticias.com.br\/?p=48813","title":{"rendered":"V\u00eddeo. Soldado detalha torturas sofridas na PMDF: \u201cCansaram de bater\u201d"},"content":{"rendered":"<p>O soldado que denunciou ter sido v\u00edtima de tortura durante o curso de forma\u00e7\u00e3o do Patrulhamento T\u00e1tico M\u00f3vel, da Pol\u00edcia Militar do Distrito Federal (PMDF), contou em detalhes as oito horas de viol\u00eancia que sofreu dentro da corpora\u00e7\u00e3o. As agress\u00f5es ocorreram em 22 de abril. Em entrevista ao Metr\u00f3poles\u00a0Danilo Martins, 34 anos, destacou que os [\u2026]<\/p>\n<p>O post <a href=\"https:\/\/www.delioandrade.com.br\/video-soldado-detalha-torturas-sofridas-na-pmdf-cansaram-de-bater\/\">V\u00eddeo. Soldado detalha torturas sofridas na PMDF: \u201cCansaram de bater\u201d<\/a> apareceu primeiro em <a href=\"https:\/\/www.delioandrade.com.br\/\">Blog do D\u00c9LIO ANDRADE<\/a>.<\/p>\n","protected":false},"excerpt":{"rendered":"<p>O soldado que denunciou ter sido v\u00edtima de tortura durante o curso de forma\u00e7\u00e3o do Patrulhamento T\u00e1tico M\u00f3vel, da Pol\u00edcia Militar do Distrito Federal (PMDF), contou em detalhes as oito horas de viol\u00eancia que sofreu dentro da corpora\u00e7\u00e3o. As agress\u00f5es ocorreram em 22 de abril. Em entrevista ao Metr\u00f3poles\u00a0Danilo Martins, 34 anos, destacou que os [&hellip;]<\/p>\n","protected":false},"author":0,"featured_media":0,"comment_status":"open","ping_status":"open","sticky":false,"template":"","format":"standard","meta":{"footnotes":""},"categories":[21],"tags":[],"class_list":{"0":"post-48813","1":"post","2":"type-post","3":"status-publish","4":"format-standard","6":"category-brasilia"},"yoast_head":"<!-- This site is optimized with the Yoast SEO Premium plugin v24.5 (Yoast SEO v27.5) - https:\/\/yoast.com\/product\/yoast-seo-premium-wordpress\/ -->\n<title>V\u00eddeo. Soldado detalha torturas sofridas na PMDF: \u201cCansaram de bater\u201d - P31<\/title>\n<meta name=\"robots\" content=\"index, follow, max-snippet:-1, max-image-preview:large, max-video-preview:-1\" \/>\n<link rel=\"canonical\" href=\"https:\/\/www.p31noticias.com.br\/?p=48813\" \/>\n<meta property=\"og:locale\" content=\"pt_BR\" \/>\n<meta property=\"og:type\" content=\"article\" \/>\n<meta property=\"og:title\" content=\"V\u00eddeo. Soldado detalha torturas sofridas na PMDF: \u201cCansaram de bater\u201d\" \/>\n<meta property=\"og:description\" content=\"O soldado que denunciou ter sido v\u00edtima de tortura durante o curso de forma\u00e7\u00e3o do Patrulhamento T\u00e1tico M\u00f3vel, da Pol\u00edcia Militar do Distrito Federal (PMDF), contou em detalhes as oito horas de viol\u00eancia que sofreu dentro da corpora\u00e7\u00e3o. As agress\u00f5es ocorreram em 22 de abril. Em entrevista ao Metr\u00f3poles\u00a0Danilo Martins, 34 anos, destacou que os [&hellip;]\" \/>\n<meta property=\"og:url\" content=\"https:\/\/www.p31noticias.com.br\/?p=48813\" \/>\n<meta property=\"og:site_name\" content=\"P31\" \/>\n<meta property=\"article:published_time\" content=\"2024-04-30T16:29:42+00:00\" \/>\n<meta name=\"twitter:card\" content=\"summary_large_image\" \/>\n<script type=\"application\/ld+json\" class=\"yoast-schema-graph\">{\"@context\":\"https:\\\/\\\/schema.org\",\"@graph\":[{\"@type\":\"Article\",\"@id\":\"https:\\\/\\\/www.p31noticias.com.br\\\/?p=48813#article\",\"isPartOf\":{\"@id\":\"https:\\\/\\\/www.p31noticias.com.br\\\/?p=48813\"},\"author\":{\"name\":\"\",\"@id\":\"\"},\"headline\":\"V\u00eddeo. Soldado detalha torturas sofridas na PMDF: \u201cCansaram de bater\u201d\",\"datePublished\":\"2024-04-30T16:29:42+00:00\",\"mainEntityOfPage\":{\"@id\":\"https:\\\/\\\/www.p31noticias.com.br\\\/?p=48813\"},\"wordCount\":95,\"commentCount\":0,\"articleSection\":[\"Bras\u00edlia\"],\"inLanguage\":\"pt-BR\",\"potentialAction\":[{\"@type\":\"CommentAction\",\"name\":\"Comment\",\"target\":[\"https:\\\/\\\/www.p31noticias.com.br\\\/?p=48813#respond\"]}],\"copyrightYear\":\"2024\",\"copyrightHolder\":{\"@id\":\"https:\\\/\\\/www.p31noticias.com.br\\\/#organization\"}},{\"@type\":\"WebPage\",\"@id\":\"https:\\\/\\\/www.p31noticias.com.br\\\/?p=48813\",\"url\":\"https:\\\/\\\/www.p31noticias.com.br\\\/?p=48813\",\"name\":\"V\u00eddeo. Soldado detalha torturas sofridas na PMDF: \u201cCansaram de bater\u201d - P31\",\"isPartOf\":{\"@id\":\"https:\\\/\\\/www.p31noticias.com.br\\\/#website\"},\"datePublished\":\"2024-04-30T16:29:42+00:00\",\"author\":{\"@id\":\"\"},\"breadcrumb\":{\"@id\":\"https:\\\/\\\/www.p31noticias.com.br\\\/?p=48813#breadcrumb\"},\"inLanguage\":\"pt-BR\",\"potentialAction\":[{\"@type\":\"ReadAction\",\"target\":[\"https:\\\/\\\/www.p31noticias.com.br\\\/?p=48813\"]}]},{\"@type\":\"BreadcrumbList\",\"@id\":\"https:\\\/\\\/www.p31noticias.com.br\\\/?p=48813#breadcrumb\",\"itemListElement\":[{\"@type\":\"ListItem\",\"position\":1,\"name\":\"In\u00edcio\",\"item\":\"https:\\\/\\\/www.p31noticias.com.br\\\/\"},{\"@type\":\"ListItem\",\"position\":2,\"name\":\"V\u00eddeo. Soldado detalha torturas sofridas na PMDF: \u201cCansaram de bater\u201d\"}]},{\"@type\":\"WebSite\",\"@id\":\"https:\\\/\\\/www.p31noticias.com.br\\\/#website\",\"url\":\"https:\\\/\\\/www.p31noticias.com.br\\\/\",\"name\":\"P31\",\"description\":\"NOT\u00cdCIAS\",\"potentialAction\":[{\"@type\":\"SearchAction\",\"target\":{\"@type\":\"EntryPoint\",\"urlTemplate\":\"https:\\\/\\\/www.p31noticias.com.br\\\/?s={search_term_string}\"},\"query-input\":{\"@type\":\"PropertyValueSpecification\",\"valueRequired\":true,\"valueName\":\"search_term_string\"}}],\"inLanguage\":\"pt-BR\"}]}<\/script>\n<!-- \/ Yoast SEO Premium plugin. -->","yoast_head_json":{"title":"V\u00eddeo. Soldado detalha torturas sofridas na PMDF: \u201cCansaram de bater\u201d - P31","robots":{"index":"index","follow":"follow","max-snippet":"max-snippet:-1","max-image-preview":"max-image-preview:large","max-video-preview":"max-video-preview:-1"},"canonical":"https:\/\/www.p31noticias.com.br\/?p=48813","og_locale":"pt_BR","og_type":"article","og_title":"V\u00eddeo. Soldado detalha torturas sofridas na PMDF: \u201cCansaram de bater\u201d","og_description":"O soldado que denunciou ter sido v\u00edtima de tortura durante o curso de forma\u00e7\u00e3o do Patrulhamento T\u00e1tico M\u00f3vel, da Pol\u00edcia Militar do Distrito Federal (PMDF), contou em detalhes as oito horas de viol\u00eancia que sofreu dentro da corpora\u00e7\u00e3o. As agress\u00f5es ocorreram em 22 de abril. Em entrevista ao Metr\u00f3poles\u00a0Danilo Martins, 34 anos, destacou que os [&hellip;]","og_url":"https:\/\/www.p31noticias.com.br\/?p=48813","og_site_name":"P31","article_published_time":"2024-04-30T16:29:42+00:00","twitter_card":"summary_large_image","schema":{"@context":"https:\/\/schema.org","@graph":[{"@type":"Article","@id":"https:\/\/www.p31noticias.com.br\/?p=48813#article","isPartOf":{"@id":"https:\/\/www.p31noticias.com.br\/?p=48813"},"author":{"name":"","@id":""},"headline":"V\u00eddeo. Soldado detalha torturas sofridas na PMDF: \u201cCansaram de bater\u201d","datePublished":"2024-04-30T16:29:42+00:00","mainEntityOfPage":{"@id":"https:\/\/www.p31noticias.com.br\/?p=48813"},"wordCount":95,"commentCount":0,"articleSection":["Bras\u00edlia"],"inLanguage":"pt-BR","potentialAction":[{"@type":"CommentAction","name":"Comment","target":["https:\/\/www.p31noticias.com.br\/?p=48813#respond"]}],"copyrightYear":"2024","copyrightHolder":{"@id":"https:\/\/www.p31noticias.com.br\/#organization"}},{"@type":"WebPage","@id":"https:\/\/www.p31noticias.com.br\/?p=48813","url":"https:\/\/www.p31noticias.com.br\/?p=48813","name":"V\u00eddeo. Soldado detalha torturas sofridas na PMDF: \u201cCansaram de bater\u201d - P31","isPartOf":{"@id":"https:\/\/www.p31noticias.com.br\/#website"},"datePublished":"2024-04-30T16:29:42+00:00","author":{"@id":""},"breadcrumb":{"@id":"https:\/\/www.p31noticias.com.br\/?p=48813#breadcrumb"},"inLanguage":"pt-BR","potentialAction":[{"@type":"ReadAction","target":["https:\/\/www.p31noticias.com.br\/?p=48813"]}]},{"@type":"BreadcrumbList","@id":"https:\/\/www.p31noticias.com.br\/?p=48813#breadcrumb","itemListElement":[{"@type":"ListItem","position":1,"name":"In\u00edcio","item":"https:\/\/www.p31noticias.com.br\/"},{"@type":"ListItem","position":2,"name":"V\u00eddeo. Soldado detalha torturas sofridas na PMDF: \u201cCansaram de bater\u201d"}]},{"@type":"WebSite","@id":"https:\/\/www.p31noticias.com.br\/#website","url":"https:\/\/www.p31noticias.com.br\/","name":"P31","description":"NOT\u00cdCIAS","potentialAction":[{"@type":"SearchAction","target":{"@type":"EntryPoint","urlTemplate":"https:\/\/www.p31noticias.com.br\/?s={search_term_string}"},"query-input":{"@type":"PropertyValueSpecification","valueRequired":true,"valueName":"search_term_string"}}],"inLanguage":"pt-BR"}]}},"amp_enabled":true,"_links":{"self":[{"href":"https:\/\/www.p31noticias.com.br\/index.php?rest_route=\/wp\/v2\/posts\/48813","targetHints":{"allow":["GET"]}}],"collection":[{"href":"https:\/\/www.p31noticias.com.br\/index.php?rest_route=\/wp\/v2\/posts"}],"about":[{"href":"https:\/\/www.p31noticias.com.br\/index.php?rest_route=\/wp\/v2\/types\/post"}],"replies":[{"embeddable":true,"href":"https:\/\/www.p31noticias.com.br\/index.php?rest_route=%2Fwp%2Fv2%2Fcomments&post=48813"}],"version-history":[{"count":0,"href":"https:\/\/www.p31noticias.com.br\/index.php?rest_route=\/wp\/v2\/posts\/48813\/revisions"}],"wp:attachment":[{"href":"https:\/\/www.p31noticias.com.br\/index.php?rest_route=%2Fwp%2Fv2%2Fmedia&parent=48813"}],"wp:term":[{"taxonomy":"category","embeddable":true,"href":"https:\/\/www.p31noticias.com.br\/index.php?rest_route=%2Fwp%2Fv2%2Fcategories&post=48813"},{"taxonomy":"post_tag","embeddable":true,"href":"https:\/\/www.p31noticias.com.br\/index.php?rest_route=%2Fwp%2Fv2%2Ftags&post=48813"}],"curies":[{"name":"wp","href":"https:\/\/api.w.org\/{rel}","templated":true}]}}