{"id":48800,"date":"2024-04-30T11:29:51","date_gmt":"2024-04-30T14:29:51","guid":{"rendered":"https:\/\/p31noticias.com.br\/professor-da-rede-publica-do-df-e-investigado-por-pornografia-infantil\/"},"modified":"2024-04-30T11:29:51","modified_gmt":"2024-04-30T14:29:51","slug":"professor-da-rede-publica-do-df-e-investigado-por-pornografia-infantil","status":"publish","type":"post","link":"https:\/\/www.p31noticias.com.br\/?p=48800","title":{"rendered":"Professor da rede p\u00fablica do DF \u00e9 investigado por pornografia infantil"},"content":{"rendered":"<p>Um professor da rede p\u00fablica do Distrito Federal, de 45 anos, \u00e9 alvo da Opera\u00e7\u00e3o Profanus, deflagrada pela Delegacia Especial de Prote\u00e7\u00e3o \u00e0 Crian\u00e7a e ao Adolescente (DPCA) na manh\u00e3 desta ter\u00e7a-feira (30\/4). Ele \u00e9 suspeito de armazenar e compartilhar materiais com pornografia infantil. Os policiais civis apreenderam computador, notebook e celular na casa do [\u2026]<\/p>\n<p>O post <a href=\"https:\/\/www.delioandrade.com.br\/professor-da-rede-publica-do-df-e-investigado-por-pornografia-infantil\/\">Professor da rede p\u00fablica do DF \u00e9 investigado por pornografia infantil<\/a> apareceu primeiro em <a href=\"https:\/\/www.delioandrade.com.br\/\">Blog do D\u00c9LIO ANDRADE<\/a>.<\/p>\n","protected":false},"excerpt":{"rendered":"<p>Um professor da rede p\u00fablica do Distrito Federal, de 45 anos, \u00e9 alvo da Opera\u00e7\u00e3o Profanus, deflagrada pela Delegacia Especial de Prote\u00e7\u00e3o \u00e0 Crian\u00e7a e ao Adolescente (DPCA) na manh\u00e3 desta ter\u00e7a-feira (30\/4). Ele \u00e9 suspeito de armazenar e compartilhar materiais com pornografia infantil. Os policiais civis apreenderam computador, notebook e celular na casa do [&hellip;]<\/p>\n","protected":false},"author":0,"featured_media":0,"comment_status":"open","ping_status":"open","sticky":false,"template":"","format":"standard","meta":{"footnotes":""},"categories":[21],"tags":[],"class_list":{"0":"post-48800","1":"post","2":"type-post","3":"status-publish","4":"format-standard","6":"category-brasilia"},"yoast_head":"<!-- This site is optimized with the Yoast SEO Premium plugin v24.5 (Yoast SEO v27.4) - https:\/\/yoast.com\/product\/yoast-seo-premium-wordpress\/ -->\n<title>Professor da rede p\u00fablica do DF \u00e9 investigado por pornografia infantil - P31<\/title>\n<meta name=\"robots\" content=\"index, follow, max-snippet:-1, max-image-preview:large, max-video-preview:-1\" \/>\n<link rel=\"canonical\" href=\"https:\/\/www.p31noticias.com.br\/?p=48800\" \/>\n<meta property=\"og:locale\" content=\"pt_BR\" \/>\n<meta property=\"og:type\" content=\"article\" \/>\n<meta property=\"og:title\" content=\"Professor da rede p\u00fablica do DF \u00e9 investigado por pornografia infantil\" \/>\n<meta property=\"og:description\" content=\"Um professor da rede p\u00fablica do Distrito Federal, de 45 anos, \u00e9 alvo da Opera\u00e7\u00e3o Profanus, deflagrada pela Delegacia Especial de Prote\u00e7\u00e3o \u00e0 Crian\u00e7a e ao Adolescente (DPCA) na manh\u00e3 desta ter\u00e7a-feira (30\/4). Ele \u00e9 suspeito de armazenar e compartilhar materiais com pornografia infantil. Os policiais civis apreenderam computador, notebook e celular na casa do [&hellip;]\" \/>\n<meta property=\"og:url\" content=\"https:\/\/www.p31noticias.com.br\/?p=48800\" \/>\n<meta property=\"og:site_name\" content=\"P31\" \/>\n<meta property=\"article:published_time\" content=\"2024-04-30T14:29:51+00:00\" \/>\n<meta name=\"twitter:card\" content=\"summary_large_image\" \/>\n<script type=\"application\/ld+json\" class=\"yoast-schema-graph\">{\"@context\":\"https:\\\/\\\/schema.org\",\"@graph\":[{\"@type\":\"Article\",\"@id\":\"https:\\\/\\\/www.p31noticias.com.br\\\/?p=48800#article\",\"isPartOf\":{\"@id\":\"https:\\\/\\\/www.p31noticias.com.br\\\/?p=48800\"},\"author\":{\"name\":\"\",\"@id\":\"\"},\"headline\":\"Professor da rede p\u00fablica do DF \u00e9 investigado por pornografia infantil\",\"datePublished\":\"2024-04-30T14:29:51+00:00\",\"mainEntityOfPage\":{\"@id\":\"https:\\\/\\\/www.p31noticias.com.br\\\/?p=48800\"},\"wordCount\":87,\"commentCount\":0,\"articleSection\":[\"Bras\u00edlia\"],\"inLanguage\":\"pt-BR\",\"potentialAction\":[{\"@type\":\"CommentAction\",\"name\":\"Comment\",\"target\":[\"https:\\\/\\\/www.p31noticias.com.br\\\/?p=48800#respond\"]}],\"copyrightYear\":\"2024\",\"copyrightHolder\":{\"@id\":\"https:\\\/\\\/www.p31noticias.com.br\\\/#organization\"}},{\"@type\":\"WebPage\",\"@id\":\"https:\\\/\\\/www.p31noticias.com.br\\\/?p=48800\",\"url\":\"https:\\\/\\\/www.p31noticias.com.br\\\/?p=48800\",\"name\":\"Professor da rede p\u00fablica do DF \u00e9 investigado por pornografia infantil - P31\",\"isPartOf\":{\"@id\":\"https:\\\/\\\/www.p31noticias.com.br\\\/#website\"},\"datePublished\":\"2024-04-30T14:29:51+00:00\",\"author\":{\"@id\":\"\"},\"breadcrumb\":{\"@id\":\"https:\\\/\\\/www.p31noticias.com.br\\\/?p=48800#breadcrumb\"},\"inLanguage\":\"pt-BR\",\"potentialAction\":[{\"@type\":\"ReadAction\",\"target\":[\"https:\\\/\\\/www.p31noticias.com.br\\\/?p=48800\"]}]},{\"@type\":\"BreadcrumbList\",\"@id\":\"https:\\\/\\\/www.p31noticias.com.br\\\/?p=48800#breadcrumb\",\"itemListElement\":[{\"@type\":\"ListItem\",\"position\":1,\"name\":\"In\u00edcio\",\"item\":\"https:\\\/\\\/www.p31noticias.com.br\\\/\"},{\"@type\":\"ListItem\",\"position\":2,\"name\":\"Professor da rede p\u00fablica do DF \u00e9 investigado por pornografia infantil\"}]},{\"@type\":\"WebSite\",\"@id\":\"https:\\\/\\\/www.p31noticias.com.br\\\/#website\",\"url\":\"https:\\\/\\\/www.p31noticias.com.br\\\/\",\"name\":\"P31\",\"description\":\"NOT\u00cdCIAS\",\"potentialAction\":[{\"@type\":\"SearchAction\",\"target\":{\"@type\":\"EntryPoint\",\"urlTemplate\":\"https:\\\/\\\/www.p31noticias.com.br\\\/?s={search_term_string}\"},\"query-input\":{\"@type\":\"PropertyValueSpecification\",\"valueRequired\":true,\"valueName\":\"search_term_string\"}}],\"inLanguage\":\"pt-BR\"}]}<\/script>\n<!-- \/ Yoast SEO Premium plugin. -->","yoast_head_json":{"title":"Professor da rede p\u00fablica do DF \u00e9 investigado por pornografia infantil - P31","robots":{"index":"index","follow":"follow","max-snippet":"max-snippet:-1","max-image-preview":"max-image-preview:large","max-video-preview":"max-video-preview:-1"},"canonical":"https:\/\/www.p31noticias.com.br\/?p=48800","og_locale":"pt_BR","og_type":"article","og_title":"Professor da rede p\u00fablica do DF \u00e9 investigado por pornografia infantil","og_description":"Um professor da rede p\u00fablica do Distrito Federal, de 45 anos, \u00e9 alvo da Opera\u00e7\u00e3o Profanus, deflagrada pela Delegacia Especial de Prote\u00e7\u00e3o \u00e0 Crian\u00e7a e ao Adolescente (DPCA) na manh\u00e3 desta ter\u00e7a-feira (30\/4). Ele \u00e9 suspeito de armazenar e compartilhar materiais com pornografia infantil. Os policiais civis apreenderam computador, notebook e celular na casa do [&hellip;]","og_url":"https:\/\/www.p31noticias.com.br\/?p=48800","og_site_name":"P31","article_published_time":"2024-04-30T14:29:51+00:00","twitter_card":"summary_large_image","schema":{"@context":"https:\/\/schema.org","@graph":[{"@type":"Article","@id":"https:\/\/www.p31noticias.com.br\/?p=48800#article","isPartOf":{"@id":"https:\/\/www.p31noticias.com.br\/?p=48800"},"author":{"name":"","@id":""},"headline":"Professor da rede p\u00fablica do DF \u00e9 investigado por pornografia infantil","datePublished":"2024-04-30T14:29:51+00:00","mainEntityOfPage":{"@id":"https:\/\/www.p31noticias.com.br\/?p=48800"},"wordCount":87,"commentCount":0,"articleSection":["Bras\u00edlia"],"inLanguage":"pt-BR","potentialAction":[{"@type":"CommentAction","name":"Comment","target":["https:\/\/www.p31noticias.com.br\/?p=48800#respond"]}],"copyrightYear":"2024","copyrightHolder":{"@id":"https:\/\/www.p31noticias.com.br\/#organization"}},{"@type":"WebPage","@id":"https:\/\/www.p31noticias.com.br\/?p=48800","url":"https:\/\/www.p31noticias.com.br\/?p=48800","name":"Professor da rede p\u00fablica do DF \u00e9 investigado por pornografia infantil - P31","isPartOf":{"@id":"https:\/\/www.p31noticias.com.br\/#website"},"datePublished":"2024-04-30T14:29:51+00:00","author":{"@id":""},"breadcrumb":{"@id":"https:\/\/www.p31noticias.com.br\/?p=48800#breadcrumb"},"inLanguage":"pt-BR","potentialAction":[{"@type":"ReadAction","target":["https:\/\/www.p31noticias.com.br\/?p=48800"]}]},{"@type":"BreadcrumbList","@id":"https:\/\/www.p31noticias.com.br\/?p=48800#breadcrumb","itemListElement":[{"@type":"ListItem","position":1,"name":"In\u00edcio","item":"https:\/\/www.p31noticias.com.br\/"},{"@type":"ListItem","position":2,"name":"Professor da rede p\u00fablica do DF \u00e9 investigado por pornografia infantil"}]},{"@type":"WebSite","@id":"https:\/\/www.p31noticias.com.br\/#website","url":"https:\/\/www.p31noticias.com.br\/","name":"P31","description":"NOT\u00cdCIAS","potentialAction":[{"@type":"SearchAction","target":{"@type":"EntryPoint","urlTemplate":"https:\/\/www.p31noticias.com.br\/?s={search_term_string}"},"query-input":{"@type":"PropertyValueSpecification","valueRequired":true,"valueName":"search_term_string"}}],"inLanguage":"pt-BR"}]}},"amp_enabled":true,"_links":{"self":[{"href":"https:\/\/www.p31noticias.com.br\/index.php?rest_route=\/wp\/v2\/posts\/48800","targetHints":{"allow":["GET"]}}],"collection":[{"href":"https:\/\/www.p31noticias.com.br\/index.php?rest_route=\/wp\/v2\/posts"}],"about":[{"href":"https:\/\/www.p31noticias.com.br\/index.php?rest_route=\/wp\/v2\/types\/post"}],"replies":[{"embeddable":true,"href":"https:\/\/www.p31noticias.com.br\/index.php?rest_route=%2Fwp%2Fv2%2Fcomments&post=48800"}],"version-history":[{"count":0,"href":"https:\/\/www.p31noticias.com.br\/index.php?rest_route=\/wp\/v2\/posts\/48800\/revisions"}],"wp:attachment":[{"href":"https:\/\/www.p31noticias.com.br\/index.php?rest_route=%2Fwp%2Fv2%2Fmedia&parent=48800"}],"wp:term":[{"taxonomy":"category","embeddable":true,"href":"https:\/\/www.p31noticias.com.br\/index.php?rest_route=%2Fwp%2Fv2%2Fcategories&post=48800"},{"taxonomy":"post_tag","embeddable":true,"href":"https:\/\/www.p31noticias.com.br\/index.php?rest_route=%2Fwp%2Fv2%2Ftags&post=48800"}],"curies":[{"name":"wp","href":"https:\/\/api.w.org\/{rel}","templated":true}]}}