{"id":48794,"date":"2024-04-30T11:00:28","date_gmt":"2024-04-30T14:00:28","guid":{"rendered":"https:\/\/p31noticias.com.br\/?p=48794"},"modified":"2024-04-30T11:00:28","modified_gmt":"2024-04-30T14:00:28","slug":"governo-define-calendario-de-areas-em-emergencia-ambiental-por-risco-de-incendios-florestais","status":"publish","type":"post","link":"https:\/\/www.p31noticias.com.br\/?p=48794","title":{"rendered":"Governo define calend\u00e1rio de \u00e1reas em emerg\u00eancia ambiental por risco de inc\u00eandios florestais"},"content":{"rendered":"<p style=\"text-align: justify;\"><em><strong>Portaria publicada no Di\u00e1rio Oficial viabiliza planejamento de brigadas federais para combate aos poss\u00edveis inc\u00eandios florestais at\u00e9 abril de 2025<\/strong><\/em><\/p>\n<p style=\"text-align: justify;\">OMinist\u00e9rio do Meio Ambiente e Mudan\u00e7a do Clima publicou nesta segunda-feira, 29 de abril, no\u00a0<a class=\"external-link\" title=\"\" href=\"https:\/\/www.in.gov.br\/en\/web\/dou\/-\/portaria-gm\/mma-n-1.052-de-25-de-abril-de-2024-556536031\" target=\"_blank\" rel=\"noopener\" data-tippreview-enabled=\"false\" data-tippreview-image=\"\" data-tippreview-title=\"\">Di\u00e1rio Oficial da Uni\u00e3o<\/a>, o calend\u00e1rio de emerg\u00eancia ambiental em \u00e1reas mais suscet\u00edveis a inc\u00eandios florestais entre fevereiro de 2024 e abril de 2025.<\/p>\n<p style=\"text-align: justify;\">A publica\u00e7\u00e3o da portaria que declara estado de emerg\u00eancia ambiental \u00e9 um procedimento anual baseado na Lei 8.745\/1993, que disp\u00f5e sobre a contrata\u00e7\u00e3o por tempo determinado para atender a necessidade tempor\u00e1ria de excepcional interesse p\u00fablico.<\/p>\n<p style=\"text-align: justify;\">Trata-se de etapa fundamental para a contrata\u00e7\u00e3o de brigadistas pelo Programa de Brigadas Federais do Centro Nacional de Preven\u00e7\u00e3o e Combate aos Inc\u00eandios Florestais (Prevfogo) do Instituto Brasileiro do Meio Ambiente e dos Recursos Naturais Renov\u00e1veis (Ibama).<\/p>\n<p style=\"text-align: justify;\">Para cada per\u00edodo e regi\u00e3o, s\u00e3o contratadas brigadas especializadas em biomas, com agentes ind\u00edgenas, quilombolas e de comunidades que conhe\u00e7am o territ\u00f3rio e possam contribuir efetivamente com as a\u00e7\u00f5es preventivas.<\/p>\n<p style=\"text-align: justify;\">Confira as regi\u00f5es do pa\u00eds com estado de emerg\u00eancia ambiental declarado em \u00e9pocas espec\u00edficas:<\/p>\n<p style=\"text-align: justify;\"><strong>De fevereiro a setembro de 2024:<\/strong><\/p>\n<ul style=\"text-align: justify;\">\n<li>Paran\u00e1, as mesorregi\u00f5es: Centro Ocidental Paranaense e Noroeste Paranaense; e<\/li>\n<li>Rio Grande do Sul, as mesorregi\u00f5es: Centro Ocidental Riograndense e Metropolitana de Porto Alegre.<\/li>\n<\/ul>\n<p style=\"text-align: justify;\"><strong>De mar\u00e7o a outubro de 2024:<\/strong><\/p>\n<ul style=\"text-align: justify;\">\n<li>Minas Gerais, as mesorregi\u00f5es: Central Mineira, Noroeste de Minas, Sul\/Sudoeste de Minas e Tri\u00e2ngulo Mineiro\/Alto Parana\u00edba;<\/li>\n<li>Mato Grosso do Sul, as mesorregi\u00f5es: Centro Norte de Mato Grosso do Sul e Leste de Mato Grosso do Sul;<\/li>\n<li>Paran\u00e1, as mesorregi\u00f5es: Centro Oriental Paranaense, Norte Central Paranaense, Norte Pioneiro Paranaense, Oeste Paranaense e Sudoeste Paranaense;<\/li>\n<li>Rio Grande do Sul, as mesorregi\u00f5es: Centro Oriental Riograndense, Nordeste Rio-grandense e Sudeste Rio-grandense;<\/li>\n<li>S\u00e3o Paulo, as mesorregi\u00f5es: S\u00e3o Jos\u00e9 do Rio Preto e Vale do Para\u00edba Paulista.<\/li>\n<\/ul>\n<p style=\"text-align: justify;\"><strong>De abril a novembro de 2024:<\/strong><\/p>\n<ul style=\"text-align: justify;\">\n<li>Acre;<\/li>\n<li>Amazonas, a mesorregi\u00e3o Sul Amazonense;<\/li>\n<li>Bahia, as mesorregi\u00f5es: Extremo Oeste Baiano e Vale S\u00e3o Franciscano da Bahia;<\/li>\n<li>Distrito Federal;<\/li>\n<li>Goi\u00e1s;<\/li>\n<li>Minas Gerais, as mesorregi\u00f5es: Jequitinhonha, Metropolitana de Belo Horizonte, Norte de Minas, Oeste de Minas, Vale do Mucuri, Vale do Rio Doce e Zona da Mata; Campo das Vertentes;<\/li>\n<li>Mato Grosso, as mesorregi\u00f5es: Sudoeste Mato-grossense, Nordeste Mato-grossense, Sudeste Mato-grossense e Norte Mato-grossense;<\/li>\n<li>Paran\u00e1, a mesorregi\u00e3o Metropolitana de Curitiba;<\/li>\n<li>Piau\u00ed, a mesorregi\u00e3o Sudeste Piauiense;<\/li>\n<li>Rio de Janeiro;<\/li>\n<li>Rio Grande do Sul, a mesorregi\u00e3o Noroeste Rio-grandense; e<\/li>\n<li>Tocantins.<\/li>\n<\/ul>\n<p style=\"text-align: justify;\"><strong>De maio a dezembro de 2024:<\/strong><\/p>\n<ul style=\"text-align: justify;\">\n<li>Amap\u00e1, a mesorregi\u00e3o Norte do Amap\u00e1;<\/li>\n<li>Amazonas, as mesorregi\u00f5es: Centro Amazonense e Sudoeste Amazonense;<\/li>\n<li>Bahia, a mesorregi\u00e3o Vale S\u00e3o Franciscano da Bahia;<\/li>\n<li>Cear\u00e1, a mesorregi\u00e3o Jaguaribe;<\/li>\n<li>Mato Grosso do Sul, as mesorregi\u00f5es: Pantanais de Mato Grosso do Sul e Sudoeste de Mato Grosso do Sul;<\/li>\n<li>Maranh\u00e3o, as mesorregi\u00f5es: Centro Maranhense, Leste Maranhense, Norte Maranhense e Sul Maranhense;<\/li>\n<li>Mato Grosso, a mesorregi\u00e3o Centro-Sul Mato-grossense;<\/li>\n<li>Par\u00e1, as mesorregi\u00f5es: Baixo Amazonas, Maraj\u00e1, Nordeste Paraense, Sudeste Paraense e Sudoeste Paraense;<\/li>\n<li>Paran\u00e1, a mesorregi\u00e3o: Centro-Sul Paranaense;<\/li>\n<li>Piau\u00ed, as mesorregi\u00f5es: Centro-Norte Piauiense, Norte Piauiense e Sudoeste Piauiense;<\/li>\n<li>Rio Grande do Sul, a mesorregi\u00e3o Sudoeste Rio-grandense;<\/li>\n<li>Rond\u00f4nia, as mesorregi\u00f5es: Leste Rondoniense e Madeira-Guapor\u00e9; e<\/li>\n<li>Distrito Federal.<\/li>\n<\/ul>\n<p style=\"text-align: justify;\"><strong>De junho de 2024 a janeiro de 2025:<\/strong><\/p>\n<ul style=\"text-align: justify;\">\n<li>Amap\u00e1, a mesorregi\u00e3o Sul do Amap\u00e1;<\/li>\n<li>Bahia, as mesorregi\u00f5es: Centro Norte Baiano e Centro Sul Baiano;<\/li>\n<li>Cear\u00e1, as mesorregi\u00f5es: Centro-Sul Cearense, Metropolitana de Fortaleza, Norte Cearense, Sert\u00f5es Cearenses e Sul Cearense;<\/li>\n<li>Maranh\u00e3o, a mesorregi\u00e3o Oeste Maranhense;<\/li>\n<li>Par\u00e1, as mesorregi\u00f5es Metropolitana de Bel\u00e9m e Nordeste Paraense;<\/li>\n<li>Pernambuco, as mesorregi\u00f5es: Sert\u00e3o Pernambucano e S\u00e3o Francisco Pernambucano; e<\/li>\n<li>S\u00e3o Paulo, as mesorregi\u00f5es: Bauru, Campinas, ltapetininga, Litoral Sul Paulista, Metropolitana de S\u00e3o Paulo, Ara\u00e7atuba, Araraquara, Assis, Macro Metropolitana Paulista, Mar\u00edlia, Piracicaba, Presidente Prudente e Ribeir\u00e3o Preto.<\/li>\n<\/ul>\n<p style=\"text-align: justify;\"><strong>De julho de 2024 a fevereiro de 2025:<\/strong><\/p>\n<ul style=\"text-align: justify;\">\n<li>Amazonas, a mesorregi\u00e3o Norte Amazonense;<\/li>\n<li>Cear\u00e1, a mesorregi\u00e3o Noroeste Cearense; e<\/li>\n<li>Pernambuco, a mesorregi\u00e3o Metropolitana de Recife.<\/li>\n<\/ul>\n<p style=\"text-align: justify;\"><strong>De agosto de 2024 a mar\u00e7o de 2025:<\/strong><\/p>\n<ul style=\"text-align: justify;\">\n<li>Pernambuco, a mesorregi\u00e3o Mata Pernambucana.<\/li>\n<li>De setembro de 2024 a abril de 2025:<\/li>\n<li>Bahia, as mesorregi\u00f5es: Metropolitana de Salvador, Nordeste Baiano e Sul Baiano;<\/li>\n<li>Pernambuco, a mesorregi\u00e3o Agreste Pernambucano; e<\/li>\n<li>Roraima.<\/li>\n<\/ul>\n<p style=\"text-align: justify;\"><em><strong>Secretaria de Comunica\u00e7\u00e3o Social<\/strong><\/em><\/p>\n<p style=\"text-align: justify;\"><em><strong>Presid\u00eancia da Rep\u00fablica<\/strong><\/em><\/p>\n","protected":false},"excerpt":{"rendered":"<p>Portaria publicada no Di\u00e1rio Oficial viabiliza planejamento de brigadas federais para combate aos poss\u00edveis inc\u00eandios florestais at\u00e9 abril de 2025 OMinist\u00e9rio do Meio Ambiente e Mudan\u00e7a do Clima publicou nesta segunda-feira, 29 de abril, no\u00a0Di\u00e1rio Oficial da Uni\u00e3o, o calend\u00e1rio de emerg\u00eancia ambiental em \u00e1reas mais suscet\u00edveis a inc\u00eandios florestais entre fevereiro de 2024 e [&hellip;]<\/p>\n","protected":false},"author":2,"featured_media":48795,"comment_status":"open","ping_status":"open","sticky":false,"template":"","format":"standard","meta":{"footnotes":""},"categories":[68],"tags":[],"class_list":{"0":"post-48794","1":"post","2":"type-post","3":"status-publish","4":"format-standard","5":"has-post-thumbnail","7":"category-brasil"},"yoast_head":"<!-- This site is optimized with the Yoast SEO Premium plugin v24.5 (Yoast SEO v27.4) - https:\/\/yoast.com\/product\/yoast-seo-premium-wordpress\/ -->\n<title>Governo define calend\u00e1rio de \u00e1reas em emerg\u00eancia ambiental por risco de inc\u00eandios florestais - P31<\/title>\n<meta name=\"robots\" content=\"index, follow, max-snippet:-1, max-image-preview:large, max-video-preview:-1\" \/>\n<link rel=\"canonical\" href=\"https:\/\/www.p31noticias.com.br\/?p=48794\" \/>\n<meta property=\"og:locale\" content=\"pt_BR\" \/>\n<meta property=\"og:type\" content=\"article\" \/>\n<meta property=\"og:title\" content=\"Governo define calend\u00e1rio de \u00e1reas em emerg\u00eancia ambiental por risco de inc\u00eandios florestais\" \/>\n<meta property=\"og:description\" content=\"Portaria publicada no Di\u00e1rio Oficial viabiliza planejamento de brigadas federais para combate aos poss\u00edveis inc\u00eandios florestais at\u00e9 abril de 2025 OMinist\u00e9rio do Meio Ambiente e Mudan\u00e7a do Clima publicou nesta segunda-feira, 29 de abril, no\u00a0Di\u00e1rio Oficial da Uni\u00e3o, o calend\u00e1rio de emerg\u00eancia ambiental em \u00e1reas mais suscet\u00edveis a inc\u00eandios florestais entre fevereiro de 2024 e [&hellip;]\" \/>\n<meta property=\"og:url\" content=\"https:\/\/www.p31noticias.com.br\/?p=48794\" \/>\n<meta property=\"og:site_name\" content=\"P31\" \/>\n<meta property=\"article:published_time\" content=\"2024-04-30T14:00:28+00:00\" \/>\n<meta property=\"og:image\" content=\"https:\/\/www.p31noticias.com.br\/wp-content\/uploads\/2024\/04\/unnamed-10-madlfkbmga.jpg\" \/>\n\t<meta property=\"og:image:width\" content=\"1110\" \/>\n\t<meta property=\"og:image:height\" content=\"753\" \/>\n\t<meta property=\"og:image:type\" content=\"image\/jpeg\" \/>\n<meta name=\"author\" content=\"Gon\u00e7alves Junior\" \/>\n<meta name=\"twitter:card\" content=\"summary_large_image\" \/>\n<meta name=\"twitter:label1\" content=\"Escrito por\" \/>\n\t<meta name=\"twitter:data1\" content=\"Gon\u00e7alves Junior\" \/>\n\t<meta name=\"twitter:label2\" content=\"Est. tempo de leitura\" \/>\n\t<meta name=\"twitter:data2\" content=\"4 minutos\" \/>\n<script type=\"application\/ld+json\" class=\"yoast-schema-graph\">{\"@context\":\"https:\\\/\\\/schema.org\",\"@graph\":[{\"@type\":\"Article\",\"@id\":\"https:\\\/\\\/www.p31noticias.com.br\\\/?p=48794#article\",\"isPartOf\":{\"@id\":\"https:\\\/\\\/www.p31noticias.com.br\\\/?p=48794\"},\"author\":{\"name\":\"Gon\u00e7alves Junior\",\"@id\":\"https:\\\/\\\/www.p31noticias.com.br\\\/#\\\/schema\\\/person\\\/95f2ece30e3b4132065b915150cd0f94\"},\"headline\":\"Governo define calend\u00e1rio de \u00e1reas em emerg\u00eancia ambiental por risco de inc\u00eandios florestais\",\"datePublished\":\"2024-04-30T14:00:28+00:00\",\"mainEntityOfPage\":{\"@id\":\"https:\\\/\\\/www.p31noticias.com.br\\\/?p=48794\"},\"wordCount\":757,\"commentCount\":0,\"image\":{\"@id\":\"https:\\\/\\\/www.p31noticias.com.br\\\/?p=48794#primaryimage\"},\"thumbnailUrl\":\"https:\\\/\\\/www.p31noticias.com.br\\\/wp-content\\\/uploads\\\/2024\\\/04\\\/unnamed-10-madlfkbmga.jpg\",\"articleSection\":[\"Brasil\"],\"inLanguage\":\"pt-BR\",\"potentialAction\":[{\"@type\":\"CommentAction\",\"name\":\"Comment\",\"target\":[\"https:\\\/\\\/www.p31noticias.com.br\\\/?p=48794#respond\"]}],\"copyrightYear\":\"2024\",\"copyrightHolder\":{\"@id\":\"https:\\\/\\\/www.p31noticias.com.br\\\/#organization\"}},{\"@type\":\"WebPage\",\"@id\":\"https:\\\/\\\/www.p31noticias.com.br\\\/?p=48794\",\"url\":\"https:\\\/\\\/www.p31noticias.com.br\\\/?p=48794\",\"name\":\"Governo define calend\u00e1rio de \u00e1reas em emerg\u00eancia ambiental por risco de inc\u00eandios florestais - P31\",\"isPartOf\":{\"@id\":\"https:\\\/\\\/www.p31noticias.com.br\\\/#website\"},\"primaryImageOfPage\":{\"@id\":\"https:\\\/\\\/www.p31noticias.com.br\\\/?p=48794#primaryimage\"},\"image\":{\"@id\":\"https:\\\/\\\/www.p31noticias.com.br\\\/?p=48794#primaryimage\"},\"thumbnailUrl\":\"https:\\\/\\\/www.p31noticias.com.br\\\/wp-content\\\/uploads\\\/2024\\\/04\\\/unnamed-10-madlfkbmga.jpg\",\"datePublished\":\"2024-04-30T14:00:28+00:00\",\"author\":{\"@id\":\"https:\\\/\\\/www.p31noticias.com.br\\\/#\\\/schema\\\/person\\\/95f2ece30e3b4132065b915150cd0f94\"},\"breadcrumb\":{\"@id\":\"https:\\\/\\\/www.p31noticias.com.br\\\/?p=48794#breadcrumb\"},\"inLanguage\":\"pt-BR\",\"potentialAction\":[{\"@type\":\"ReadAction\",\"target\":[\"https:\\\/\\\/www.p31noticias.com.br\\\/?p=48794\"]}]},{\"@type\":\"ImageObject\",\"inLanguage\":\"pt-BR\",\"@id\":\"https:\\\/\\\/www.p31noticias.com.br\\\/?p=48794#primaryimage\",\"url\":\"https:\\\/\\\/www.p31noticias.com.br\\\/wp-content\\\/uploads\\\/2024\\\/04\\\/unnamed-10-madlfkbmga.jpg\",\"contentUrl\":\"https:\\\/\\\/www.p31noticias.com.br\\\/wp-content\\\/uploads\\\/2024\\\/04\\\/unnamed-10-madlfkbmga.jpg\",\"width\":1110,\"height\":753},{\"@type\":\"BreadcrumbList\",\"@id\":\"https:\\\/\\\/www.p31noticias.com.br\\\/?p=48794#breadcrumb\",\"itemListElement\":[{\"@type\":\"ListItem\",\"position\":1,\"name\":\"In\u00edcio\",\"item\":\"https:\\\/\\\/www.p31noticias.com.br\\\/\"},{\"@type\":\"ListItem\",\"position\":2,\"name\":\"Governo define calend\u00e1rio de \u00e1reas em emerg\u00eancia ambiental por risco de inc\u00eandios florestais\"}]},{\"@type\":\"WebSite\",\"@id\":\"https:\\\/\\\/www.p31noticias.com.br\\\/#website\",\"url\":\"https:\\\/\\\/www.p31noticias.com.br\\\/\",\"name\":\"P31\",\"description\":\"NOT\u00cdCIAS\",\"potentialAction\":[{\"@type\":\"SearchAction\",\"target\":{\"@type\":\"EntryPoint\",\"urlTemplate\":\"https:\\\/\\\/www.p31noticias.com.br\\\/?s={search_term_string}\"},\"query-input\":{\"@type\":\"PropertyValueSpecification\",\"valueRequired\":true,\"valueName\":\"search_term_string\"}}],\"inLanguage\":\"pt-BR\"},{\"@type\":\"Person\",\"@id\":\"https:\\\/\\\/www.p31noticias.com.br\\\/#\\\/schema\\\/person\\\/95f2ece30e3b4132065b915150cd0f94\",\"name\":\"Gon\u00e7alves Junior\",\"image\":{\"@type\":\"ImageObject\",\"inLanguage\":\"pt-BR\",\"@id\":\"https:\\\/\\\/secure.gravatar.com\\\/avatar\\\/6711f350116a89762687a48d66f723c799e5438a5b7578508d4294cd7a5d0800?s=96&d=mm&r=g\",\"url\":\"https:\\\/\\\/secure.gravatar.com\\\/avatar\\\/6711f350116a89762687a48d66f723c799e5438a5b7578508d4294cd7a5d0800?s=96&d=mm&r=g\",\"contentUrl\":\"https:\\\/\\\/secure.gravatar.com\\\/avatar\\\/6711f350116a89762687a48d66f723c799e5438a5b7578508d4294cd7a5d0800?s=96&d=mm&r=g\",\"caption\":\"Gon\u00e7alves Junior\"},\"url\":\"https:\\\/\\\/www.p31noticias.com.br\\\/?author=2\"}]}<\/script>\n<!-- \/ Yoast SEO Premium plugin. -->","yoast_head_json":{"title":"Governo define calend\u00e1rio de \u00e1reas em emerg\u00eancia ambiental por risco de inc\u00eandios florestais - P31","robots":{"index":"index","follow":"follow","max-snippet":"max-snippet:-1","max-image-preview":"max-image-preview:large","max-video-preview":"max-video-preview:-1"},"canonical":"https:\/\/www.p31noticias.com.br\/?p=48794","og_locale":"pt_BR","og_type":"article","og_title":"Governo define calend\u00e1rio de \u00e1reas em emerg\u00eancia ambiental por risco de inc\u00eandios florestais","og_description":"Portaria publicada no Di\u00e1rio Oficial viabiliza planejamento de brigadas federais para combate aos poss\u00edveis inc\u00eandios florestais at\u00e9 abril de 2025 OMinist\u00e9rio do Meio Ambiente e Mudan\u00e7a do Clima publicou nesta segunda-feira, 29 de abril, no\u00a0Di\u00e1rio Oficial da Uni\u00e3o, o calend\u00e1rio de emerg\u00eancia ambiental em \u00e1reas mais suscet\u00edveis a inc\u00eandios florestais entre fevereiro de 2024 e [&hellip;]","og_url":"https:\/\/www.p31noticias.com.br\/?p=48794","og_site_name":"P31","article_published_time":"2024-04-30T14:00:28+00:00","og_image":[{"width":1110,"height":753,"url":"https:\/\/www.p31noticias.com.br\/wp-content\/uploads\/2024\/04\/unnamed-10-madlfkbmga.jpg","type":"image\/jpeg"}],"author":"Gon\u00e7alves Junior","twitter_card":"summary_large_image","twitter_misc":{"Escrito por":"Gon\u00e7alves Junior","Est. tempo de leitura":"4 minutos"},"schema":{"@context":"https:\/\/schema.org","@graph":[{"@type":"Article","@id":"https:\/\/www.p31noticias.com.br\/?p=48794#article","isPartOf":{"@id":"https:\/\/www.p31noticias.com.br\/?p=48794"},"author":{"name":"Gon\u00e7alves Junior","@id":"https:\/\/www.p31noticias.com.br\/#\/schema\/person\/95f2ece30e3b4132065b915150cd0f94"},"headline":"Governo define calend\u00e1rio de \u00e1reas em emerg\u00eancia ambiental por risco de inc\u00eandios florestais","datePublished":"2024-04-30T14:00:28+00:00","mainEntityOfPage":{"@id":"https:\/\/www.p31noticias.com.br\/?p=48794"},"wordCount":757,"commentCount":0,"image":{"@id":"https:\/\/www.p31noticias.com.br\/?p=48794#primaryimage"},"thumbnailUrl":"https:\/\/www.p31noticias.com.br\/wp-content\/uploads\/2024\/04\/unnamed-10-madlfkbmga.jpg","articleSection":["Brasil"],"inLanguage":"pt-BR","potentialAction":[{"@type":"CommentAction","name":"Comment","target":["https:\/\/www.p31noticias.com.br\/?p=48794#respond"]}],"copyrightYear":"2024","copyrightHolder":{"@id":"https:\/\/www.p31noticias.com.br\/#organization"}},{"@type":"WebPage","@id":"https:\/\/www.p31noticias.com.br\/?p=48794","url":"https:\/\/www.p31noticias.com.br\/?p=48794","name":"Governo define calend\u00e1rio de \u00e1reas em emerg\u00eancia ambiental por risco de inc\u00eandios florestais - P31","isPartOf":{"@id":"https:\/\/www.p31noticias.com.br\/#website"},"primaryImageOfPage":{"@id":"https:\/\/www.p31noticias.com.br\/?p=48794#primaryimage"},"image":{"@id":"https:\/\/www.p31noticias.com.br\/?p=48794#primaryimage"},"thumbnailUrl":"https:\/\/www.p31noticias.com.br\/wp-content\/uploads\/2024\/04\/unnamed-10-madlfkbmga.jpg","datePublished":"2024-04-30T14:00:28+00:00","author":{"@id":"https:\/\/www.p31noticias.com.br\/#\/schema\/person\/95f2ece30e3b4132065b915150cd0f94"},"breadcrumb":{"@id":"https:\/\/www.p31noticias.com.br\/?p=48794#breadcrumb"},"inLanguage":"pt-BR","potentialAction":[{"@type":"ReadAction","target":["https:\/\/www.p31noticias.com.br\/?p=48794"]}]},{"@type":"ImageObject","inLanguage":"pt-BR","@id":"https:\/\/www.p31noticias.com.br\/?p=48794#primaryimage","url":"https:\/\/www.p31noticias.com.br\/wp-content\/uploads\/2024\/04\/unnamed-10-madlfkbmga.jpg","contentUrl":"https:\/\/www.p31noticias.com.br\/wp-content\/uploads\/2024\/04\/unnamed-10-madlfkbmga.jpg","width":1110,"height":753},{"@type":"BreadcrumbList","@id":"https:\/\/www.p31noticias.com.br\/?p=48794#breadcrumb","itemListElement":[{"@type":"ListItem","position":1,"name":"In\u00edcio","item":"https:\/\/www.p31noticias.com.br\/"},{"@type":"ListItem","position":2,"name":"Governo define calend\u00e1rio de \u00e1reas em emerg\u00eancia ambiental por risco de inc\u00eandios florestais"}]},{"@type":"WebSite","@id":"https:\/\/www.p31noticias.com.br\/#website","url":"https:\/\/www.p31noticias.com.br\/","name":"P31","description":"NOT\u00cdCIAS","potentialAction":[{"@type":"SearchAction","target":{"@type":"EntryPoint","urlTemplate":"https:\/\/www.p31noticias.com.br\/?s={search_term_string}"},"query-input":{"@type":"PropertyValueSpecification","valueRequired":true,"valueName":"search_term_string"}}],"inLanguage":"pt-BR"},{"@type":"Person","@id":"https:\/\/www.p31noticias.com.br\/#\/schema\/person\/95f2ece30e3b4132065b915150cd0f94","name":"Gon\u00e7alves Junior","image":{"@type":"ImageObject","inLanguage":"pt-BR","@id":"https:\/\/secure.gravatar.com\/avatar\/6711f350116a89762687a48d66f723c799e5438a5b7578508d4294cd7a5d0800?s=96&d=mm&r=g","url":"https:\/\/secure.gravatar.com\/avatar\/6711f350116a89762687a48d66f723c799e5438a5b7578508d4294cd7a5d0800?s=96&d=mm&r=g","contentUrl":"https:\/\/secure.gravatar.com\/avatar\/6711f350116a89762687a48d66f723c799e5438a5b7578508d4294cd7a5d0800?s=96&d=mm&r=g","caption":"Gon\u00e7alves Junior"},"url":"https:\/\/www.p31noticias.com.br\/?author=2"}]}},"amp_enabled":true,"_links":{"self":[{"href":"https:\/\/www.p31noticias.com.br\/index.php?rest_route=\/wp\/v2\/posts\/48794","targetHints":{"allow":["GET"]}}],"collection":[{"href":"https:\/\/www.p31noticias.com.br\/index.php?rest_route=\/wp\/v2\/posts"}],"about":[{"href":"https:\/\/www.p31noticias.com.br\/index.php?rest_route=\/wp\/v2\/types\/post"}],"author":[{"embeddable":true,"href":"https:\/\/www.p31noticias.com.br\/index.php?rest_route=\/wp\/v2\/users\/2"}],"replies":[{"embeddable":true,"href":"https:\/\/www.p31noticias.com.br\/index.php?rest_route=%2Fwp%2Fv2%2Fcomments&post=48794"}],"version-history":[{"count":1,"href":"https:\/\/www.p31noticias.com.br\/index.php?rest_route=\/wp\/v2\/posts\/48794\/revisions"}],"predecessor-version":[{"id":48796,"href":"https:\/\/www.p31noticias.com.br\/index.php?rest_route=\/wp\/v2\/posts\/48794\/revisions\/48796"}],"wp:featuredmedia":[{"embeddable":true,"href":"https:\/\/www.p31noticias.com.br\/index.php?rest_route=\/wp\/v2\/media\/48795"}],"wp:attachment":[{"href":"https:\/\/www.p31noticias.com.br\/index.php?rest_route=%2Fwp%2Fv2%2Fmedia&parent=48794"}],"wp:term":[{"taxonomy":"category","embeddable":true,"href":"https:\/\/www.p31noticias.com.br\/index.php?rest_route=%2Fwp%2Fv2%2Fcategories&post=48794"},{"taxonomy":"post_tag","embeddable":true,"href":"https:\/\/www.p31noticias.com.br\/index.php?rest_route=%2Fwp%2Fv2%2Ftags&post=48794"}],"curies":[{"name":"wp","href":"https:\/\/api.w.org\/{rel}","templated":true}]}}