{"id":48786,"date":"2024-04-30T09:30:08","date_gmt":"2024-04-30T12:30:08","guid":{"rendered":"https:\/\/p31noticias.com.br\/quase-100-espacos-publicos-reformados-pelo-programa-adote-uma-praca\/"},"modified":"2024-04-30T09:30:08","modified_gmt":"2024-04-30T12:30:08","slug":"quase-100-espacos-publicos-reformados-pelo-programa-adote-uma-praca","status":"publish","type":"post","link":"https:\/\/www.p31noticias.com.br\/?p=48786","title":{"rendered":"Quase 100 espa\u00e7os p\u00fablicos reformados pelo programa Adote uma Pra\u00e7a"},"content":{"rendered":"<p>\u00c1reas p\u00fablicas em diversas regi\u00f5es administrativas da capital est\u00e3o de cara nova. As mudan\u00e7as ocorrem por meio do programa Adote uma Pra\u00e7a, iniciativa criada em 2019 pelo Governo do Distrito Federal (GDF) para promover benfeitorias em locais p\u00fablicos da cidade em parceria com empres\u00e1rios e moradores. Desde o surgimento foram recebidos 370 pedidos de ado\u00e7\u00e3o, [\u2026]<\/p>\n<p>O post <a href=\"https:\/\/www.delioandrade.com.br\/quase-100-espacos-publicos-reformados-pelo-programa-adote-uma-praca\/\">Quase 100 espa\u00e7os p\u00fablicos reformados pelo programa Adote uma Pra\u00e7a<\/a> apareceu primeiro em <a href=\"https:\/\/www.delioandrade.com.br\/\">Blog do D\u00c9LIO ANDRADE<\/a>.<\/p>\n","protected":false},"excerpt":{"rendered":"<p>\u00c1reas p\u00fablicas em diversas regi\u00f5es administrativas da capital est\u00e3o de cara nova. As mudan\u00e7as ocorrem por meio do programa Adote uma Pra\u00e7a, iniciativa criada em 2019 pelo Governo do Distrito Federal (GDF) para promover benfeitorias em locais p\u00fablicos da cidade em parceria com empres\u00e1rios e moradores. Desde o surgimento foram recebidos 370 pedidos de ado\u00e7\u00e3o, [&hellip;]<\/p>\n","protected":false},"author":0,"featured_media":48787,"comment_status":"open","ping_status":"open","sticky":false,"template":"","format":"standard","meta":{"footnotes":""},"categories":[21],"tags":[],"class_list":{"0":"post-48786","1":"post","2":"type-post","3":"status-publish","4":"format-standard","5":"has-post-thumbnail","7":"category-brasilia"},"yoast_head":"<!-- This site is optimized with the Yoast SEO Premium plugin v24.5 (Yoast SEO v27.4) - https:\/\/yoast.com\/product\/yoast-seo-premium-wordpress\/ -->\n<title>Quase 100 espa\u00e7os p\u00fablicos reformados pelo programa Adote uma Pra\u00e7a - P31<\/title>\n<meta name=\"robots\" content=\"index, follow, max-snippet:-1, max-image-preview:large, max-video-preview:-1\" \/>\n<link rel=\"canonical\" href=\"https:\/\/www.p31noticias.com.br\/?p=48786\" \/>\n<meta property=\"og:locale\" content=\"pt_BR\" \/>\n<meta property=\"og:type\" content=\"article\" \/>\n<meta property=\"og:title\" content=\"Quase 100 espa\u00e7os p\u00fablicos reformados pelo programa Adote uma Pra\u00e7a\" \/>\n<meta property=\"og:description\" content=\"\u00c1reas p\u00fablicas em diversas regi\u00f5es administrativas da capital est\u00e3o de cara nova. As mudan\u00e7as ocorrem por meio do programa Adote uma Pra\u00e7a, iniciativa criada em 2019 pelo Governo do Distrito Federal (GDF) para promover benfeitorias em locais p\u00fablicos da cidade em parceria com empres\u00e1rios e moradores. Desde o surgimento foram recebidos 370 pedidos de ado\u00e7\u00e3o, [&hellip;]\" \/>\n<meta property=\"og:url\" content=\"https:\/\/www.p31noticias.com.br\/?p=48786\" \/>\n<meta property=\"og:site_name\" content=\"P31\" \/>\n<meta property=\"article:published_time\" content=\"2024-04-30T12:30:08+00:00\" \/>\n<meta property=\"og:image\" content=\"https:\/\/www.p31noticias.com.br\/wp-content\/uploads\/2024\/04\/Capa_1-12-KhIbiv-150x150-VwAgF6.jpeg\" \/>\n\t<meta property=\"og:image:width\" content=\"150\" \/>\n\t<meta property=\"og:image:height\" content=\"150\" \/>\n\t<meta property=\"og:image:type\" content=\"image\/jpeg\" \/>\n<meta name=\"twitter:card\" content=\"summary_large_image\" \/>\n<script type=\"application\/ld+json\" class=\"yoast-schema-graph\">{\"@context\":\"https:\\\/\\\/schema.org\",\"@graph\":[{\"@type\":\"Article\",\"@id\":\"https:\\\/\\\/www.p31noticias.com.br\\\/?p=48786#article\",\"isPartOf\":{\"@id\":\"https:\\\/\\\/www.p31noticias.com.br\\\/?p=48786\"},\"author\":{\"name\":\"\",\"@id\":\"\"},\"headline\":\"Quase 100 espa\u00e7os p\u00fablicos reformados pelo programa Adote uma Pra\u00e7a\",\"datePublished\":\"2024-04-30T12:30:08+00:00\",\"mainEntityOfPage\":{\"@id\":\"https:\\\/\\\/www.p31noticias.com.br\\\/?p=48786\"},\"wordCount\":95,\"commentCount\":0,\"image\":{\"@id\":\"https:\\\/\\\/www.p31noticias.com.br\\\/?p=48786#primaryimage\"},\"thumbnailUrl\":\"https:\\\/\\\/www.p31noticias.com.br\\\/wp-content\\\/uploads\\\/2024\\\/04\\\/Capa_1-12-KhIbiv-150x150-VwAgF6.jpeg\",\"articleSection\":[\"Bras\u00edlia\"],\"inLanguage\":\"pt-BR\",\"potentialAction\":[{\"@type\":\"CommentAction\",\"name\":\"Comment\",\"target\":[\"https:\\\/\\\/www.p31noticias.com.br\\\/?p=48786#respond\"]}],\"copyrightYear\":\"2024\",\"copyrightHolder\":{\"@id\":\"https:\\\/\\\/www.p31noticias.com.br\\\/#organization\"}},{\"@type\":\"WebPage\",\"@id\":\"https:\\\/\\\/www.p31noticias.com.br\\\/?p=48786\",\"url\":\"https:\\\/\\\/www.p31noticias.com.br\\\/?p=48786\",\"name\":\"Quase 100 espa\u00e7os p\u00fablicos reformados pelo programa Adote uma Pra\u00e7a - P31\",\"isPartOf\":{\"@id\":\"https:\\\/\\\/www.p31noticias.com.br\\\/#website\"},\"primaryImageOfPage\":{\"@id\":\"https:\\\/\\\/www.p31noticias.com.br\\\/?p=48786#primaryimage\"},\"image\":{\"@id\":\"https:\\\/\\\/www.p31noticias.com.br\\\/?p=48786#primaryimage\"},\"thumbnailUrl\":\"https:\\\/\\\/www.p31noticias.com.br\\\/wp-content\\\/uploads\\\/2024\\\/04\\\/Capa_1-12-KhIbiv-150x150-VwAgF6.jpeg\",\"datePublished\":\"2024-04-30T12:30:08+00:00\",\"author\":{\"@id\":\"\"},\"breadcrumb\":{\"@id\":\"https:\\\/\\\/www.p31noticias.com.br\\\/?p=48786#breadcrumb\"},\"inLanguage\":\"pt-BR\",\"potentialAction\":[{\"@type\":\"ReadAction\",\"target\":[\"https:\\\/\\\/www.p31noticias.com.br\\\/?p=48786\"]}]},{\"@type\":\"ImageObject\",\"inLanguage\":\"pt-BR\",\"@id\":\"https:\\\/\\\/www.p31noticias.com.br\\\/?p=48786#primaryimage\",\"url\":\"https:\\\/\\\/www.p31noticias.com.br\\\/wp-content\\\/uploads\\\/2024\\\/04\\\/Capa_1-12-KhIbiv-150x150-VwAgF6.jpeg\",\"contentUrl\":\"https:\\\/\\\/www.p31noticias.com.br\\\/wp-content\\\/uploads\\\/2024\\\/04\\\/Capa_1-12-KhIbiv-150x150-VwAgF6.jpeg\",\"width\":150,\"height\":150},{\"@type\":\"BreadcrumbList\",\"@id\":\"https:\\\/\\\/www.p31noticias.com.br\\\/?p=48786#breadcrumb\",\"itemListElement\":[{\"@type\":\"ListItem\",\"position\":1,\"name\":\"In\u00edcio\",\"item\":\"https:\\\/\\\/www.p31noticias.com.br\\\/\"},{\"@type\":\"ListItem\",\"position\":2,\"name\":\"Quase 100 espa\u00e7os p\u00fablicos reformados pelo programa Adote uma Pra\u00e7a\"}]},{\"@type\":\"WebSite\",\"@id\":\"https:\\\/\\\/www.p31noticias.com.br\\\/#website\",\"url\":\"https:\\\/\\\/www.p31noticias.com.br\\\/\",\"name\":\"P31\",\"description\":\"NOT\u00cdCIAS\",\"potentialAction\":[{\"@type\":\"SearchAction\",\"target\":{\"@type\":\"EntryPoint\",\"urlTemplate\":\"https:\\\/\\\/www.p31noticias.com.br\\\/?s={search_term_string}\"},\"query-input\":{\"@type\":\"PropertyValueSpecification\",\"valueRequired\":true,\"valueName\":\"search_term_string\"}}],\"inLanguage\":\"pt-BR\"}]}<\/script>\n<!-- \/ Yoast SEO Premium plugin. -->","yoast_head_json":{"title":"Quase 100 espa\u00e7os p\u00fablicos reformados pelo programa Adote uma Pra\u00e7a - P31","robots":{"index":"index","follow":"follow","max-snippet":"max-snippet:-1","max-image-preview":"max-image-preview:large","max-video-preview":"max-video-preview:-1"},"canonical":"https:\/\/www.p31noticias.com.br\/?p=48786","og_locale":"pt_BR","og_type":"article","og_title":"Quase 100 espa\u00e7os p\u00fablicos reformados pelo programa Adote uma Pra\u00e7a","og_description":"\u00c1reas p\u00fablicas em diversas regi\u00f5es administrativas da capital est\u00e3o de cara nova. As mudan\u00e7as ocorrem por meio do programa Adote uma Pra\u00e7a, iniciativa criada em 2019 pelo Governo do Distrito Federal (GDF) para promover benfeitorias em locais p\u00fablicos da cidade em parceria com empres\u00e1rios e moradores. Desde o surgimento foram recebidos 370 pedidos de ado\u00e7\u00e3o, [&hellip;]","og_url":"https:\/\/www.p31noticias.com.br\/?p=48786","og_site_name":"P31","article_published_time":"2024-04-30T12:30:08+00:00","og_image":[{"width":150,"height":150,"url":"https:\/\/www.p31noticias.com.br\/wp-content\/uploads\/2024\/04\/Capa_1-12-KhIbiv-150x150-VwAgF6.jpeg","type":"image\/jpeg"}],"twitter_card":"summary_large_image","schema":{"@context":"https:\/\/schema.org","@graph":[{"@type":"Article","@id":"https:\/\/www.p31noticias.com.br\/?p=48786#article","isPartOf":{"@id":"https:\/\/www.p31noticias.com.br\/?p=48786"},"author":{"name":"","@id":""},"headline":"Quase 100 espa\u00e7os p\u00fablicos reformados pelo programa Adote uma Pra\u00e7a","datePublished":"2024-04-30T12:30:08+00:00","mainEntityOfPage":{"@id":"https:\/\/www.p31noticias.com.br\/?p=48786"},"wordCount":95,"commentCount":0,"image":{"@id":"https:\/\/www.p31noticias.com.br\/?p=48786#primaryimage"},"thumbnailUrl":"https:\/\/www.p31noticias.com.br\/wp-content\/uploads\/2024\/04\/Capa_1-12-KhIbiv-150x150-VwAgF6.jpeg","articleSection":["Bras\u00edlia"],"inLanguage":"pt-BR","potentialAction":[{"@type":"CommentAction","name":"Comment","target":["https:\/\/www.p31noticias.com.br\/?p=48786#respond"]}],"copyrightYear":"2024","copyrightHolder":{"@id":"https:\/\/www.p31noticias.com.br\/#organization"}},{"@type":"WebPage","@id":"https:\/\/www.p31noticias.com.br\/?p=48786","url":"https:\/\/www.p31noticias.com.br\/?p=48786","name":"Quase 100 espa\u00e7os p\u00fablicos reformados pelo programa Adote uma Pra\u00e7a - P31","isPartOf":{"@id":"https:\/\/www.p31noticias.com.br\/#website"},"primaryImageOfPage":{"@id":"https:\/\/www.p31noticias.com.br\/?p=48786#primaryimage"},"image":{"@id":"https:\/\/www.p31noticias.com.br\/?p=48786#primaryimage"},"thumbnailUrl":"https:\/\/www.p31noticias.com.br\/wp-content\/uploads\/2024\/04\/Capa_1-12-KhIbiv-150x150-VwAgF6.jpeg","datePublished":"2024-04-30T12:30:08+00:00","author":{"@id":""},"breadcrumb":{"@id":"https:\/\/www.p31noticias.com.br\/?p=48786#breadcrumb"},"inLanguage":"pt-BR","potentialAction":[{"@type":"ReadAction","target":["https:\/\/www.p31noticias.com.br\/?p=48786"]}]},{"@type":"ImageObject","inLanguage":"pt-BR","@id":"https:\/\/www.p31noticias.com.br\/?p=48786#primaryimage","url":"https:\/\/www.p31noticias.com.br\/wp-content\/uploads\/2024\/04\/Capa_1-12-KhIbiv-150x150-VwAgF6.jpeg","contentUrl":"https:\/\/www.p31noticias.com.br\/wp-content\/uploads\/2024\/04\/Capa_1-12-KhIbiv-150x150-VwAgF6.jpeg","width":150,"height":150},{"@type":"BreadcrumbList","@id":"https:\/\/www.p31noticias.com.br\/?p=48786#breadcrumb","itemListElement":[{"@type":"ListItem","position":1,"name":"In\u00edcio","item":"https:\/\/www.p31noticias.com.br\/"},{"@type":"ListItem","position":2,"name":"Quase 100 espa\u00e7os p\u00fablicos reformados pelo programa Adote uma Pra\u00e7a"}]},{"@type":"WebSite","@id":"https:\/\/www.p31noticias.com.br\/#website","url":"https:\/\/www.p31noticias.com.br\/","name":"P31","description":"NOT\u00cdCIAS","potentialAction":[{"@type":"SearchAction","target":{"@type":"EntryPoint","urlTemplate":"https:\/\/www.p31noticias.com.br\/?s={search_term_string}"},"query-input":{"@type":"PropertyValueSpecification","valueRequired":true,"valueName":"search_term_string"}}],"inLanguage":"pt-BR"}]}},"amp_enabled":true,"_links":{"self":[{"href":"https:\/\/www.p31noticias.com.br\/index.php?rest_route=\/wp\/v2\/posts\/48786","targetHints":{"allow":["GET"]}}],"collection":[{"href":"https:\/\/www.p31noticias.com.br\/index.php?rest_route=\/wp\/v2\/posts"}],"about":[{"href":"https:\/\/www.p31noticias.com.br\/index.php?rest_route=\/wp\/v2\/types\/post"}],"replies":[{"embeddable":true,"href":"https:\/\/www.p31noticias.com.br\/index.php?rest_route=%2Fwp%2Fv2%2Fcomments&post=48786"}],"version-history":[{"count":0,"href":"https:\/\/www.p31noticias.com.br\/index.php?rest_route=\/wp\/v2\/posts\/48786\/revisions"}],"wp:featuredmedia":[{"embeddable":true,"href":"https:\/\/www.p31noticias.com.br\/index.php?rest_route=\/wp\/v2\/media\/48787"}],"wp:attachment":[{"href":"https:\/\/www.p31noticias.com.br\/index.php?rest_route=%2Fwp%2Fv2%2Fmedia&parent=48786"}],"wp:term":[{"taxonomy":"category","embeddable":true,"href":"https:\/\/www.p31noticias.com.br\/index.php?rest_route=%2Fwp%2Fv2%2Fcategories&post=48786"},{"taxonomy":"post_tag","embeddable":true,"href":"https:\/\/www.p31noticias.com.br\/index.php?rest_route=%2Fwp%2Fv2%2Ftags&post=48786"}],"curies":[{"name":"wp","href":"https:\/\/api.w.org\/{rel}","templated":true}]}}