{"id":48775,"date":"2024-04-30T03:31:20","date_gmt":"2024-04-30T06:31:20","guid":{"rendered":"https:\/\/p31noticias.com.br\/criminosos-de-farda-diz-soldado-que-denunciou-tortura-na-pmdf\/"},"modified":"2024-04-30T03:31:20","modified_gmt":"2024-04-30T06:31:20","slug":"criminosos-de-farda-diz-soldado-que-denunciou-tortura-na-pmdf","status":"publish","type":"post","link":"https:\/\/www.p31noticias.com.br\/?p=48775","title":{"rendered":"\u201cCriminosos de farda\u201d, diz soldado que denunciou tortura na PMDF"},"content":{"rendered":"<p>O policial militar que denunciou ter sido v\u00edtima de tortura durante um curso de forma\u00e7\u00e3o de Patrulhamento T\u00e1tico M\u00f3vel da Pol\u00edcia Militar do Distrito Federal (PMDF) diz que as acusa\u00e7\u00f5es, que ganharam as p\u00e1ginas de not\u00edcia nessa segunda-feira (29\/4), n\u00e3o s\u00e3o para ferir a corpora\u00e7\u00e3o, mas para denunciar \u201ccriminosos de farda\u201d. Danilo Martins, 34 anos, [\u2026]<\/p>\n<p>O post <a href=\"https:\/\/www.delioandrade.com.br\/criminosos-de-farda-diz-soldado-que-denunciou-tortura-na-pmdf\/\">\u201cCriminosos de farda\u201d, diz soldado que denunciou tortura na PMDF<\/a> apareceu primeiro em <a href=\"https:\/\/www.delioandrade.com.br\/\">Blog do D\u00c9LIO ANDRADE<\/a>.<\/p>\n","protected":false},"excerpt":{"rendered":"<p>O policial militar que denunciou ter sido v\u00edtima de tortura durante um curso de forma\u00e7\u00e3o de Patrulhamento T\u00e1tico M\u00f3vel da Pol\u00edcia Militar do Distrito Federal (PMDF) diz que as acusa\u00e7\u00f5es, que ganharam as p\u00e1ginas de not\u00edcia nessa segunda-feira (29\/4), n\u00e3o s\u00e3o para ferir a corpora\u00e7\u00e3o, mas para denunciar \u201ccriminosos de farda\u201d. Danilo Martins, 34 anos, [&hellip;]<\/p>\n","protected":false},"author":0,"featured_media":0,"comment_status":"open","ping_status":"open","sticky":false,"template":"","format":"standard","meta":{"footnotes":""},"categories":[21],"tags":[],"class_list":{"0":"post-48775","1":"post","2":"type-post","3":"status-publish","4":"format-standard","6":"category-brasilia"},"yoast_head":"<!-- This site is optimized with the Yoast SEO Premium plugin v24.5 (Yoast SEO v27.4) - https:\/\/yoast.com\/product\/yoast-seo-premium-wordpress\/ -->\n<title>\u201cCriminosos de farda\u201d, diz soldado que denunciou tortura na PMDF - P31<\/title>\n<meta name=\"robots\" content=\"index, follow, max-snippet:-1, max-image-preview:large, max-video-preview:-1\" \/>\n<link rel=\"canonical\" href=\"https:\/\/www.p31noticias.com.br\/?p=48775\" \/>\n<meta property=\"og:locale\" content=\"pt_BR\" \/>\n<meta property=\"og:type\" content=\"article\" \/>\n<meta property=\"og:title\" content=\"\u201cCriminosos de farda\u201d, diz soldado que denunciou tortura na PMDF\" \/>\n<meta property=\"og:description\" content=\"O policial militar que denunciou ter sido v\u00edtima de tortura durante um curso de forma\u00e7\u00e3o de Patrulhamento T\u00e1tico M\u00f3vel da Pol\u00edcia Militar do Distrito Federal (PMDF) diz que as acusa\u00e7\u00f5es, que ganharam as p\u00e1ginas de not\u00edcia nessa segunda-feira (29\/4), n\u00e3o s\u00e3o para ferir a corpora\u00e7\u00e3o, mas para denunciar \u201ccriminosos de farda\u201d. Danilo Martins, 34 anos, [&hellip;]\" \/>\n<meta property=\"og:url\" content=\"https:\/\/www.p31noticias.com.br\/?p=48775\" \/>\n<meta property=\"og:site_name\" content=\"P31\" \/>\n<meta property=\"article:published_time\" content=\"2024-04-30T06:31:20+00:00\" \/>\n<meta name=\"twitter:card\" content=\"summary_large_image\" \/>\n<script type=\"application\/ld+json\" class=\"yoast-schema-graph\">{\"@context\":\"https:\\\/\\\/schema.org\",\"@graph\":[{\"@type\":\"Article\",\"@id\":\"https:\\\/\\\/www.p31noticias.com.br\\\/?p=48775#article\",\"isPartOf\":{\"@id\":\"https:\\\/\\\/www.p31noticias.com.br\\\/?p=48775\"},\"author\":{\"name\":\"\",\"@id\":\"\"},\"headline\":\"\u201cCriminosos de farda\u201d, diz soldado que denunciou tortura na PMDF\",\"datePublished\":\"2024-04-30T06:31:20+00:00\",\"mainEntityOfPage\":{\"@id\":\"https:\\\/\\\/www.p31noticias.com.br\\\/?p=48775\"},\"wordCount\":94,\"commentCount\":0,\"articleSection\":[\"Bras\u00edlia\"],\"inLanguage\":\"pt-BR\",\"potentialAction\":[{\"@type\":\"CommentAction\",\"name\":\"Comment\",\"target\":[\"https:\\\/\\\/www.p31noticias.com.br\\\/?p=48775#respond\"]}],\"copyrightYear\":\"2024\",\"copyrightHolder\":{\"@id\":\"https:\\\/\\\/www.p31noticias.com.br\\\/#organization\"}},{\"@type\":\"WebPage\",\"@id\":\"https:\\\/\\\/www.p31noticias.com.br\\\/?p=48775\",\"url\":\"https:\\\/\\\/www.p31noticias.com.br\\\/?p=48775\",\"name\":\"\u201cCriminosos de farda\u201d, diz soldado que denunciou tortura na PMDF - P31\",\"isPartOf\":{\"@id\":\"https:\\\/\\\/www.p31noticias.com.br\\\/#website\"},\"datePublished\":\"2024-04-30T06:31:20+00:00\",\"author\":{\"@id\":\"\"},\"breadcrumb\":{\"@id\":\"https:\\\/\\\/www.p31noticias.com.br\\\/?p=48775#breadcrumb\"},\"inLanguage\":\"pt-BR\",\"potentialAction\":[{\"@type\":\"ReadAction\",\"target\":[\"https:\\\/\\\/www.p31noticias.com.br\\\/?p=48775\"]}]},{\"@type\":\"BreadcrumbList\",\"@id\":\"https:\\\/\\\/www.p31noticias.com.br\\\/?p=48775#breadcrumb\",\"itemListElement\":[{\"@type\":\"ListItem\",\"position\":1,\"name\":\"In\u00edcio\",\"item\":\"https:\\\/\\\/www.p31noticias.com.br\\\/\"},{\"@type\":\"ListItem\",\"position\":2,\"name\":\"\u201cCriminosos de farda\u201d, diz soldado que denunciou tortura na PMDF\"}]},{\"@type\":\"WebSite\",\"@id\":\"https:\\\/\\\/www.p31noticias.com.br\\\/#website\",\"url\":\"https:\\\/\\\/www.p31noticias.com.br\\\/\",\"name\":\"P31\",\"description\":\"NOT\u00cdCIAS\",\"potentialAction\":[{\"@type\":\"SearchAction\",\"target\":{\"@type\":\"EntryPoint\",\"urlTemplate\":\"https:\\\/\\\/www.p31noticias.com.br\\\/?s={search_term_string}\"},\"query-input\":{\"@type\":\"PropertyValueSpecification\",\"valueRequired\":true,\"valueName\":\"search_term_string\"}}],\"inLanguage\":\"pt-BR\"}]}<\/script>\n<!-- \/ Yoast SEO Premium plugin. -->","yoast_head_json":{"title":"\u201cCriminosos de farda\u201d, diz soldado que denunciou tortura na PMDF - P31","robots":{"index":"index","follow":"follow","max-snippet":"max-snippet:-1","max-image-preview":"max-image-preview:large","max-video-preview":"max-video-preview:-1"},"canonical":"https:\/\/www.p31noticias.com.br\/?p=48775","og_locale":"pt_BR","og_type":"article","og_title":"\u201cCriminosos de farda\u201d, diz soldado que denunciou tortura na PMDF","og_description":"O policial militar que denunciou ter sido v\u00edtima de tortura durante um curso de forma\u00e7\u00e3o de Patrulhamento T\u00e1tico M\u00f3vel da Pol\u00edcia Militar do Distrito Federal (PMDF) diz que as acusa\u00e7\u00f5es, que ganharam as p\u00e1ginas de not\u00edcia nessa segunda-feira (29\/4), n\u00e3o s\u00e3o para ferir a corpora\u00e7\u00e3o, mas para denunciar \u201ccriminosos de farda\u201d. Danilo Martins, 34 anos, [&hellip;]","og_url":"https:\/\/www.p31noticias.com.br\/?p=48775","og_site_name":"P31","article_published_time":"2024-04-30T06:31:20+00:00","twitter_card":"summary_large_image","schema":{"@context":"https:\/\/schema.org","@graph":[{"@type":"Article","@id":"https:\/\/www.p31noticias.com.br\/?p=48775#article","isPartOf":{"@id":"https:\/\/www.p31noticias.com.br\/?p=48775"},"author":{"name":"","@id":""},"headline":"\u201cCriminosos de farda\u201d, diz soldado que denunciou tortura na PMDF","datePublished":"2024-04-30T06:31:20+00:00","mainEntityOfPage":{"@id":"https:\/\/www.p31noticias.com.br\/?p=48775"},"wordCount":94,"commentCount":0,"articleSection":["Bras\u00edlia"],"inLanguage":"pt-BR","potentialAction":[{"@type":"CommentAction","name":"Comment","target":["https:\/\/www.p31noticias.com.br\/?p=48775#respond"]}],"copyrightYear":"2024","copyrightHolder":{"@id":"https:\/\/www.p31noticias.com.br\/#organization"}},{"@type":"WebPage","@id":"https:\/\/www.p31noticias.com.br\/?p=48775","url":"https:\/\/www.p31noticias.com.br\/?p=48775","name":"\u201cCriminosos de farda\u201d, diz soldado que denunciou tortura na PMDF - P31","isPartOf":{"@id":"https:\/\/www.p31noticias.com.br\/#website"},"datePublished":"2024-04-30T06:31:20+00:00","author":{"@id":""},"breadcrumb":{"@id":"https:\/\/www.p31noticias.com.br\/?p=48775#breadcrumb"},"inLanguage":"pt-BR","potentialAction":[{"@type":"ReadAction","target":["https:\/\/www.p31noticias.com.br\/?p=48775"]}]},{"@type":"BreadcrumbList","@id":"https:\/\/www.p31noticias.com.br\/?p=48775#breadcrumb","itemListElement":[{"@type":"ListItem","position":1,"name":"In\u00edcio","item":"https:\/\/www.p31noticias.com.br\/"},{"@type":"ListItem","position":2,"name":"\u201cCriminosos de farda\u201d, diz soldado que denunciou tortura na PMDF"}]},{"@type":"WebSite","@id":"https:\/\/www.p31noticias.com.br\/#website","url":"https:\/\/www.p31noticias.com.br\/","name":"P31","description":"NOT\u00cdCIAS","potentialAction":[{"@type":"SearchAction","target":{"@type":"EntryPoint","urlTemplate":"https:\/\/www.p31noticias.com.br\/?s={search_term_string}"},"query-input":{"@type":"PropertyValueSpecification","valueRequired":true,"valueName":"search_term_string"}}],"inLanguage":"pt-BR"}]}},"amp_enabled":true,"_links":{"self":[{"href":"https:\/\/www.p31noticias.com.br\/index.php?rest_route=\/wp\/v2\/posts\/48775","targetHints":{"allow":["GET"]}}],"collection":[{"href":"https:\/\/www.p31noticias.com.br\/index.php?rest_route=\/wp\/v2\/posts"}],"about":[{"href":"https:\/\/www.p31noticias.com.br\/index.php?rest_route=\/wp\/v2\/types\/post"}],"replies":[{"embeddable":true,"href":"https:\/\/www.p31noticias.com.br\/index.php?rest_route=%2Fwp%2Fv2%2Fcomments&post=48775"}],"version-history":[{"count":0,"href":"https:\/\/www.p31noticias.com.br\/index.php?rest_route=\/wp\/v2\/posts\/48775\/revisions"}],"wp:attachment":[{"href":"https:\/\/www.p31noticias.com.br\/index.php?rest_route=%2Fwp%2Fv2%2Fmedia&parent=48775"}],"wp:term":[{"taxonomy":"category","embeddable":true,"href":"https:\/\/www.p31noticias.com.br\/index.php?rest_route=%2Fwp%2Fv2%2Fcategories&post=48775"},{"taxonomy":"post_tag","embeddable":true,"href":"https:\/\/www.p31noticias.com.br\/index.php?rest_route=%2Fwp%2Fv2%2Ftags&post=48775"}],"curies":[{"name":"wp","href":"https:\/\/api.w.org\/{rel}","templated":true}]}}