{"id":48771,"date":"2024-04-30T03:31:20","date_gmt":"2024-04-30T06:31:20","guid":{"rendered":"https:\/\/p31noticias.com.br\/deputado-pedro-westphalen-destaca-a-importancia-do-tripe-acesso-sustentabilidade-e-responsabilidade-no-acesso-a-saude\/"},"modified":"2024-04-30T03:31:20","modified_gmt":"2024-04-30T06:31:20","slug":"deputado-pedro-westphalen-destaca-a-importancia-do-tripe-acesso-sustentabilidade-e-responsabilidade-no-acesso-a-saude","status":"publish","type":"post","link":"https:\/\/www.p31noticias.com.br\/?p=48771","title":{"rendered":"Deputado Pedro Westphalen destaca a import\u00e2ncia do trip\u00e9 acesso, sustentabilidade e responsabilidade no acesso \u00e0 sa\u00fade"},"content":{"rendered":"<p>\u00a0 Parlamentar, que \u00e9 presidente da Frente Mista em Defesa dos Servi\u00e7os de Sa\u00fade, falou sobre os desafios do setor no 15\u00b0 Semin\u00e1rio UNIDAS No 15\u00b0 Semin\u00e1rio UNIDAS, evento realizado pela Uni\u00e3o Nacional das Institui\u00e7\u00f5es de Autogest\u00e3o em Sa\u00fade em Bras\u00edlia, o deputado federal Pedro Westphalen (Progressistas), destacou a import\u00e2ncia do equil\u00edbrio entre acesso, responsabilidade [\u2026]<\/p>\n<p>O post <a href=\"https:\/\/www.delioandrade.com.br\/deputado-pedro-westphalen-destaca-a-importancia-do-tripe-acesso-sustentabilidade-e-responsabilidade-no-acesso-a-saude\/\">Deputado Pedro Westphalen destaca a import\u00e2ncia do trip\u00e9 acesso, sustentabilidade e responsabilidade no acesso \u00e0 sa\u00fade<\/a> apareceu primeiro em <a href=\"https:\/\/www.delioandrade.com.br\/\">Blog do D\u00c9LIO ANDRADE<\/a>.<\/p>\n","protected":false},"excerpt":{"rendered":"<p>\u00a0 Parlamentar, que \u00e9 presidente da Frente Mista em Defesa dos Servi\u00e7os de Sa\u00fade, falou sobre os desafios do setor no 15\u00b0 Semin\u00e1rio UNIDAS No 15\u00b0 Semin\u00e1rio UNIDAS, evento realizado pela Uni\u00e3o Nacional das Institui\u00e7\u00f5es de Autogest\u00e3o em Sa\u00fade em Bras\u00edlia, o deputado federal Pedro Westphalen (Progressistas), destacou a import\u00e2ncia do equil\u00edbrio entre acesso, responsabilidade [&hellip;]<\/p>\n","protected":false},"author":0,"featured_media":48772,"comment_status":"open","ping_status":"open","sticky":false,"template":"","format":"standard","meta":{"footnotes":""},"categories":[21],"tags":[],"class_list":{"0":"post-48771","1":"post","2":"type-post","3":"status-publish","4":"format-standard","5":"has-post-thumbnail","7":"category-brasilia"},"yoast_head":"<!-- This site is optimized with the Yoast SEO Premium plugin v24.5 (Yoast SEO v27.4) - https:\/\/yoast.com\/product\/yoast-seo-premium-wordpress\/ -->\n<title>Deputado Pedro Westphalen destaca a import\u00e2ncia do trip\u00e9 acesso, sustentabilidade e responsabilidade no acesso \u00e0 sa\u00fade - P31<\/title>\n<meta name=\"robots\" content=\"index, follow, max-snippet:-1, max-image-preview:large, max-video-preview:-1\" \/>\n<link rel=\"canonical\" href=\"https:\/\/www.p31noticias.com.br\/?p=48771\" \/>\n<meta property=\"og:locale\" content=\"pt_BR\" \/>\n<meta property=\"og:type\" content=\"article\" \/>\n<meta property=\"og:title\" content=\"Deputado Pedro Westphalen destaca a import\u00e2ncia do trip\u00e9 acesso, sustentabilidade e responsabilidade no acesso \u00e0 sa\u00fade\" \/>\n<meta property=\"og:description\" content=\"\u00a0 Parlamentar, que \u00e9 presidente da Frente Mista em Defesa dos Servi\u00e7os de Sa\u00fade, falou sobre os desafios do setor no 15\u00b0 Semin\u00e1rio UNIDAS No 15\u00b0 Semin\u00e1rio UNIDAS, evento realizado pela Uni\u00e3o Nacional das Institui\u00e7\u00f5es de Autogest\u00e3o em Sa\u00fade em Bras\u00edlia, o deputado federal Pedro Westphalen (Progressistas), destacou a import\u00e2ncia do equil\u00edbrio entre acesso, responsabilidade [&hellip;]\" \/>\n<meta property=\"og:url\" content=\"https:\/\/www.p31noticias.com.br\/?p=48771\" \/>\n<meta property=\"og:site_name\" content=\"P31\" \/>\n<meta property=\"article:published_time\" content=\"2024-04-30T06:31:20+00:00\" \/>\n<meta property=\"og:image\" content=\"https:\/\/www.p31noticias.com.br\/wp-content\/uploads\/2024\/04\/DeputadoPedro-150x150-sgijFf-MW6mgN.jpeg\" \/>\n\t<meta property=\"og:image:width\" content=\"150\" \/>\n\t<meta property=\"og:image:height\" content=\"150\" \/>\n\t<meta property=\"og:image:type\" content=\"image\/jpeg\" \/>\n<meta name=\"twitter:card\" content=\"summary_large_image\" \/>\n<script type=\"application\/ld+json\" class=\"yoast-schema-graph\">{\"@context\":\"https:\\\/\\\/schema.org\",\"@graph\":[{\"@type\":\"Article\",\"@id\":\"https:\\\/\\\/www.p31noticias.com.br\\\/?p=48771#article\",\"isPartOf\":{\"@id\":\"https:\\\/\\\/www.p31noticias.com.br\\\/?p=48771\"},\"author\":{\"name\":\"\",\"@id\":\"\"},\"headline\":\"Deputado Pedro Westphalen destaca a import\u00e2ncia do trip\u00e9 acesso, sustentabilidade e responsabilidade no acesso \u00e0 sa\u00fade\",\"datePublished\":\"2024-04-30T06:31:20+00:00\",\"mainEntityOfPage\":{\"@id\":\"https:\\\/\\\/www.p31noticias.com.br\\\/?p=48771\"},\"wordCount\":106,\"commentCount\":0,\"image\":{\"@id\":\"https:\\\/\\\/www.p31noticias.com.br\\\/?p=48771#primaryimage\"},\"thumbnailUrl\":\"https:\\\/\\\/www.p31noticias.com.br\\\/wp-content\\\/uploads\\\/2024\\\/04\\\/DeputadoPedro-150x150-sgijFf-MW6mgN.jpeg\",\"articleSection\":[\"Bras\u00edlia\"],\"inLanguage\":\"pt-BR\",\"potentialAction\":[{\"@type\":\"CommentAction\",\"name\":\"Comment\",\"target\":[\"https:\\\/\\\/www.p31noticias.com.br\\\/?p=48771#respond\"]}],\"copyrightYear\":\"2024\",\"copyrightHolder\":{\"@id\":\"https:\\\/\\\/www.p31noticias.com.br\\\/#organization\"}},{\"@type\":\"WebPage\",\"@id\":\"https:\\\/\\\/www.p31noticias.com.br\\\/?p=48771\",\"url\":\"https:\\\/\\\/www.p31noticias.com.br\\\/?p=48771\",\"name\":\"Deputado Pedro Westphalen destaca a import\u00e2ncia do trip\u00e9 acesso, sustentabilidade e responsabilidade no acesso \u00e0 sa\u00fade - P31\",\"isPartOf\":{\"@id\":\"https:\\\/\\\/www.p31noticias.com.br\\\/#website\"},\"primaryImageOfPage\":{\"@id\":\"https:\\\/\\\/www.p31noticias.com.br\\\/?p=48771#primaryimage\"},\"image\":{\"@id\":\"https:\\\/\\\/www.p31noticias.com.br\\\/?p=48771#primaryimage\"},\"thumbnailUrl\":\"https:\\\/\\\/www.p31noticias.com.br\\\/wp-content\\\/uploads\\\/2024\\\/04\\\/DeputadoPedro-150x150-sgijFf-MW6mgN.jpeg\",\"datePublished\":\"2024-04-30T06:31:20+00:00\",\"author\":{\"@id\":\"\"},\"breadcrumb\":{\"@id\":\"https:\\\/\\\/www.p31noticias.com.br\\\/?p=48771#breadcrumb\"},\"inLanguage\":\"pt-BR\",\"potentialAction\":[{\"@type\":\"ReadAction\",\"target\":[\"https:\\\/\\\/www.p31noticias.com.br\\\/?p=48771\"]}]},{\"@type\":\"ImageObject\",\"inLanguage\":\"pt-BR\",\"@id\":\"https:\\\/\\\/www.p31noticias.com.br\\\/?p=48771#primaryimage\",\"url\":\"https:\\\/\\\/www.p31noticias.com.br\\\/wp-content\\\/uploads\\\/2024\\\/04\\\/DeputadoPedro-150x150-sgijFf-MW6mgN.jpeg\",\"contentUrl\":\"https:\\\/\\\/www.p31noticias.com.br\\\/wp-content\\\/uploads\\\/2024\\\/04\\\/DeputadoPedro-150x150-sgijFf-MW6mgN.jpeg\",\"width\":150,\"height\":150},{\"@type\":\"BreadcrumbList\",\"@id\":\"https:\\\/\\\/www.p31noticias.com.br\\\/?p=48771#breadcrumb\",\"itemListElement\":[{\"@type\":\"ListItem\",\"position\":1,\"name\":\"In\u00edcio\",\"item\":\"https:\\\/\\\/www.p31noticias.com.br\\\/\"},{\"@type\":\"ListItem\",\"position\":2,\"name\":\"Deputado Pedro Westphalen destaca a import\u00e2ncia do trip\u00e9 acesso, sustentabilidade e responsabilidade no acesso \u00e0 sa\u00fade\"}]},{\"@type\":\"WebSite\",\"@id\":\"https:\\\/\\\/www.p31noticias.com.br\\\/#website\",\"url\":\"https:\\\/\\\/www.p31noticias.com.br\\\/\",\"name\":\"P31\",\"description\":\"NOT\u00cdCIAS\",\"potentialAction\":[{\"@type\":\"SearchAction\",\"target\":{\"@type\":\"EntryPoint\",\"urlTemplate\":\"https:\\\/\\\/www.p31noticias.com.br\\\/?s={search_term_string}\"},\"query-input\":{\"@type\":\"PropertyValueSpecification\",\"valueRequired\":true,\"valueName\":\"search_term_string\"}}],\"inLanguage\":\"pt-BR\"}]}<\/script>\n<!-- \/ Yoast SEO Premium plugin. -->","yoast_head_json":{"title":"Deputado Pedro Westphalen destaca a import\u00e2ncia do trip\u00e9 acesso, sustentabilidade e responsabilidade no acesso \u00e0 sa\u00fade - P31","robots":{"index":"index","follow":"follow","max-snippet":"max-snippet:-1","max-image-preview":"max-image-preview:large","max-video-preview":"max-video-preview:-1"},"canonical":"https:\/\/www.p31noticias.com.br\/?p=48771","og_locale":"pt_BR","og_type":"article","og_title":"Deputado Pedro Westphalen destaca a import\u00e2ncia do trip\u00e9 acesso, sustentabilidade e responsabilidade no acesso \u00e0 sa\u00fade","og_description":"\u00a0 Parlamentar, que \u00e9 presidente da Frente Mista em Defesa dos Servi\u00e7os de Sa\u00fade, falou sobre os desafios do setor no 15\u00b0 Semin\u00e1rio UNIDAS No 15\u00b0 Semin\u00e1rio UNIDAS, evento realizado pela Uni\u00e3o Nacional das Institui\u00e7\u00f5es de Autogest\u00e3o em Sa\u00fade em Bras\u00edlia, o deputado federal Pedro Westphalen (Progressistas), destacou a import\u00e2ncia do equil\u00edbrio entre acesso, responsabilidade [&hellip;]","og_url":"https:\/\/www.p31noticias.com.br\/?p=48771","og_site_name":"P31","article_published_time":"2024-04-30T06:31:20+00:00","og_image":[{"width":150,"height":150,"url":"https:\/\/www.p31noticias.com.br\/wp-content\/uploads\/2024\/04\/DeputadoPedro-150x150-sgijFf-MW6mgN.jpeg","type":"image\/jpeg"}],"twitter_card":"summary_large_image","schema":{"@context":"https:\/\/schema.org","@graph":[{"@type":"Article","@id":"https:\/\/www.p31noticias.com.br\/?p=48771#article","isPartOf":{"@id":"https:\/\/www.p31noticias.com.br\/?p=48771"},"author":{"name":"","@id":""},"headline":"Deputado Pedro Westphalen destaca a import\u00e2ncia do trip\u00e9 acesso, sustentabilidade e responsabilidade no acesso \u00e0 sa\u00fade","datePublished":"2024-04-30T06:31:20+00:00","mainEntityOfPage":{"@id":"https:\/\/www.p31noticias.com.br\/?p=48771"},"wordCount":106,"commentCount":0,"image":{"@id":"https:\/\/www.p31noticias.com.br\/?p=48771#primaryimage"},"thumbnailUrl":"https:\/\/www.p31noticias.com.br\/wp-content\/uploads\/2024\/04\/DeputadoPedro-150x150-sgijFf-MW6mgN.jpeg","articleSection":["Bras\u00edlia"],"inLanguage":"pt-BR","potentialAction":[{"@type":"CommentAction","name":"Comment","target":["https:\/\/www.p31noticias.com.br\/?p=48771#respond"]}],"copyrightYear":"2024","copyrightHolder":{"@id":"https:\/\/www.p31noticias.com.br\/#organization"}},{"@type":"WebPage","@id":"https:\/\/www.p31noticias.com.br\/?p=48771","url":"https:\/\/www.p31noticias.com.br\/?p=48771","name":"Deputado Pedro Westphalen destaca a import\u00e2ncia do trip\u00e9 acesso, sustentabilidade e responsabilidade no acesso \u00e0 sa\u00fade - P31","isPartOf":{"@id":"https:\/\/www.p31noticias.com.br\/#website"},"primaryImageOfPage":{"@id":"https:\/\/www.p31noticias.com.br\/?p=48771#primaryimage"},"image":{"@id":"https:\/\/www.p31noticias.com.br\/?p=48771#primaryimage"},"thumbnailUrl":"https:\/\/www.p31noticias.com.br\/wp-content\/uploads\/2024\/04\/DeputadoPedro-150x150-sgijFf-MW6mgN.jpeg","datePublished":"2024-04-30T06:31:20+00:00","author":{"@id":""},"breadcrumb":{"@id":"https:\/\/www.p31noticias.com.br\/?p=48771#breadcrumb"},"inLanguage":"pt-BR","potentialAction":[{"@type":"ReadAction","target":["https:\/\/www.p31noticias.com.br\/?p=48771"]}]},{"@type":"ImageObject","inLanguage":"pt-BR","@id":"https:\/\/www.p31noticias.com.br\/?p=48771#primaryimage","url":"https:\/\/www.p31noticias.com.br\/wp-content\/uploads\/2024\/04\/DeputadoPedro-150x150-sgijFf-MW6mgN.jpeg","contentUrl":"https:\/\/www.p31noticias.com.br\/wp-content\/uploads\/2024\/04\/DeputadoPedro-150x150-sgijFf-MW6mgN.jpeg","width":150,"height":150},{"@type":"BreadcrumbList","@id":"https:\/\/www.p31noticias.com.br\/?p=48771#breadcrumb","itemListElement":[{"@type":"ListItem","position":1,"name":"In\u00edcio","item":"https:\/\/www.p31noticias.com.br\/"},{"@type":"ListItem","position":2,"name":"Deputado Pedro Westphalen destaca a import\u00e2ncia do trip\u00e9 acesso, sustentabilidade e responsabilidade no acesso \u00e0 sa\u00fade"}]},{"@type":"WebSite","@id":"https:\/\/www.p31noticias.com.br\/#website","url":"https:\/\/www.p31noticias.com.br\/","name":"P31","description":"NOT\u00cdCIAS","potentialAction":[{"@type":"SearchAction","target":{"@type":"EntryPoint","urlTemplate":"https:\/\/www.p31noticias.com.br\/?s={search_term_string}"},"query-input":{"@type":"PropertyValueSpecification","valueRequired":true,"valueName":"search_term_string"}}],"inLanguage":"pt-BR"}]}},"amp_enabled":true,"_links":{"self":[{"href":"https:\/\/www.p31noticias.com.br\/index.php?rest_route=\/wp\/v2\/posts\/48771","targetHints":{"allow":["GET"]}}],"collection":[{"href":"https:\/\/www.p31noticias.com.br\/index.php?rest_route=\/wp\/v2\/posts"}],"about":[{"href":"https:\/\/www.p31noticias.com.br\/index.php?rest_route=\/wp\/v2\/types\/post"}],"replies":[{"embeddable":true,"href":"https:\/\/www.p31noticias.com.br\/index.php?rest_route=%2Fwp%2Fv2%2Fcomments&post=48771"}],"version-history":[{"count":0,"href":"https:\/\/www.p31noticias.com.br\/index.php?rest_route=\/wp\/v2\/posts\/48771\/revisions"}],"wp:featuredmedia":[{"embeddable":true,"href":"https:\/\/www.p31noticias.com.br\/index.php?rest_route=\/wp\/v2\/media\/48772"}],"wp:attachment":[{"href":"https:\/\/www.p31noticias.com.br\/index.php?rest_route=%2Fwp%2Fv2%2Fmedia&parent=48771"}],"wp:term":[{"taxonomy":"category","embeddable":true,"href":"https:\/\/www.p31noticias.com.br\/index.php?rest_route=%2Fwp%2Fv2%2Fcategories&post=48771"},{"taxonomy":"post_tag","embeddable":true,"href":"https:\/\/www.p31noticias.com.br\/index.php?rest_route=%2Fwp%2Fv2%2Ftags&post=48771"}],"curies":[{"name":"wp","href":"https:\/\/api.w.org\/{rel}","templated":true}]}}