{"id":48600,"date":"2024-04-27T22:29:47","date_gmt":"2024-04-28T01:29:47","guid":{"rendered":"https:\/\/p31noticias.com.br\/trabalhadores-estendem-horario-para-acelerar-obra-na-w3-sul\/"},"modified":"2024-04-27T22:29:47","modified_gmt":"2024-04-28T01:29:47","slug":"trabalhadores-estendem-horario-para-acelerar-obra-na-w3-sul","status":"publish","type":"post","link":"https:\/\/www.p31noticias.com.br\/?p=48600","title":{"rendered":"Trabalhadores estendem hor\u00e1rio para acelerar obra na W3 Sul"},"content":{"rendered":"<p>As obras na W3 Sul, no sentido Centro-Sul, tiveram o hor\u00e1rio estendido para acelerar ainda mais os trabalhos de concretagem neste s\u00e1bado (27), que seguiram at\u00e9 as 20h. M\u00e1quinas e oper\u00e1rios entraram em a\u00e7\u00e3o na via antes das 8h e, em 12 horas, foram feitos os servi\u00e7os de terraplanagem, compacta\u00e7\u00e3o do solo e concretagem da [\u2026]<\/p>\n<p>O post <a href=\"https:\/\/www.delioandrade.com.br\/trabalhadores-estendem-horario-para-acelerar-obra-na-w3-sul\/\">Trabalhadores estendem hor\u00e1rio para acelerar obra na W3 Sul<\/a> apareceu primeiro em <a href=\"https:\/\/www.delioandrade.com.br\/\">Blog do D\u00c9LIO ANDRADE<\/a>.<\/p>\n","protected":false},"excerpt":{"rendered":"<p>As obras na W3 Sul, no sentido Centro-Sul, tiveram o hor\u00e1rio estendido para acelerar ainda mais os trabalhos de concretagem neste s\u00e1bado (27), que seguiram at\u00e9 as 20h. M\u00e1quinas e oper\u00e1rios entraram em a\u00e7\u00e3o na via antes das 8h e, em 12 horas, foram feitos os servi\u00e7os de terraplanagem, compacta\u00e7\u00e3o do solo e concretagem da [&hellip;]<\/p>\n","protected":false},"author":0,"featured_media":48601,"comment_status":"open","ping_status":"open","sticky":false,"template":"","format":"standard","meta":{"footnotes":""},"categories":[21],"tags":[],"class_list":{"0":"post-48600","1":"post","2":"type-post","3":"status-publish","4":"format-standard","5":"has-post-thumbnail","7":"category-brasilia"},"yoast_head":"<!-- This site is optimized with the Yoast SEO Premium plugin v24.5 (Yoast SEO v27.4) - https:\/\/yoast.com\/product\/yoast-seo-premium-wordpress\/ -->\n<title>Trabalhadores estendem hor\u00e1rio para acelerar obra na W3 Sul - P31<\/title>\n<meta name=\"robots\" content=\"index, follow, max-snippet:-1, max-image-preview:large, max-video-preview:-1\" \/>\n<link rel=\"canonical\" href=\"https:\/\/www.p31noticias.com.br\/?p=48600\" \/>\n<meta property=\"og:locale\" content=\"pt_BR\" \/>\n<meta property=\"og:type\" content=\"article\" \/>\n<meta property=\"og:title\" content=\"Trabalhadores estendem hor\u00e1rio para acelerar obra na W3 Sul\" \/>\n<meta property=\"og:description\" content=\"As obras na W3 Sul, no sentido Centro-Sul, tiveram o hor\u00e1rio estendido para acelerar ainda mais os trabalhos de concretagem neste s\u00e1bado (27), que seguiram at\u00e9 as 20h. M\u00e1quinas e oper\u00e1rios entraram em a\u00e7\u00e3o na via antes das 8h e, em 12 horas, foram feitos os servi\u00e7os de terraplanagem, compacta\u00e7\u00e3o do solo e concretagem da [&hellip;]\" \/>\n<meta property=\"og:url\" content=\"https:\/\/www.p31noticias.com.br\/?p=48600\" \/>\n<meta property=\"og:site_name\" content=\"P31\" \/>\n<meta property=\"article:published_time\" content=\"2024-04-28T01:29:47+00:00\" \/>\n<meta property=\"og:image\" content=\"https:\/\/www.p31noticias.com.br\/wp-content\/uploads\/2024\/04\/WhatsApp-Image-2024-04-27-at-20.20.46-6I4AP8-150x150-ZoeUsS.jpeg\" \/>\n\t<meta property=\"og:image:width\" content=\"150\" \/>\n\t<meta property=\"og:image:height\" content=\"150\" \/>\n\t<meta property=\"og:image:type\" content=\"image\/jpeg\" \/>\n<meta name=\"twitter:card\" content=\"summary_large_image\" \/>\n<script type=\"application\/ld+json\" class=\"yoast-schema-graph\">{\"@context\":\"https:\\\/\\\/schema.org\",\"@graph\":[{\"@type\":\"Article\",\"@id\":\"https:\\\/\\\/www.p31noticias.com.br\\\/?p=48600#article\",\"isPartOf\":{\"@id\":\"https:\\\/\\\/www.p31noticias.com.br\\\/?p=48600\"},\"author\":{\"name\":\"\",\"@id\":\"\"},\"headline\":\"Trabalhadores estendem hor\u00e1rio para acelerar obra na W3 Sul\",\"datePublished\":\"2024-04-28T01:29:47+00:00\",\"mainEntityOfPage\":{\"@id\":\"https:\\\/\\\/www.p31noticias.com.br\\\/?p=48600\"},\"wordCount\":90,\"commentCount\":0,\"image\":{\"@id\":\"https:\\\/\\\/www.p31noticias.com.br\\\/?p=48600#primaryimage\"},\"thumbnailUrl\":\"https:\\\/\\\/www.p31noticias.com.br\\\/wp-content\\\/uploads\\\/2024\\\/04\\\/WhatsApp-Image-2024-04-27-at-20.20.46-6I4AP8-150x150-ZoeUsS.jpeg\",\"articleSection\":[\"Bras\u00edlia\"],\"inLanguage\":\"pt-BR\",\"potentialAction\":[{\"@type\":\"CommentAction\",\"name\":\"Comment\",\"target\":[\"https:\\\/\\\/www.p31noticias.com.br\\\/?p=48600#respond\"]}],\"copyrightYear\":\"2024\",\"copyrightHolder\":{\"@id\":\"https:\\\/\\\/www.p31noticias.com.br\\\/#organization\"}},{\"@type\":\"WebPage\",\"@id\":\"https:\\\/\\\/www.p31noticias.com.br\\\/?p=48600\",\"url\":\"https:\\\/\\\/www.p31noticias.com.br\\\/?p=48600\",\"name\":\"Trabalhadores estendem hor\u00e1rio para acelerar obra na W3 Sul - P31\",\"isPartOf\":{\"@id\":\"https:\\\/\\\/www.p31noticias.com.br\\\/#website\"},\"primaryImageOfPage\":{\"@id\":\"https:\\\/\\\/www.p31noticias.com.br\\\/?p=48600#primaryimage\"},\"image\":{\"@id\":\"https:\\\/\\\/www.p31noticias.com.br\\\/?p=48600#primaryimage\"},\"thumbnailUrl\":\"https:\\\/\\\/www.p31noticias.com.br\\\/wp-content\\\/uploads\\\/2024\\\/04\\\/WhatsApp-Image-2024-04-27-at-20.20.46-6I4AP8-150x150-ZoeUsS.jpeg\",\"datePublished\":\"2024-04-28T01:29:47+00:00\",\"author\":{\"@id\":\"\"},\"breadcrumb\":{\"@id\":\"https:\\\/\\\/www.p31noticias.com.br\\\/?p=48600#breadcrumb\"},\"inLanguage\":\"pt-BR\",\"potentialAction\":[{\"@type\":\"ReadAction\",\"target\":[\"https:\\\/\\\/www.p31noticias.com.br\\\/?p=48600\"]}]},{\"@type\":\"ImageObject\",\"inLanguage\":\"pt-BR\",\"@id\":\"https:\\\/\\\/www.p31noticias.com.br\\\/?p=48600#primaryimage\",\"url\":\"https:\\\/\\\/www.p31noticias.com.br\\\/wp-content\\\/uploads\\\/2024\\\/04\\\/WhatsApp-Image-2024-04-27-at-20.20.46-6I4AP8-150x150-ZoeUsS.jpeg\",\"contentUrl\":\"https:\\\/\\\/www.p31noticias.com.br\\\/wp-content\\\/uploads\\\/2024\\\/04\\\/WhatsApp-Image-2024-04-27-at-20.20.46-6I4AP8-150x150-ZoeUsS.jpeg\",\"width\":150,\"height\":150},{\"@type\":\"BreadcrumbList\",\"@id\":\"https:\\\/\\\/www.p31noticias.com.br\\\/?p=48600#breadcrumb\",\"itemListElement\":[{\"@type\":\"ListItem\",\"position\":1,\"name\":\"In\u00edcio\",\"item\":\"https:\\\/\\\/www.p31noticias.com.br\\\/\"},{\"@type\":\"ListItem\",\"position\":2,\"name\":\"Trabalhadores estendem hor\u00e1rio para acelerar obra na W3 Sul\"}]},{\"@type\":\"WebSite\",\"@id\":\"https:\\\/\\\/www.p31noticias.com.br\\\/#website\",\"url\":\"https:\\\/\\\/www.p31noticias.com.br\\\/\",\"name\":\"P31\",\"description\":\"NOT\u00cdCIAS\",\"potentialAction\":[{\"@type\":\"SearchAction\",\"target\":{\"@type\":\"EntryPoint\",\"urlTemplate\":\"https:\\\/\\\/www.p31noticias.com.br\\\/?s={search_term_string}\"},\"query-input\":{\"@type\":\"PropertyValueSpecification\",\"valueRequired\":true,\"valueName\":\"search_term_string\"}}],\"inLanguage\":\"pt-BR\"}]}<\/script>\n<!-- \/ Yoast SEO Premium plugin. -->","yoast_head_json":{"title":"Trabalhadores estendem hor\u00e1rio para acelerar obra na W3 Sul - P31","robots":{"index":"index","follow":"follow","max-snippet":"max-snippet:-1","max-image-preview":"max-image-preview:large","max-video-preview":"max-video-preview:-1"},"canonical":"https:\/\/www.p31noticias.com.br\/?p=48600","og_locale":"pt_BR","og_type":"article","og_title":"Trabalhadores estendem hor\u00e1rio para acelerar obra na W3 Sul","og_description":"As obras na W3 Sul, no sentido Centro-Sul, tiveram o hor\u00e1rio estendido para acelerar ainda mais os trabalhos de concretagem neste s\u00e1bado (27), que seguiram at\u00e9 as 20h. M\u00e1quinas e oper\u00e1rios entraram em a\u00e7\u00e3o na via antes das 8h e, em 12 horas, foram feitos os servi\u00e7os de terraplanagem, compacta\u00e7\u00e3o do solo e concretagem da [&hellip;]","og_url":"https:\/\/www.p31noticias.com.br\/?p=48600","og_site_name":"P31","article_published_time":"2024-04-28T01:29:47+00:00","og_image":[{"width":150,"height":150,"url":"https:\/\/www.p31noticias.com.br\/wp-content\/uploads\/2024\/04\/WhatsApp-Image-2024-04-27-at-20.20.46-6I4AP8-150x150-ZoeUsS.jpeg","type":"image\/jpeg"}],"twitter_card":"summary_large_image","schema":{"@context":"https:\/\/schema.org","@graph":[{"@type":"Article","@id":"https:\/\/www.p31noticias.com.br\/?p=48600#article","isPartOf":{"@id":"https:\/\/www.p31noticias.com.br\/?p=48600"},"author":{"name":"","@id":""},"headline":"Trabalhadores estendem hor\u00e1rio para acelerar obra na W3 Sul","datePublished":"2024-04-28T01:29:47+00:00","mainEntityOfPage":{"@id":"https:\/\/www.p31noticias.com.br\/?p=48600"},"wordCount":90,"commentCount":0,"image":{"@id":"https:\/\/www.p31noticias.com.br\/?p=48600#primaryimage"},"thumbnailUrl":"https:\/\/www.p31noticias.com.br\/wp-content\/uploads\/2024\/04\/WhatsApp-Image-2024-04-27-at-20.20.46-6I4AP8-150x150-ZoeUsS.jpeg","articleSection":["Bras\u00edlia"],"inLanguage":"pt-BR","potentialAction":[{"@type":"CommentAction","name":"Comment","target":["https:\/\/www.p31noticias.com.br\/?p=48600#respond"]}],"copyrightYear":"2024","copyrightHolder":{"@id":"https:\/\/www.p31noticias.com.br\/#organization"}},{"@type":"WebPage","@id":"https:\/\/www.p31noticias.com.br\/?p=48600","url":"https:\/\/www.p31noticias.com.br\/?p=48600","name":"Trabalhadores estendem hor\u00e1rio para acelerar obra na W3 Sul - P31","isPartOf":{"@id":"https:\/\/www.p31noticias.com.br\/#website"},"primaryImageOfPage":{"@id":"https:\/\/www.p31noticias.com.br\/?p=48600#primaryimage"},"image":{"@id":"https:\/\/www.p31noticias.com.br\/?p=48600#primaryimage"},"thumbnailUrl":"https:\/\/www.p31noticias.com.br\/wp-content\/uploads\/2024\/04\/WhatsApp-Image-2024-04-27-at-20.20.46-6I4AP8-150x150-ZoeUsS.jpeg","datePublished":"2024-04-28T01:29:47+00:00","author":{"@id":""},"breadcrumb":{"@id":"https:\/\/www.p31noticias.com.br\/?p=48600#breadcrumb"},"inLanguage":"pt-BR","potentialAction":[{"@type":"ReadAction","target":["https:\/\/www.p31noticias.com.br\/?p=48600"]}]},{"@type":"ImageObject","inLanguage":"pt-BR","@id":"https:\/\/www.p31noticias.com.br\/?p=48600#primaryimage","url":"https:\/\/www.p31noticias.com.br\/wp-content\/uploads\/2024\/04\/WhatsApp-Image-2024-04-27-at-20.20.46-6I4AP8-150x150-ZoeUsS.jpeg","contentUrl":"https:\/\/www.p31noticias.com.br\/wp-content\/uploads\/2024\/04\/WhatsApp-Image-2024-04-27-at-20.20.46-6I4AP8-150x150-ZoeUsS.jpeg","width":150,"height":150},{"@type":"BreadcrumbList","@id":"https:\/\/www.p31noticias.com.br\/?p=48600#breadcrumb","itemListElement":[{"@type":"ListItem","position":1,"name":"In\u00edcio","item":"https:\/\/www.p31noticias.com.br\/"},{"@type":"ListItem","position":2,"name":"Trabalhadores estendem hor\u00e1rio para acelerar obra na W3 Sul"}]},{"@type":"WebSite","@id":"https:\/\/www.p31noticias.com.br\/#website","url":"https:\/\/www.p31noticias.com.br\/","name":"P31","description":"NOT\u00cdCIAS","potentialAction":[{"@type":"SearchAction","target":{"@type":"EntryPoint","urlTemplate":"https:\/\/www.p31noticias.com.br\/?s={search_term_string}"},"query-input":{"@type":"PropertyValueSpecification","valueRequired":true,"valueName":"search_term_string"}}],"inLanguage":"pt-BR"}]}},"amp_enabled":true,"_links":{"self":[{"href":"https:\/\/www.p31noticias.com.br\/index.php?rest_route=\/wp\/v2\/posts\/48600","targetHints":{"allow":["GET"]}}],"collection":[{"href":"https:\/\/www.p31noticias.com.br\/index.php?rest_route=\/wp\/v2\/posts"}],"about":[{"href":"https:\/\/www.p31noticias.com.br\/index.php?rest_route=\/wp\/v2\/types\/post"}],"replies":[{"embeddable":true,"href":"https:\/\/www.p31noticias.com.br\/index.php?rest_route=%2Fwp%2Fv2%2Fcomments&post=48600"}],"version-history":[{"count":0,"href":"https:\/\/www.p31noticias.com.br\/index.php?rest_route=\/wp\/v2\/posts\/48600\/revisions"}],"wp:featuredmedia":[{"embeddable":true,"href":"https:\/\/www.p31noticias.com.br\/index.php?rest_route=\/wp\/v2\/media\/48601"}],"wp:attachment":[{"href":"https:\/\/www.p31noticias.com.br\/index.php?rest_route=%2Fwp%2Fv2%2Fmedia&parent=48600"}],"wp:term":[{"taxonomy":"category","embeddable":true,"href":"https:\/\/www.p31noticias.com.br\/index.php?rest_route=%2Fwp%2Fv2%2Fcategories&post=48600"},{"taxonomy":"post_tag","embeddable":true,"href":"https:\/\/www.p31noticias.com.br\/index.php?rest_route=%2Fwp%2Fv2%2Ftags&post=48600"}],"curies":[{"name":"wp","href":"https:\/\/api.w.org\/{rel}","templated":true}]}}