{"id":48589,"date":"2024-04-27T17:39:20","date_gmt":"2024-04-27T20:39:20","guid":{"rendered":"https:\/\/p31noticias.com.br\/acao-extramuros-leva-imunizacao-e-servicos-de-saude-a-planaltina\/"},"modified":"2024-04-27T17:39:20","modified_gmt":"2024-04-27T20:39:20","slug":"acao-extramuros-leva-imunizacao-e-servicos-de-saude-a-planaltina","status":"publish","type":"post","link":"https:\/\/www.p31noticias.com.br\/?p=48589","title":{"rendered":"A\u00e7\u00e3o extramuros leva imuniza\u00e7\u00e3o e servi\u00e7os de sa\u00fade \u00e0 Planaltina"},"content":{"rendered":"<p>Ao passar pr\u00f3ximo \u00e0 Administra\u00e7\u00e3o Regional de Planaltina neste s\u00e1bado (27), Silvano Barbosa de Sousa, 47, n\u00e3o esperava receber quatro imunizantes ao mesmo tempo. No local, em uma a\u00e7\u00e3o longe das salas de vacina, uma equipe da Secretaria de Sa\u00fade do Distrito Federal (SES-DF) oferecia prote\u00e7\u00e3o contra diversas doen\u00e7as do calend\u00e1rio de rotina. A\u00e7\u00e3o realizada [\u2026]<\/p>\n<p>O post <a href=\"https:\/\/www.delioandrade.com.br\/acao-extramuros-leva-imunizacao-e-servicos-de-saude-a-planaltina\/\">A\u00e7\u00e3o extramuros leva imuniza\u00e7\u00e3o e servi\u00e7os de sa\u00fade \u00e0 Planaltina<\/a> apareceu primeiro em <a href=\"https:\/\/www.delioandrade.com.br\/\">Blog do D\u00c9LIO ANDRADE<\/a>.<\/p>\n","protected":false},"excerpt":{"rendered":"<p>Ao passar pr\u00f3ximo \u00e0 Administra\u00e7\u00e3o Regional de Planaltina neste s\u00e1bado (27), Silvano Barbosa de Sousa, 47, n\u00e3o esperava receber quatro imunizantes ao mesmo tempo. No local, em uma a\u00e7\u00e3o longe das salas de vacina, uma equipe da Secretaria de Sa\u00fade do Distrito Federal (SES-DF) oferecia prote\u00e7\u00e3o contra diversas doen\u00e7as do calend\u00e1rio de rotina. A\u00e7\u00e3o realizada [&hellip;]<\/p>\n","protected":false},"author":0,"featured_media":48590,"comment_status":"open","ping_status":"open","sticky":false,"template":"","format":"standard","meta":{"footnotes":""},"categories":[21],"tags":[],"class_list":{"0":"post-48589","1":"post","2":"type-post","3":"status-publish","4":"format-standard","5":"has-post-thumbnail","7":"category-brasilia"},"yoast_head":"<!-- This site is optimized with the Yoast SEO Premium plugin v24.5 (Yoast SEO v27.4) - https:\/\/yoast.com\/product\/yoast-seo-premium-wordpress\/ -->\n<title>A\u00e7\u00e3o extramuros leva imuniza\u00e7\u00e3o e servi\u00e7os de sa\u00fade \u00e0 Planaltina - P31<\/title>\n<meta name=\"robots\" content=\"index, follow, max-snippet:-1, max-image-preview:large, max-video-preview:-1\" \/>\n<link rel=\"canonical\" href=\"https:\/\/www.p31noticias.com.br\/?p=48589\" \/>\n<meta property=\"og:locale\" content=\"pt_BR\" \/>\n<meta property=\"og:type\" content=\"article\" \/>\n<meta property=\"og:title\" content=\"A\u00e7\u00e3o extramuros leva imuniza\u00e7\u00e3o e servi\u00e7os de sa\u00fade \u00e0 Planaltina\" \/>\n<meta property=\"og:description\" content=\"Ao passar pr\u00f3ximo \u00e0 Administra\u00e7\u00e3o Regional de Planaltina neste s\u00e1bado (27), Silvano Barbosa de Sousa, 47, n\u00e3o esperava receber quatro imunizantes ao mesmo tempo. No local, em uma a\u00e7\u00e3o longe das salas de vacina, uma equipe da Secretaria de Sa\u00fade do Distrito Federal (SES-DF) oferecia prote\u00e7\u00e3o contra diversas doen\u00e7as do calend\u00e1rio de rotina. A\u00e7\u00e3o realizada [&hellip;]\" \/>\n<meta property=\"og:url\" content=\"https:\/\/www.p31noticias.com.br\/?p=48589\" \/>\n<meta property=\"og:site_name\" content=\"P31\" \/>\n<meta property=\"article:published_time\" content=\"2024-04-27T20:39:20+00:00\" \/>\n<meta property=\"og:image\" content=\"https:\/\/www.p31noticias.com.br\/wp-content\/uploads\/2024\/04\/Carro-da-Vacina_Vacinacao_extramuros_em_Planaltina__Record_nas_Cidades_-_Foto_Sandro_Araujo_Agencia-Saude-DF-xEupFF-150x150-RfRNI5.jpeg\" \/>\n\t<meta property=\"og:image:width\" content=\"150\" \/>\n\t<meta property=\"og:image:height\" content=\"150\" \/>\n\t<meta property=\"og:image:type\" content=\"image\/jpeg\" \/>\n<meta name=\"twitter:card\" content=\"summary_large_image\" \/>\n<script type=\"application\/ld+json\" class=\"yoast-schema-graph\">{\"@context\":\"https:\\\/\\\/schema.org\",\"@graph\":[{\"@type\":\"Article\",\"@id\":\"https:\\\/\\\/www.p31noticias.com.br\\\/?p=48589#article\",\"isPartOf\":{\"@id\":\"https:\\\/\\\/www.p31noticias.com.br\\\/?p=48589\"},\"author\":{\"name\":\"\",\"@id\":\"\"},\"headline\":\"A\u00e7\u00e3o extramuros leva imuniza\u00e7\u00e3o e servi\u00e7os de sa\u00fade \u00e0 Planaltina\",\"datePublished\":\"2024-04-27T20:39:20+00:00\",\"mainEntityOfPage\":{\"@id\":\"https:\\\/\\\/www.p31noticias.com.br\\\/?p=48589\"},\"wordCount\":98,\"commentCount\":0,\"image\":{\"@id\":\"https:\\\/\\\/www.p31noticias.com.br\\\/?p=48589#primaryimage\"},\"thumbnailUrl\":\"https:\\\/\\\/www.p31noticias.com.br\\\/wp-content\\\/uploads\\\/2024\\\/04\\\/Carro-da-Vacina_Vacinacao_extramuros_em_Planaltina__Record_nas_Cidades_-_Foto_Sandro_Araujo_Agencia-Saude-DF-xEupFF-150x150-RfRNI5.jpeg\",\"articleSection\":[\"Bras\u00edlia\"],\"inLanguage\":\"pt-BR\",\"potentialAction\":[{\"@type\":\"CommentAction\",\"name\":\"Comment\",\"target\":[\"https:\\\/\\\/www.p31noticias.com.br\\\/?p=48589#respond\"]}],\"copyrightYear\":\"2024\",\"copyrightHolder\":{\"@id\":\"https:\\\/\\\/www.p31noticias.com.br\\\/#organization\"}},{\"@type\":\"WebPage\",\"@id\":\"https:\\\/\\\/www.p31noticias.com.br\\\/?p=48589\",\"url\":\"https:\\\/\\\/www.p31noticias.com.br\\\/?p=48589\",\"name\":\"A\u00e7\u00e3o extramuros leva imuniza\u00e7\u00e3o e servi\u00e7os de sa\u00fade \u00e0 Planaltina - P31\",\"isPartOf\":{\"@id\":\"https:\\\/\\\/www.p31noticias.com.br\\\/#website\"},\"primaryImageOfPage\":{\"@id\":\"https:\\\/\\\/www.p31noticias.com.br\\\/?p=48589#primaryimage\"},\"image\":{\"@id\":\"https:\\\/\\\/www.p31noticias.com.br\\\/?p=48589#primaryimage\"},\"thumbnailUrl\":\"https:\\\/\\\/www.p31noticias.com.br\\\/wp-content\\\/uploads\\\/2024\\\/04\\\/Carro-da-Vacina_Vacinacao_extramuros_em_Planaltina__Record_nas_Cidades_-_Foto_Sandro_Araujo_Agencia-Saude-DF-xEupFF-150x150-RfRNI5.jpeg\",\"datePublished\":\"2024-04-27T20:39:20+00:00\",\"author\":{\"@id\":\"\"},\"breadcrumb\":{\"@id\":\"https:\\\/\\\/www.p31noticias.com.br\\\/?p=48589#breadcrumb\"},\"inLanguage\":\"pt-BR\",\"potentialAction\":[{\"@type\":\"ReadAction\",\"target\":[\"https:\\\/\\\/www.p31noticias.com.br\\\/?p=48589\"]}]},{\"@type\":\"ImageObject\",\"inLanguage\":\"pt-BR\",\"@id\":\"https:\\\/\\\/www.p31noticias.com.br\\\/?p=48589#primaryimage\",\"url\":\"https:\\\/\\\/www.p31noticias.com.br\\\/wp-content\\\/uploads\\\/2024\\\/04\\\/Carro-da-Vacina_Vacinacao_extramuros_em_Planaltina__Record_nas_Cidades_-_Foto_Sandro_Araujo_Agencia-Saude-DF-xEupFF-150x150-RfRNI5.jpeg\",\"contentUrl\":\"https:\\\/\\\/www.p31noticias.com.br\\\/wp-content\\\/uploads\\\/2024\\\/04\\\/Carro-da-Vacina_Vacinacao_extramuros_em_Planaltina__Record_nas_Cidades_-_Foto_Sandro_Araujo_Agencia-Saude-DF-xEupFF-150x150-RfRNI5.jpeg\",\"width\":150,\"height\":150},{\"@type\":\"BreadcrumbList\",\"@id\":\"https:\\\/\\\/www.p31noticias.com.br\\\/?p=48589#breadcrumb\",\"itemListElement\":[{\"@type\":\"ListItem\",\"position\":1,\"name\":\"In\u00edcio\",\"item\":\"https:\\\/\\\/www.p31noticias.com.br\\\/\"},{\"@type\":\"ListItem\",\"position\":2,\"name\":\"A\u00e7\u00e3o extramuros leva imuniza\u00e7\u00e3o e servi\u00e7os de sa\u00fade \u00e0 Planaltina\"}]},{\"@type\":\"WebSite\",\"@id\":\"https:\\\/\\\/www.p31noticias.com.br\\\/#website\",\"url\":\"https:\\\/\\\/www.p31noticias.com.br\\\/\",\"name\":\"P31\",\"description\":\"NOT\u00cdCIAS\",\"potentialAction\":[{\"@type\":\"SearchAction\",\"target\":{\"@type\":\"EntryPoint\",\"urlTemplate\":\"https:\\\/\\\/www.p31noticias.com.br\\\/?s={search_term_string}\"},\"query-input\":{\"@type\":\"PropertyValueSpecification\",\"valueRequired\":true,\"valueName\":\"search_term_string\"}}],\"inLanguage\":\"pt-BR\"}]}<\/script>\n<!-- \/ Yoast SEO Premium plugin. -->","yoast_head_json":{"title":"A\u00e7\u00e3o extramuros leva imuniza\u00e7\u00e3o e servi\u00e7os de sa\u00fade \u00e0 Planaltina - P31","robots":{"index":"index","follow":"follow","max-snippet":"max-snippet:-1","max-image-preview":"max-image-preview:large","max-video-preview":"max-video-preview:-1"},"canonical":"https:\/\/www.p31noticias.com.br\/?p=48589","og_locale":"pt_BR","og_type":"article","og_title":"A\u00e7\u00e3o extramuros leva imuniza\u00e7\u00e3o e servi\u00e7os de sa\u00fade \u00e0 Planaltina","og_description":"Ao passar pr\u00f3ximo \u00e0 Administra\u00e7\u00e3o Regional de Planaltina neste s\u00e1bado (27), Silvano Barbosa de Sousa, 47, n\u00e3o esperava receber quatro imunizantes ao mesmo tempo. No local, em uma a\u00e7\u00e3o longe das salas de vacina, uma equipe da Secretaria de Sa\u00fade do Distrito Federal (SES-DF) oferecia prote\u00e7\u00e3o contra diversas doen\u00e7as do calend\u00e1rio de rotina. A\u00e7\u00e3o realizada [&hellip;]","og_url":"https:\/\/www.p31noticias.com.br\/?p=48589","og_site_name":"P31","article_published_time":"2024-04-27T20:39:20+00:00","og_image":[{"width":150,"height":150,"url":"https:\/\/www.p31noticias.com.br\/wp-content\/uploads\/2024\/04\/Carro-da-Vacina_Vacinacao_extramuros_em_Planaltina__Record_nas_Cidades_-_Foto_Sandro_Araujo_Agencia-Saude-DF-xEupFF-150x150-RfRNI5.jpeg","type":"image\/jpeg"}],"twitter_card":"summary_large_image","schema":{"@context":"https:\/\/schema.org","@graph":[{"@type":"Article","@id":"https:\/\/www.p31noticias.com.br\/?p=48589#article","isPartOf":{"@id":"https:\/\/www.p31noticias.com.br\/?p=48589"},"author":{"name":"","@id":""},"headline":"A\u00e7\u00e3o extramuros leva imuniza\u00e7\u00e3o e servi\u00e7os de sa\u00fade \u00e0 Planaltina","datePublished":"2024-04-27T20:39:20+00:00","mainEntityOfPage":{"@id":"https:\/\/www.p31noticias.com.br\/?p=48589"},"wordCount":98,"commentCount":0,"image":{"@id":"https:\/\/www.p31noticias.com.br\/?p=48589#primaryimage"},"thumbnailUrl":"https:\/\/www.p31noticias.com.br\/wp-content\/uploads\/2024\/04\/Carro-da-Vacina_Vacinacao_extramuros_em_Planaltina__Record_nas_Cidades_-_Foto_Sandro_Araujo_Agencia-Saude-DF-xEupFF-150x150-RfRNI5.jpeg","articleSection":["Bras\u00edlia"],"inLanguage":"pt-BR","potentialAction":[{"@type":"CommentAction","name":"Comment","target":["https:\/\/www.p31noticias.com.br\/?p=48589#respond"]}],"copyrightYear":"2024","copyrightHolder":{"@id":"https:\/\/www.p31noticias.com.br\/#organization"}},{"@type":"WebPage","@id":"https:\/\/www.p31noticias.com.br\/?p=48589","url":"https:\/\/www.p31noticias.com.br\/?p=48589","name":"A\u00e7\u00e3o extramuros leva imuniza\u00e7\u00e3o e servi\u00e7os de sa\u00fade \u00e0 Planaltina - P31","isPartOf":{"@id":"https:\/\/www.p31noticias.com.br\/#website"},"primaryImageOfPage":{"@id":"https:\/\/www.p31noticias.com.br\/?p=48589#primaryimage"},"image":{"@id":"https:\/\/www.p31noticias.com.br\/?p=48589#primaryimage"},"thumbnailUrl":"https:\/\/www.p31noticias.com.br\/wp-content\/uploads\/2024\/04\/Carro-da-Vacina_Vacinacao_extramuros_em_Planaltina__Record_nas_Cidades_-_Foto_Sandro_Araujo_Agencia-Saude-DF-xEupFF-150x150-RfRNI5.jpeg","datePublished":"2024-04-27T20:39:20+00:00","author":{"@id":""},"breadcrumb":{"@id":"https:\/\/www.p31noticias.com.br\/?p=48589#breadcrumb"},"inLanguage":"pt-BR","potentialAction":[{"@type":"ReadAction","target":["https:\/\/www.p31noticias.com.br\/?p=48589"]}]},{"@type":"ImageObject","inLanguage":"pt-BR","@id":"https:\/\/www.p31noticias.com.br\/?p=48589#primaryimage","url":"https:\/\/www.p31noticias.com.br\/wp-content\/uploads\/2024\/04\/Carro-da-Vacina_Vacinacao_extramuros_em_Planaltina__Record_nas_Cidades_-_Foto_Sandro_Araujo_Agencia-Saude-DF-xEupFF-150x150-RfRNI5.jpeg","contentUrl":"https:\/\/www.p31noticias.com.br\/wp-content\/uploads\/2024\/04\/Carro-da-Vacina_Vacinacao_extramuros_em_Planaltina__Record_nas_Cidades_-_Foto_Sandro_Araujo_Agencia-Saude-DF-xEupFF-150x150-RfRNI5.jpeg","width":150,"height":150},{"@type":"BreadcrumbList","@id":"https:\/\/www.p31noticias.com.br\/?p=48589#breadcrumb","itemListElement":[{"@type":"ListItem","position":1,"name":"In\u00edcio","item":"https:\/\/www.p31noticias.com.br\/"},{"@type":"ListItem","position":2,"name":"A\u00e7\u00e3o extramuros leva imuniza\u00e7\u00e3o e servi\u00e7os de sa\u00fade \u00e0 Planaltina"}]},{"@type":"WebSite","@id":"https:\/\/www.p31noticias.com.br\/#website","url":"https:\/\/www.p31noticias.com.br\/","name":"P31","description":"NOT\u00cdCIAS","potentialAction":[{"@type":"SearchAction","target":{"@type":"EntryPoint","urlTemplate":"https:\/\/www.p31noticias.com.br\/?s={search_term_string}"},"query-input":{"@type":"PropertyValueSpecification","valueRequired":true,"valueName":"search_term_string"}}],"inLanguage":"pt-BR"}]}},"amp_enabled":true,"_links":{"self":[{"href":"https:\/\/www.p31noticias.com.br\/index.php?rest_route=\/wp\/v2\/posts\/48589","targetHints":{"allow":["GET"]}}],"collection":[{"href":"https:\/\/www.p31noticias.com.br\/index.php?rest_route=\/wp\/v2\/posts"}],"about":[{"href":"https:\/\/www.p31noticias.com.br\/index.php?rest_route=\/wp\/v2\/types\/post"}],"replies":[{"embeddable":true,"href":"https:\/\/www.p31noticias.com.br\/index.php?rest_route=%2Fwp%2Fv2%2Fcomments&post=48589"}],"version-history":[{"count":0,"href":"https:\/\/www.p31noticias.com.br\/index.php?rest_route=\/wp\/v2\/posts\/48589\/revisions"}],"wp:featuredmedia":[{"embeddable":true,"href":"https:\/\/www.p31noticias.com.br\/index.php?rest_route=\/wp\/v2\/media\/48590"}],"wp:attachment":[{"href":"https:\/\/www.p31noticias.com.br\/index.php?rest_route=%2Fwp%2Fv2%2Fmedia&parent=48589"}],"wp:term":[{"taxonomy":"category","embeddable":true,"href":"https:\/\/www.p31noticias.com.br\/index.php?rest_route=%2Fwp%2Fv2%2Fcategories&post=48589"},{"taxonomy":"post_tag","embeddable":true,"href":"https:\/\/www.p31noticias.com.br\/index.php?rest_route=%2Fwp%2Fv2%2Ftags&post=48589"}],"curies":[{"name":"wp","href":"https:\/\/api.w.org\/{rel}","templated":true}]}}