{"id":48561,"date":"2024-04-27T11:31:56","date_gmt":"2024-04-27T14:31:56","guid":{"rendered":"https:\/\/p31noticias.com.br\/abril-verde-conscientiza-colaboradores-do-hrsm-sobre-a-importancia-da-seguranca-e-saude-no-ambiente-de-trabalho\/"},"modified":"2024-04-27T11:31:56","modified_gmt":"2024-04-27T14:31:56","slug":"abril-verde-conscientiza-colaboradores-do-hrsm-sobre-a-importancia-da-seguranca-e-saude-no-ambiente-de-trabalho","status":"publish","type":"post","link":"https:\/\/www.p31noticias.com.br\/?p=48561","title":{"rendered":"Abril verde conscientiza colaboradores do HRSM sobre a import\u00e2ncia da seguran\u00e7a e sa\u00fade no ambiente de trabalho"},"content":{"rendered":"<p>Foram realizadas v\u00e1rias a\u00e7\u00f5es ao longo do dia, entre elas, palestra com psic\u00f3logos sobre sa\u00fade mental Nesta sexta-feira (26), a Coordena\u00e7\u00e3o de Sa\u00fade e Seguran\u00e7a do Trabalho (COSSEG) do Hospital Regional de Santa Maria (HRSM) promoveu um dia repleto de atividades para os profissionais que trabalham na unidade hospitalar. A a\u00e7\u00e3o ocorreu por conta do [\u2026]<\/p>\n<p>O post <a href=\"https:\/\/www.delioandrade.com.br\/abril-verde-conscientiza-colaboradores-do-hrsm-sobre-a-importancia-da-seguranca-e-saude-no-ambiente-de-trabalho\/\">Abril verde conscientiza colaboradores do HRSM sobre a import\u00e2ncia da seguran\u00e7a e sa\u00fade no ambiente de trabalho<\/a> apareceu primeiro em <a href=\"https:\/\/www.delioandrade.com.br\/\">Blog do D\u00c9LIO ANDRADE<\/a>.<\/p>\n","protected":false},"excerpt":{"rendered":"<p>Foram realizadas v\u00e1rias a\u00e7\u00f5es ao longo do dia, entre elas, palestra com psic\u00f3logos sobre sa\u00fade mental Nesta sexta-feira (26), a Coordena\u00e7\u00e3o de Sa\u00fade e Seguran\u00e7a do Trabalho (COSSEG) do Hospital Regional de Santa Maria (HRSM) promoveu um dia repleto de atividades para os profissionais que trabalham na unidade hospitalar. A a\u00e7\u00e3o ocorreu por conta do [&hellip;]<\/p>\n","protected":false},"author":0,"featured_media":48562,"comment_status":"open","ping_status":"open","sticky":false,"template":"","format":"standard","meta":{"footnotes":""},"categories":[21],"tags":[],"class_list":{"0":"post-48561","1":"post","2":"type-post","3":"status-publish","4":"format-standard","5":"has-post-thumbnail","7":"category-brasilia"},"yoast_head":"<!-- This site is optimized with the Yoast SEO Premium plugin v24.5 (Yoast SEO v27.4) - https:\/\/yoast.com\/product\/yoast-seo-premium-wordpress\/ -->\n<title>Abril verde conscientiza colaboradores do HRSM sobre a import\u00e2ncia da seguran\u00e7a e sa\u00fade no ambiente de trabalho - P31<\/title>\n<meta name=\"robots\" content=\"index, follow, max-snippet:-1, max-image-preview:large, max-video-preview:-1\" \/>\n<link rel=\"canonical\" href=\"https:\/\/www.p31noticias.com.br\/?p=48561\" \/>\n<meta property=\"og:locale\" content=\"pt_BR\" \/>\n<meta property=\"og:type\" content=\"article\" \/>\n<meta property=\"og:title\" content=\"Abril verde conscientiza colaboradores do HRSM sobre a import\u00e2ncia da seguran\u00e7a e sa\u00fade no ambiente de trabalho\" \/>\n<meta property=\"og:description\" content=\"Foram realizadas v\u00e1rias a\u00e7\u00f5es ao longo do dia, entre elas, palestra com psic\u00f3logos sobre sa\u00fade mental Nesta sexta-feira (26), a Coordena\u00e7\u00e3o de Sa\u00fade e Seguran\u00e7a do Trabalho (COSSEG) do Hospital Regional de Santa Maria (HRSM) promoveu um dia repleto de atividades para os profissionais que trabalham na unidade hospitalar. A a\u00e7\u00e3o ocorreu por conta do [&hellip;]\" \/>\n<meta property=\"og:url\" content=\"https:\/\/www.p31noticias.com.br\/?p=48561\" \/>\n<meta property=\"og:site_name\" content=\"P31\" \/>\n<meta property=\"article:published_time\" content=\"2024-04-27T14:31:56+00:00\" \/>\n<meta property=\"og:image\" content=\"https:\/\/www.p31noticias.com.br\/wp-content\/uploads\/2024\/04\/abrilverde-150x150-j5wuLx-3Hx1wT.jpeg\" \/>\n\t<meta property=\"og:image:width\" content=\"150\" \/>\n\t<meta property=\"og:image:height\" content=\"150\" \/>\n\t<meta property=\"og:image:type\" content=\"image\/jpeg\" \/>\n<meta name=\"twitter:card\" content=\"summary_large_image\" \/>\n<script type=\"application\/ld+json\" class=\"yoast-schema-graph\">{\"@context\":\"https:\\\/\\\/schema.org\",\"@graph\":[{\"@type\":\"Article\",\"@id\":\"https:\\\/\\\/www.p31noticias.com.br\\\/?p=48561#article\",\"isPartOf\":{\"@id\":\"https:\\\/\\\/www.p31noticias.com.br\\\/?p=48561\"},\"author\":{\"name\":\"\",\"@id\":\"\"},\"headline\":\"Abril verde conscientiza colaboradores do HRSM sobre a import\u00e2ncia da seguran\u00e7a e sa\u00fade no ambiente de trabalho\",\"datePublished\":\"2024-04-27T14:31:56+00:00\",\"mainEntityOfPage\":{\"@id\":\"https:\\\/\\\/www.p31noticias.com.br\\\/?p=48561\"},\"wordCount\":112,\"commentCount\":0,\"image\":{\"@id\":\"https:\\\/\\\/www.p31noticias.com.br\\\/?p=48561#primaryimage\"},\"thumbnailUrl\":\"https:\\\/\\\/www.p31noticias.com.br\\\/wp-content\\\/uploads\\\/2024\\\/04\\\/abrilverde-150x150-j5wuLx-3Hx1wT.jpeg\",\"articleSection\":[\"Bras\u00edlia\"],\"inLanguage\":\"pt-BR\",\"potentialAction\":[{\"@type\":\"CommentAction\",\"name\":\"Comment\",\"target\":[\"https:\\\/\\\/www.p31noticias.com.br\\\/?p=48561#respond\"]}],\"copyrightYear\":\"2024\",\"copyrightHolder\":{\"@id\":\"https:\\\/\\\/www.p31noticias.com.br\\\/#organization\"}},{\"@type\":\"WebPage\",\"@id\":\"https:\\\/\\\/www.p31noticias.com.br\\\/?p=48561\",\"url\":\"https:\\\/\\\/www.p31noticias.com.br\\\/?p=48561\",\"name\":\"Abril verde conscientiza colaboradores do HRSM sobre a import\u00e2ncia da seguran\u00e7a e sa\u00fade no ambiente de trabalho - P31\",\"isPartOf\":{\"@id\":\"https:\\\/\\\/www.p31noticias.com.br\\\/#website\"},\"primaryImageOfPage\":{\"@id\":\"https:\\\/\\\/www.p31noticias.com.br\\\/?p=48561#primaryimage\"},\"image\":{\"@id\":\"https:\\\/\\\/www.p31noticias.com.br\\\/?p=48561#primaryimage\"},\"thumbnailUrl\":\"https:\\\/\\\/www.p31noticias.com.br\\\/wp-content\\\/uploads\\\/2024\\\/04\\\/abrilverde-150x150-j5wuLx-3Hx1wT.jpeg\",\"datePublished\":\"2024-04-27T14:31:56+00:00\",\"author\":{\"@id\":\"\"},\"breadcrumb\":{\"@id\":\"https:\\\/\\\/www.p31noticias.com.br\\\/?p=48561#breadcrumb\"},\"inLanguage\":\"pt-BR\",\"potentialAction\":[{\"@type\":\"ReadAction\",\"target\":[\"https:\\\/\\\/www.p31noticias.com.br\\\/?p=48561\"]}]},{\"@type\":\"ImageObject\",\"inLanguage\":\"pt-BR\",\"@id\":\"https:\\\/\\\/www.p31noticias.com.br\\\/?p=48561#primaryimage\",\"url\":\"https:\\\/\\\/www.p31noticias.com.br\\\/wp-content\\\/uploads\\\/2024\\\/04\\\/abrilverde-150x150-j5wuLx-3Hx1wT.jpeg\",\"contentUrl\":\"https:\\\/\\\/www.p31noticias.com.br\\\/wp-content\\\/uploads\\\/2024\\\/04\\\/abrilverde-150x150-j5wuLx-3Hx1wT.jpeg\",\"width\":150,\"height\":150},{\"@type\":\"BreadcrumbList\",\"@id\":\"https:\\\/\\\/www.p31noticias.com.br\\\/?p=48561#breadcrumb\",\"itemListElement\":[{\"@type\":\"ListItem\",\"position\":1,\"name\":\"In\u00edcio\",\"item\":\"https:\\\/\\\/www.p31noticias.com.br\\\/\"},{\"@type\":\"ListItem\",\"position\":2,\"name\":\"Abril verde conscientiza colaboradores do HRSM sobre a import\u00e2ncia da seguran\u00e7a e sa\u00fade no ambiente de trabalho\"}]},{\"@type\":\"WebSite\",\"@id\":\"https:\\\/\\\/www.p31noticias.com.br\\\/#website\",\"url\":\"https:\\\/\\\/www.p31noticias.com.br\\\/\",\"name\":\"P31\",\"description\":\"NOT\u00cdCIAS\",\"potentialAction\":[{\"@type\":\"SearchAction\",\"target\":{\"@type\":\"EntryPoint\",\"urlTemplate\":\"https:\\\/\\\/www.p31noticias.com.br\\\/?s={search_term_string}\"},\"query-input\":{\"@type\":\"PropertyValueSpecification\",\"valueRequired\":true,\"valueName\":\"search_term_string\"}}],\"inLanguage\":\"pt-BR\"}]}<\/script>\n<!-- \/ Yoast SEO Premium plugin. -->","yoast_head_json":{"title":"Abril verde conscientiza colaboradores do HRSM sobre a import\u00e2ncia da seguran\u00e7a e sa\u00fade no ambiente de trabalho - P31","robots":{"index":"index","follow":"follow","max-snippet":"max-snippet:-1","max-image-preview":"max-image-preview:large","max-video-preview":"max-video-preview:-1"},"canonical":"https:\/\/www.p31noticias.com.br\/?p=48561","og_locale":"pt_BR","og_type":"article","og_title":"Abril verde conscientiza colaboradores do HRSM sobre a import\u00e2ncia da seguran\u00e7a e sa\u00fade no ambiente de trabalho","og_description":"Foram realizadas v\u00e1rias a\u00e7\u00f5es ao longo do dia, entre elas, palestra com psic\u00f3logos sobre sa\u00fade mental Nesta sexta-feira (26), a Coordena\u00e7\u00e3o de Sa\u00fade e Seguran\u00e7a do Trabalho (COSSEG) do Hospital Regional de Santa Maria (HRSM) promoveu um dia repleto de atividades para os profissionais que trabalham na unidade hospitalar. A a\u00e7\u00e3o ocorreu por conta do [&hellip;]","og_url":"https:\/\/www.p31noticias.com.br\/?p=48561","og_site_name":"P31","article_published_time":"2024-04-27T14:31:56+00:00","og_image":[{"width":150,"height":150,"url":"https:\/\/www.p31noticias.com.br\/wp-content\/uploads\/2024\/04\/abrilverde-150x150-j5wuLx-3Hx1wT.jpeg","type":"image\/jpeg"}],"twitter_card":"summary_large_image","schema":{"@context":"https:\/\/schema.org","@graph":[{"@type":"Article","@id":"https:\/\/www.p31noticias.com.br\/?p=48561#article","isPartOf":{"@id":"https:\/\/www.p31noticias.com.br\/?p=48561"},"author":{"name":"","@id":""},"headline":"Abril verde conscientiza colaboradores do HRSM sobre a import\u00e2ncia da seguran\u00e7a e sa\u00fade no ambiente de trabalho","datePublished":"2024-04-27T14:31:56+00:00","mainEntityOfPage":{"@id":"https:\/\/www.p31noticias.com.br\/?p=48561"},"wordCount":112,"commentCount":0,"image":{"@id":"https:\/\/www.p31noticias.com.br\/?p=48561#primaryimage"},"thumbnailUrl":"https:\/\/www.p31noticias.com.br\/wp-content\/uploads\/2024\/04\/abrilverde-150x150-j5wuLx-3Hx1wT.jpeg","articleSection":["Bras\u00edlia"],"inLanguage":"pt-BR","potentialAction":[{"@type":"CommentAction","name":"Comment","target":["https:\/\/www.p31noticias.com.br\/?p=48561#respond"]}],"copyrightYear":"2024","copyrightHolder":{"@id":"https:\/\/www.p31noticias.com.br\/#organization"}},{"@type":"WebPage","@id":"https:\/\/www.p31noticias.com.br\/?p=48561","url":"https:\/\/www.p31noticias.com.br\/?p=48561","name":"Abril verde conscientiza colaboradores do HRSM sobre a import\u00e2ncia da seguran\u00e7a e sa\u00fade no ambiente de trabalho - P31","isPartOf":{"@id":"https:\/\/www.p31noticias.com.br\/#website"},"primaryImageOfPage":{"@id":"https:\/\/www.p31noticias.com.br\/?p=48561#primaryimage"},"image":{"@id":"https:\/\/www.p31noticias.com.br\/?p=48561#primaryimage"},"thumbnailUrl":"https:\/\/www.p31noticias.com.br\/wp-content\/uploads\/2024\/04\/abrilverde-150x150-j5wuLx-3Hx1wT.jpeg","datePublished":"2024-04-27T14:31:56+00:00","author":{"@id":""},"breadcrumb":{"@id":"https:\/\/www.p31noticias.com.br\/?p=48561#breadcrumb"},"inLanguage":"pt-BR","potentialAction":[{"@type":"ReadAction","target":["https:\/\/www.p31noticias.com.br\/?p=48561"]}]},{"@type":"ImageObject","inLanguage":"pt-BR","@id":"https:\/\/www.p31noticias.com.br\/?p=48561#primaryimage","url":"https:\/\/www.p31noticias.com.br\/wp-content\/uploads\/2024\/04\/abrilverde-150x150-j5wuLx-3Hx1wT.jpeg","contentUrl":"https:\/\/www.p31noticias.com.br\/wp-content\/uploads\/2024\/04\/abrilverde-150x150-j5wuLx-3Hx1wT.jpeg","width":150,"height":150},{"@type":"BreadcrumbList","@id":"https:\/\/www.p31noticias.com.br\/?p=48561#breadcrumb","itemListElement":[{"@type":"ListItem","position":1,"name":"In\u00edcio","item":"https:\/\/www.p31noticias.com.br\/"},{"@type":"ListItem","position":2,"name":"Abril verde conscientiza colaboradores do HRSM sobre a import\u00e2ncia da seguran\u00e7a e sa\u00fade no ambiente de trabalho"}]},{"@type":"WebSite","@id":"https:\/\/www.p31noticias.com.br\/#website","url":"https:\/\/www.p31noticias.com.br\/","name":"P31","description":"NOT\u00cdCIAS","potentialAction":[{"@type":"SearchAction","target":{"@type":"EntryPoint","urlTemplate":"https:\/\/www.p31noticias.com.br\/?s={search_term_string}"},"query-input":{"@type":"PropertyValueSpecification","valueRequired":true,"valueName":"search_term_string"}}],"inLanguage":"pt-BR"}]}},"amp_enabled":true,"_links":{"self":[{"href":"https:\/\/www.p31noticias.com.br\/index.php?rest_route=\/wp\/v2\/posts\/48561","targetHints":{"allow":["GET"]}}],"collection":[{"href":"https:\/\/www.p31noticias.com.br\/index.php?rest_route=\/wp\/v2\/posts"}],"about":[{"href":"https:\/\/www.p31noticias.com.br\/index.php?rest_route=\/wp\/v2\/types\/post"}],"replies":[{"embeddable":true,"href":"https:\/\/www.p31noticias.com.br\/index.php?rest_route=%2Fwp%2Fv2%2Fcomments&post=48561"}],"version-history":[{"count":0,"href":"https:\/\/www.p31noticias.com.br\/index.php?rest_route=\/wp\/v2\/posts\/48561\/revisions"}],"wp:featuredmedia":[{"embeddable":true,"href":"https:\/\/www.p31noticias.com.br\/index.php?rest_route=\/wp\/v2\/media\/48562"}],"wp:attachment":[{"href":"https:\/\/www.p31noticias.com.br\/index.php?rest_route=%2Fwp%2Fv2%2Fmedia&parent=48561"}],"wp:term":[{"taxonomy":"category","embeddable":true,"href":"https:\/\/www.p31noticias.com.br\/index.php?rest_route=%2Fwp%2Fv2%2Fcategories&post=48561"},{"taxonomy":"post_tag","embeddable":true,"href":"https:\/\/www.p31noticias.com.br\/index.php?rest_route=%2Fwp%2Fv2%2Ftags&post=48561"}],"curies":[{"name":"wp","href":"https:\/\/api.w.org\/{rel}","templated":true}]}}