{"id":48557,"date":"2024-04-27T10:30:24","date_gmt":"2024-04-27T13:30:24","guid":{"rendered":"https:\/\/p31noticias.com.br\/receita-de-arroz-de-marisco-do-divino-fogao-para-celebrar-a-semana-comunicada-luso-brasileira\/"},"modified":"2024-04-27T10:30:24","modified_gmt":"2024-04-27T13:30:24","slug":"receita-de-arroz-de-marisco-do-divino-fogao-para-celebrar-a-semana-comunicada-luso-brasileira","status":"publish","type":"post","link":"https:\/\/www.p31noticias.com.br\/?p=48557","title":{"rendered":"Receita de Arroz de Marisco do Divino Fog\u00e3o para celebrar a Semana Comunicada Luso-Brasileira"},"content":{"rendered":"<p>Arroz de Marisco Ingredientes: 70 gramas de cebola picada 30 gramas de alho picado 70 gramas de piment\u00e3o verde picado 500 gramas de arroz 100 gramas de camar\u00e3o 100 gramas de fil\u00e9 de pescada 300 gramas de marisco 150 ml de molho de tomate Modo de preparo: Inicialmente, cozinhe o arroz, fervente os mexilh\u00f5es e [\u2026]<\/p>\n<p>O post <a href=\"https:\/\/www.delioandrade.com.br\/receita-de-arroz-de-marisco-do-divino-fogao-para-celebrar-a-semana-comunicada-luso-brasileira\/\">Receita de Arroz de Marisco do Divino Fog\u00e3o para celebrar a Semana Comunicada Luso-Brasileira<\/a> apareceu primeiro em <a href=\"https:\/\/www.delioandrade.com.br\/\">Blog do D\u00c9LIO ANDRADE<\/a>.<\/p>\n","protected":false},"excerpt":{"rendered":"<p>Arroz de Marisco Ingredientes: 70 gramas de cebola picada 30 gramas de alho picado 70 gramas de piment\u00e3o verde picado 500 gramas de arroz 100 gramas de camar\u00e3o 100 gramas de fil\u00e9 de pescada 300 gramas de marisco 150 ml de molho de tomate Modo de preparo: Inicialmente, cozinhe o arroz, fervente os mexilh\u00f5es e [&hellip;]<\/p>\n","protected":false},"author":0,"featured_media":0,"comment_status":"open","ping_status":"open","sticky":false,"template":"","format":"standard","meta":{"footnotes":""},"categories":[21],"tags":[],"class_list":{"0":"post-48557","1":"post","2":"type-post","3":"status-publish","4":"format-standard","6":"category-brasilia"},"yoast_head":"<!-- This site is optimized with the Yoast SEO Premium plugin v24.5 (Yoast SEO v27.5) - https:\/\/yoast.com\/product\/yoast-seo-premium-wordpress\/ -->\n<title>Receita de Arroz de Marisco do Divino Fog\u00e3o para celebrar a Semana Comunicada Luso-Brasileira - P31<\/title>\n<meta name=\"robots\" content=\"index, follow, max-snippet:-1, max-image-preview:large, max-video-preview:-1\" \/>\n<link rel=\"canonical\" href=\"https:\/\/www.p31noticias.com.br\/?p=48557\" \/>\n<meta property=\"og:locale\" content=\"pt_BR\" \/>\n<meta property=\"og:type\" content=\"article\" \/>\n<meta property=\"og:title\" content=\"Receita de Arroz de Marisco do Divino Fog\u00e3o para celebrar a Semana Comunicada Luso-Brasileira\" \/>\n<meta property=\"og:description\" content=\"Arroz de Marisco Ingredientes: 70 gramas de cebola picada 30 gramas de alho picado 70 gramas de piment\u00e3o verde picado 500 gramas de arroz 100 gramas de camar\u00e3o 100 gramas de fil\u00e9 de pescada 300 gramas de marisco 150 ml de molho de tomate Modo de preparo: Inicialmente, cozinhe o arroz, fervente os mexilh\u00f5es e [&hellip;]\" \/>\n<meta property=\"og:url\" content=\"https:\/\/www.p31noticias.com.br\/?p=48557\" \/>\n<meta property=\"og:site_name\" content=\"P31\" \/>\n<meta property=\"article:published_time\" content=\"2024-04-27T13:30:24+00:00\" \/>\n<meta name=\"twitter:card\" content=\"summary_large_image\" \/>\n<script type=\"application\/ld+json\" class=\"yoast-schema-graph\">{\"@context\":\"https:\\\/\\\/schema.org\",\"@graph\":[{\"@type\":\"Article\",\"@id\":\"https:\\\/\\\/www.p31noticias.com.br\\\/?p=48557#article\",\"isPartOf\":{\"@id\":\"https:\\\/\\\/www.p31noticias.com.br\\\/?p=48557\"},\"author\":{\"name\":\"\",\"@id\":\"\"},\"headline\":\"Receita de Arroz de Marisco do Divino Fog\u00e3o para celebrar a Semana Comunicada Luso-Brasileira\",\"datePublished\":\"2024-04-27T13:30:24+00:00\",\"mainEntityOfPage\":{\"@id\":\"https:\\\/\\\/www.p31noticias.com.br\\\/?p=48557\"},\"wordCount\":90,\"commentCount\":0,\"articleSection\":[\"Bras\u00edlia\"],\"inLanguage\":\"pt-BR\",\"potentialAction\":[{\"@type\":\"CommentAction\",\"name\":\"Comment\",\"target\":[\"https:\\\/\\\/www.p31noticias.com.br\\\/?p=48557#respond\"]}],\"copyrightYear\":\"2024\",\"copyrightHolder\":{\"@id\":\"https:\\\/\\\/www.p31noticias.com.br\\\/#organization\"}},{\"@type\":\"WebPage\",\"@id\":\"https:\\\/\\\/www.p31noticias.com.br\\\/?p=48557\",\"url\":\"https:\\\/\\\/www.p31noticias.com.br\\\/?p=48557\",\"name\":\"Receita de Arroz de Marisco do Divino Fog\u00e3o para celebrar a Semana Comunicada Luso-Brasileira - P31\",\"isPartOf\":{\"@id\":\"https:\\\/\\\/www.p31noticias.com.br\\\/#website\"},\"datePublished\":\"2024-04-27T13:30:24+00:00\",\"author\":{\"@id\":\"\"},\"breadcrumb\":{\"@id\":\"https:\\\/\\\/www.p31noticias.com.br\\\/?p=48557#breadcrumb\"},\"inLanguage\":\"pt-BR\",\"potentialAction\":[{\"@type\":\"ReadAction\",\"target\":[\"https:\\\/\\\/www.p31noticias.com.br\\\/?p=48557\"]}]},{\"@type\":\"BreadcrumbList\",\"@id\":\"https:\\\/\\\/www.p31noticias.com.br\\\/?p=48557#breadcrumb\",\"itemListElement\":[{\"@type\":\"ListItem\",\"position\":1,\"name\":\"In\u00edcio\",\"item\":\"https:\\\/\\\/www.p31noticias.com.br\\\/\"},{\"@type\":\"ListItem\",\"position\":2,\"name\":\"Receita de Arroz de Marisco do Divino Fog\u00e3o para celebrar a Semana Comunicada Luso-Brasileira\"}]},{\"@type\":\"WebSite\",\"@id\":\"https:\\\/\\\/www.p31noticias.com.br\\\/#website\",\"url\":\"https:\\\/\\\/www.p31noticias.com.br\\\/\",\"name\":\"P31\",\"description\":\"NOT\u00cdCIAS\",\"potentialAction\":[{\"@type\":\"SearchAction\",\"target\":{\"@type\":\"EntryPoint\",\"urlTemplate\":\"https:\\\/\\\/www.p31noticias.com.br\\\/?s={search_term_string}\"},\"query-input\":{\"@type\":\"PropertyValueSpecification\",\"valueRequired\":true,\"valueName\":\"search_term_string\"}}],\"inLanguage\":\"pt-BR\"}]}<\/script>\n<!-- \/ Yoast SEO Premium plugin. -->","yoast_head_json":{"title":"Receita de Arroz de Marisco do Divino Fog\u00e3o para celebrar a Semana Comunicada Luso-Brasileira - P31","robots":{"index":"index","follow":"follow","max-snippet":"max-snippet:-1","max-image-preview":"max-image-preview:large","max-video-preview":"max-video-preview:-1"},"canonical":"https:\/\/www.p31noticias.com.br\/?p=48557","og_locale":"pt_BR","og_type":"article","og_title":"Receita de Arroz de Marisco do Divino Fog\u00e3o para celebrar a Semana Comunicada Luso-Brasileira","og_description":"Arroz de Marisco Ingredientes: 70 gramas de cebola picada 30 gramas de alho picado 70 gramas de piment\u00e3o verde picado 500 gramas de arroz 100 gramas de camar\u00e3o 100 gramas de fil\u00e9 de pescada 300 gramas de marisco 150 ml de molho de tomate Modo de preparo: Inicialmente, cozinhe o arroz, fervente os mexilh\u00f5es e [&hellip;]","og_url":"https:\/\/www.p31noticias.com.br\/?p=48557","og_site_name":"P31","article_published_time":"2024-04-27T13:30:24+00:00","twitter_card":"summary_large_image","schema":{"@context":"https:\/\/schema.org","@graph":[{"@type":"Article","@id":"https:\/\/www.p31noticias.com.br\/?p=48557#article","isPartOf":{"@id":"https:\/\/www.p31noticias.com.br\/?p=48557"},"author":{"name":"","@id":""},"headline":"Receita de Arroz de Marisco do Divino Fog\u00e3o para celebrar a Semana Comunicada Luso-Brasileira","datePublished":"2024-04-27T13:30:24+00:00","mainEntityOfPage":{"@id":"https:\/\/www.p31noticias.com.br\/?p=48557"},"wordCount":90,"commentCount":0,"articleSection":["Bras\u00edlia"],"inLanguage":"pt-BR","potentialAction":[{"@type":"CommentAction","name":"Comment","target":["https:\/\/www.p31noticias.com.br\/?p=48557#respond"]}],"copyrightYear":"2024","copyrightHolder":{"@id":"https:\/\/www.p31noticias.com.br\/#organization"}},{"@type":"WebPage","@id":"https:\/\/www.p31noticias.com.br\/?p=48557","url":"https:\/\/www.p31noticias.com.br\/?p=48557","name":"Receita de Arroz de Marisco do Divino Fog\u00e3o para celebrar a Semana Comunicada Luso-Brasileira - P31","isPartOf":{"@id":"https:\/\/www.p31noticias.com.br\/#website"},"datePublished":"2024-04-27T13:30:24+00:00","author":{"@id":""},"breadcrumb":{"@id":"https:\/\/www.p31noticias.com.br\/?p=48557#breadcrumb"},"inLanguage":"pt-BR","potentialAction":[{"@type":"ReadAction","target":["https:\/\/www.p31noticias.com.br\/?p=48557"]}]},{"@type":"BreadcrumbList","@id":"https:\/\/www.p31noticias.com.br\/?p=48557#breadcrumb","itemListElement":[{"@type":"ListItem","position":1,"name":"In\u00edcio","item":"https:\/\/www.p31noticias.com.br\/"},{"@type":"ListItem","position":2,"name":"Receita de Arroz de Marisco do Divino Fog\u00e3o para celebrar a Semana Comunicada Luso-Brasileira"}]},{"@type":"WebSite","@id":"https:\/\/www.p31noticias.com.br\/#website","url":"https:\/\/www.p31noticias.com.br\/","name":"P31","description":"NOT\u00cdCIAS","potentialAction":[{"@type":"SearchAction","target":{"@type":"EntryPoint","urlTemplate":"https:\/\/www.p31noticias.com.br\/?s={search_term_string}"},"query-input":{"@type":"PropertyValueSpecification","valueRequired":true,"valueName":"search_term_string"}}],"inLanguage":"pt-BR"}]}},"amp_enabled":true,"_links":{"self":[{"href":"https:\/\/www.p31noticias.com.br\/index.php?rest_route=\/wp\/v2\/posts\/48557","targetHints":{"allow":["GET"]}}],"collection":[{"href":"https:\/\/www.p31noticias.com.br\/index.php?rest_route=\/wp\/v2\/posts"}],"about":[{"href":"https:\/\/www.p31noticias.com.br\/index.php?rest_route=\/wp\/v2\/types\/post"}],"replies":[{"embeddable":true,"href":"https:\/\/www.p31noticias.com.br\/index.php?rest_route=%2Fwp%2Fv2%2Fcomments&post=48557"}],"version-history":[{"count":0,"href":"https:\/\/www.p31noticias.com.br\/index.php?rest_route=\/wp\/v2\/posts\/48557\/revisions"}],"wp:attachment":[{"href":"https:\/\/www.p31noticias.com.br\/index.php?rest_route=%2Fwp%2Fv2%2Fmedia&parent=48557"}],"wp:term":[{"taxonomy":"category","embeddable":true,"href":"https:\/\/www.p31noticias.com.br\/index.php?rest_route=%2Fwp%2Fv2%2Fcategories&post=48557"},{"taxonomy":"post_tag","embeddable":true,"href":"https:\/\/www.p31noticias.com.br\/index.php?rest_route=%2Fwp%2Fv2%2Ftags&post=48557"}],"curies":[{"name":"wp","href":"https:\/\/api.w.org\/{rel}","templated":true}]}}