{"id":48550,"date":"2024-04-27T04:31:36","date_gmt":"2024-04-27T07:31:36","guid":{"rendered":"https:\/\/p31noticias.com.br\/em-5-anos-atendimentos-psicologicos-aumentam-mais-de-200-no-df\/"},"modified":"2024-04-27T04:31:36","modified_gmt":"2024-04-27T07:31:36","slug":"em-5-anos-atendimentos-psicologicos-aumentam-mais-de-200-no-df","status":"publish","type":"post","link":"https:\/\/www.p31noticias.com.br\/?p=48550","title":{"rendered":"Em 5 anos, atendimentos psicol\u00f3gicos aumentam mais de 200% no DF"},"content":{"rendered":"<p>Em cinco anos, o n\u00famero de atendimentos psicol\u00f3gicos realizados na rede p\u00fablica de sa\u00fade do Distrito Federal aumentou\u00a0 204%.\u00a0Foram 25.222 sess\u00f5es com psic\u00f3logos no ano passado, segundo dados da Secretaria de Sa\u00fade (SES-DF), contra 8.297 em 2018. Entre os motivos apontados para esse \u201cboom\u201d de atendimentos, est\u00e1 uma melhor conscientiza\u00e7\u00e3o sobre a import\u00e2ncia da sa\u00fade [\u2026]<\/p>\n<p>O post <a href=\"https:\/\/www.delioandrade.com.br\/em-5-anos-atendimentos-psicologicos-aumentam-mais-de-200-no-df\/\">Em 5 anos, atendimentos psicol\u00f3gicos aumentam mais de 200% no DF<\/a> apareceu primeiro em <a href=\"https:\/\/www.delioandrade.com.br\/\">Blog do D\u00c9LIO ANDRADE<\/a>.<\/p>\n","protected":false},"excerpt":{"rendered":"<p>Em cinco anos, o n\u00famero de atendimentos psicol\u00f3gicos realizados na rede p\u00fablica de sa\u00fade do Distrito Federal aumentou\u00a0 204%.\u00a0Foram 25.222 sess\u00f5es com psic\u00f3logos no ano passado, segundo dados da Secretaria de Sa\u00fade (SES-DF), contra 8.297 em 2018. Entre os motivos apontados para esse \u201cboom\u201d de atendimentos, est\u00e1 uma melhor conscientiza\u00e7\u00e3o sobre a import\u00e2ncia da sa\u00fade [&hellip;]<\/p>\n","protected":false},"author":0,"featured_media":0,"comment_status":"open","ping_status":"open","sticky":false,"template":"","format":"standard","meta":{"footnotes":""},"categories":[21],"tags":[],"class_list":{"0":"post-48550","1":"post","2":"type-post","3":"status-publish","4":"format-standard","6":"category-brasilia"},"yoast_head":"<!-- This site is optimized with the Yoast SEO Premium plugin v24.5 (Yoast SEO v27.5) - https:\/\/yoast.com\/product\/yoast-seo-premium-wordpress\/ -->\n<title>Em 5 anos, atendimentos psicol\u00f3gicos aumentam mais de 200% no DF - P31<\/title>\n<meta name=\"robots\" content=\"index, follow, max-snippet:-1, max-image-preview:large, max-video-preview:-1\" \/>\n<link rel=\"canonical\" href=\"https:\/\/www.p31noticias.com.br\/?p=48550\" \/>\n<meta property=\"og:locale\" content=\"pt_BR\" \/>\n<meta property=\"og:type\" content=\"article\" \/>\n<meta property=\"og:title\" content=\"Em 5 anos, atendimentos psicol\u00f3gicos aumentam mais de 200% no DF\" \/>\n<meta property=\"og:description\" content=\"Em cinco anos, o n\u00famero de atendimentos psicol\u00f3gicos realizados na rede p\u00fablica de sa\u00fade do Distrito Federal aumentou\u00a0 204%.\u00a0Foram 25.222 sess\u00f5es com psic\u00f3logos no ano passado, segundo dados da Secretaria de Sa\u00fade (SES-DF), contra 8.297 em 2018. Entre os motivos apontados para esse \u201cboom\u201d de atendimentos, est\u00e1 uma melhor conscientiza\u00e7\u00e3o sobre a import\u00e2ncia da sa\u00fade [&hellip;]\" \/>\n<meta property=\"og:url\" content=\"https:\/\/www.p31noticias.com.br\/?p=48550\" \/>\n<meta property=\"og:site_name\" content=\"P31\" \/>\n<meta property=\"article:published_time\" content=\"2024-04-27T07:31:36+00:00\" \/>\n<meta name=\"twitter:card\" content=\"summary_large_image\" \/>\n<script type=\"application\/ld+json\" class=\"yoast-schema-graph\">{\"@context\":\"https:\\\/\\\/schema.org\",\"@graph\":[{\"@type\":\"Article\",\"@id\":\"https:\\\/\\\/www.p31noticias.com.br\\\/?p=48550#article\",\"isPartOf\":{\"@id\":\"https:\\\/\\\/www.p31noticias.com.br\\\/?p=48550\"},\"author\":{\"name\":\"\",\"@id\":\"\"},\"headline\":\"Em 5 anos, atendimentos psicol\u00f3gicos aumentam mais de 200% no DF\",\"datePublished\":\"2024-04-27T07:31:36+00:00\",\"mainEntityOfPage\":{\"@id\":\"https:\\\/\\\/www.p31noticias.com.br\\\/?p=48550\"},\"wordCount\":92,\"commentCount\":0,\"articleSection\":[\"Bras\u00edlia\"],\"inLanguage\":\"pt-BR\",\"potentialAction\":[{\"@type\":\"CommentAction\",\"name\":\"Comment\",\"target\":[\"https:\\\/\\\/www.p31noticias.com.br\\\/?p=48550#respond\"]}],\"copyrightYear\":\"2024\",\"copyrightHolder\":{\"@id\":\"https:\\\/\\\/www.p31noticias.com.br\\\/#organization\"}},{\"@type\":\"WebPage\",\"@id\":\"https:\\\/\\\/www.p31noticias.com.br\\\/?p=48550\",\"url\":\"https:\\\/\\\/www.p31noticias.com.br\\\/?p=48550\",\"name\":\"Em 5 anos, atendimentos psicol\u00f3gicos aumentam mais de 200% no DF - P31\",\"isPartOf\":{\"@id\":\"https:\\\/\\\/www.p31noticias.com.br\\\/#website\"},\"datePublished\":\"2024-04-27T07:31:36+00:00\",\"author\":{\"@id\":\"\"},\"breadcrumb\":{\"@id\":\"https:\\\/\\\/www.p31noticias.com.br\\\/?p=48550#breadcrumb\"},\"inLanguage\":\"pt-BR\",\"potentialAction\":[{\"@type\":\"ReadAction\",\"target\":[\"https:\\\/\\\/www.p31noticias.com.br\\\/?p=48550\"]}]},{\"@type\":\"BreadcrumbList\",\"@id\":\"https:\\\/\\\/www.p31noticias.com.br\\\/?p=48550#breadcrumb\",\"itemListElement\":[{\"@type\":\"ListItem\",\"position\":1,\"name\":\"In\u00edcio\",\"item\":\"https:\\\/\\\/www.p31noticias.com.br\\\/\"},{\"@type\":\"ListItem\",\"position\":2,\"name\":\"Em 5 anos, atendimentos psicol\u00f3gicos aumentam mais de 200% no DF\"}]},{\"@type\":\"WebSite\",\"@id\":\"https:\\\/\\\/www.p31noticias.com.br\\\/#website\",\"url\":\"https:\\\/\\\/www.p31noticias.com.br\\\/\",\"name\":\"P31\",\"description\":\"NOT\u00cdCIAS\",\"potentialAction\":[{\"@type\":\"SearchAction\",\"target\":{\"@type\":\"EntryPoint\",\"urlTemplate\":\"https:\\\/\\\/www.p31noticias.com.br\\\/?s={search_term_string}\"},\"query-input\":{\"@type\":\"PropertyValueSpecification\",\"valueRequired\":true,\"valueName\":\"search_term_string\"}}],\"inLanguage\":\"pt-BR\"}]}<\/script>\n<!-- \/ Yoast SEO Premium plugin. -->","yoast_head_json":{"title":"Em 5 anos, atendimentos psicol\u00f3gicos aumentam mais de 200% no DF - P31","robots":{"index":"index","follow":"follow","max-snippet":"max-snippet:-1","max-image-preview":"max-image-preview:large","max-video-preview":"max-video-preview:-1"},"canonical":"https:\/\/www.p31noticias.com.br\/?p=48550","og_locale":"pt_BR","og_type":"article","og_title":"Em 5 anos, atendimentos psicol\u00f3gicos aumentam mais de 200% no DF","og_description":"Em cinco anos, o n\u00famero de atendimentos psicol\u00f3gicos realizados na rede p\u00fablica de sa\u00fade do Distrito Federal aumentou\u00a0 204%.\u00a0Foram 25.222 sess\u00f5es com psic\u00f3logos no ano passado, segundo dados da Secretaria de Sa\u00fade (SES-DF), contra 8.297 em 2018. Entre os motivos apontados para esse \u201cboom\u201d de atendimentos, est\u00e1 uma melhor conscientiza\u00e7\u00e3o sobre a import\u00e2ncia da sa\u00fade [&hellip;]","og_url":"https:\/\/www.p31noticias.com.br\/?p=48550","og_site_name":"P31","article_published_time":"2024-04-27T07:31:36+00:00","twitter_card":"summary_large_image","schema":{"@context":"https:\/\/schema.org","@graph":[{"@type":"Article","@id":"https:\/\/www.p31noticias.com.br\/?p=48550#article","isPartOf":{"@id":"https:\/\/www.p31noticias.com.br\/?p=48550"},"author":{"name":"","@id":""},"headline":"Em 5 anos, atendimentos psicol\u00f3gicos aumentam mais de 200% no DF","datePublished":"2024-04-27T07:31:36+00:00","mainEntityOfPage":{"@id":"https:\/\/www.p31noticias.com.br\/?p=48550"},"wordCount":92,"commentCount":0,"articleSection":["Bras\u00edlia"],"inLanguage":"pt-BR","potentialAction":[{"@type":"CommentAction","name":"Comment","target":["https:\/\/www.p31noticias.com.br\/?p=48550#respond"]}],"copyrightYear":"2024","copyrightHolder":{"@id":"https:\/\/www.p31noticias.com.br\/#organization"}},{"@type":"WebPage","@id":"https:\/\/www.p31noticias.com.br\/?p=48550","url":"https:\/\/www.p31noticias.com.br\/?p=48550","name":"Em 5 anos, atendimentos psicol\u00f3gicos aumentam mais de 200% no DF - P31","isPartOf":{"@id":"https:\/\/www.p31noticias.com.br\/#website"},"datePublished":"2024-04-27T07:31:36+00:00","author":{"@id":""},"breadcrumb":{"@id":"https:\/\/www.p31noticias.com.br\/?p=48550#breadcrumb"},"inLanguage":"pt-BR","potentialAction":[{"@type":"ReadAction","target":["https:\/\/www.p31noticias.com.br\/?p=48550"]}]},{"@type":"BreadcrumbList","@id":"https:\/\/www.p31noticias.com.br\/?p=48550#breadcrumb","itemListElement":[{"@type":"ListItem","position":1,"name":"In\u00edcio","item":"https:\/\/www.p31noticias.com.br\/"},{"@type":"ListItem","position":2,"name":"Em 5 anos, atendimentos psicol\u00f3gicos aumentam mais de 200% no DF"}]},{"@type":"WebSite","@id":"https:\/\/www.p31noticias.com.br\/#website","url":"https:\/\/www.p31noticias.com.br\/","name":"P31","description":"NOT\u00cdCIAS","potentialAction":[{"@type":"SearchAction","target":{"@type":"EntryPoint","urlTemplate":"https:\/\/www.p31noticias.com.br\/?s={search_term_string}"},"query-input":{"@type":"PropertyValueSpecification","valueRequired":true,"valueName":"search_term_string"}}],"inLanguage":"pt-BR"}]}},"amp_enabled":true,"_links":{"self":[{"href":"https:\/\/www.p31noticias.com.br\/index.php?rest_route=\/wp\/v2\/posts\/48550","targetHints":{"allow":["GET"]}}],"collection":[{"href":"https:\/\/www.p31noticias.com.br\/index.php?rest_route=\/wp\/v2\/posts"}],"about":[{"href":"https:\/\/www.p31noticias.com.br\/index.php?rest_route=\/wp\/v2\/types\/post"}],"replies":[{"embeddable":true,"href":"https:\/\/www.p31noticias.com.br\/index.php?rest_route=%2Fwp%2Fv2%2Fcomments&post=48550"}],"version-history":[{"count":0,"href":"https:\/\/www.p31noticias.com.br\/index.php?rest_route=\/wp\/v2\/posts\/48550\/revisions"}],"wp:attachment":[{"href":"https:\/\/www.p31noticias.com.br\/index.php?rest_route=%2Fwp%2Fv2%2Fmedia&parent=48550"}],"wp:term":[{"taxonomy":"category","embeddable":true,"href":"https:\/\/www.p31noticias.com.br\/index.php?rest_route=%2Fwp%2Fv2%2Fcategories&post=48550"},{"taxonomy":"post_tag","embeddable":true,"href":"https:\/\/www.p31noticias.com.br\/index.php?rest_route=%2Fwp%2Fv2%2Ftags&post=48550"}],"curies":[{"name":"wp","href":"https:\/\/api.w.org\/{rel}","templated":true}]}}