{"id":48533,"date":"2024-04-26T20:29:44","date_gmt":"2024-04-26T23:29:44","guid":{"rendered":"https:\/\/p31noticias.com.br\/paciente-com-doenca-rara-tem-diagnostico-errado-e-luta-por-vaga-em-uti\/"},"modified":"2024-04-26T20:29:44","modified_gmt":"2024-04-26T23:29:44","slug":"paciente-com-doenca-rara-tem-diagnostico-errado-e-luta-por-vaga-em-uti","status":"publish","type":"post","link":"https:\/\/www.p31noticias.com.br\/?p=48533","title":{"rendered":"Paciente com doen\u00e7a rara tem diagn\u00f3stico errado e luta por vaga em UTI"},"content":{"rendered":"<p>Uma paciente com uma doen\u00e7a rara recebeu diagn\u00f3stico errado de dengue ap\u00f3s passar por atendimento na rede p\u00fablica de sa\u00fade do Distrito Federal. Agora, mesmo com uma liminar judicial, Renata Cristina do Santos, de 42 anos, luta por uma vaga em uma UTI hematol\u00f3gica para o tratamento de p\u00farpura trombocitop\u00eanica tromb\u00f3tica (PTT). Renata deu entrada [\u2026]<\/p>\n<p>O post <a href=\"https:\/\/www.delioandrade.com.br\/paciente-com-doenca-rara-tem-diagnostico-errado-e-luta-por-vaga-em-uti\/\">Paciente com doen\u00e7a rara tem diagn\u00f3stico errado e luta por vaga em UTI<\/a> apareceu primeiro em <a href=\"https:\/\/www.delioandrade.com.br\/\">Blog do D\u00c9LIO ANDRADE<\/a>.<\/p>\n","protected":false},"excerpt":{"rendered":"<p>Uma paciente com uma doen\u00e7a rara recebeu diagn\u00f3stico errado de dengue ap\u00f3s passar por atendimento na rede p\u00fablica de sa\u00fade do Distrito Federal. Agora, mesmo com uma liminar judicial, Renata Cristina do Santos, de 42 anos, luta por uma vaga em uma UTI hematol\u00f3gica para o tratamento de p\u00farpura trombocitop\u00eanica tromb\u00f3tica (PTT). Renata deu entrada [&hellip;]<\/p>\n","protected":false},"author":0,"featured_media":0,"comment_status":"open","ping_status":"open","sticky":false,"template":"","format":"standard","meta":{"footnotes":""},"categories":[21],"tags":[],"class_list":{"0":"post-48533","1":"post","2":"type-post","3":"status-publish","4":"format-standard","6":"category-brasilia"},"yoast_head":"<!-- This site is optimized with the Yoast SEO Premium plugin v24.5 (Yoast SEO v27.5) - https:\/\/yoast.com\/product\/yoast-seo-premium-wordpress\/ -->\n<title>Paciente com doen\u00e7a rara tem diagn\u00f3stico errado e luta por vaga em UTI - P31<\/title>\n<meta name=\"robots\" content=\"index, follow, max-snippet:-1, max-image-preview:large, max-video-preview:-1\" \/>\n<link rel=\"canonical\" href=\"https:\/\/www.p31noticias.com.br\/?p=48533\" \/>\n<meta property=\"og:locale\" content=\"pt_BR\" \/>\n<meta property=\"og:type\" content=\"article\" \/>\n<meta property=\"og:title\" content=\"Paciente com doen\u00e7a rara tem diagn\u00f3stico errado e luta por vaga em UTI\" \/>\n<meta property=\"og:description\" content=\"Uma paciente com uma doen\u00e7a rara recebeu diagn\u00f3stico errado de dengue ap\u00f3s passar por atendimento na rede p\u00fablica de sa\u00fade do Distrito Federal. Agora, mesmo com uma liminar judicial, Renata Cristina do Santos, de 42 anos, luta por uma vaga em uma UTI hematol\u00f3gica para o tratamento de p\u00farpura trombocitop\u00eanica tromb\u00f3tica (PTT). Renata deu entrada [&hellip;]\" \/>\n<meta property=\"og:url\" content=\"https:\/\/www.p31noticias.com.br\/?p=48533\" \/>\n<meta property=\"og:site_name\" content=\"P31\" \/>\n<meta property=\"article:published_time\" content=\"2024-04-26T23:29:44+00:00\" \/>\n<meta name=\"twitter:card\" content=\"summary_large_image\" \/>\n<script type=\"application\/ld+json\" class=\"yoast-schema-graph\">{\"@context\":\"https:\\\/\\\/schema.org\",\"@graph\":[{\"@type\":\"Article\",\"@id\":\"https:\\\/\\\/www.p31noticias.com.br\\\/?p=48533#article\",\"isPartOf\":{\"@id\":\"https:\\\/\\\/www.p31noticias.com.br\\\/?p=48533\"},\"author\":{\"name\":\"\",\"@id\":\"\"},\"headline\":\"Paciente com doen\u00e7a rara tem diagn\u00f3stico errado e luta por vaga em UTI\",\"datePublished\":\"2024-04-26T23:29:44+00:00\",\"mainEntityOfPage\":{\"@id\":\"https:\\\/\\\/www.p31noticias.com.br\\\/?p=48533\"},\"wordCount\":103,\"commentCount\":0,\"articleSection\":[\"Bras\u00edlia\"],\"inLanguage\":\"pt-BR\",\"potentialAction\":[{\"@type\":\"CommentAction\",\"name\":\"Comment\",\"target\":[\"https:\\\/\\\/www.p31noticias.com.br\\\/?p=48533#respond\"]}],\"copyrightYear\":\"2024\",\"copyrightHolder\":{\"@id\":\"https:\\\/\\\/www.p31noticias.com.br\\\/#organization\"}},{\"@type\":\"WebPage\",\"@id\":\"https:\\\/\\\/www.p31noticias.com.br\\\/?p=48533\",\"url\":\"https:\\\/\\\/www.p31noticias.com.br\\\/?p=48533\",\"name\":\"Paciente com doen\u00e7a rara tem diagn\u00f3stico errado e luta por vaga em UTI - P31\",\"isPartOf\":{\"@id\":\"https:\\\/\\\/www.p31noticias.com.br\\\/#website\"},\"datePublished\":\"2024-04-26T23:29:44+00:00\",\"author\":{\"@id\":\"\"},\"breadcrumb\":{\"@id\":\"https:\\\/\\\/www.p31noticias.com.br\\\/?p=48533#breadcrumb\"},\"inLanguage\":\"pt-BR\",\"potentialAction\":[{\"@type\":\"ReadAction\",\"target\":[\"https:\\\/\\\/www.p31noticias.com.br\\\/?p=48533\"]}]},{\"@type\":\"BreadcrumbList\",\"@id\":\"https:\\\/\\\/www.p31noticias.com.br\\\/?p=48533#breadcrumb\",\"itemListElement\":[{\"@type\":\"ListItem\",\"position\":1,\"name\":\"In\u00edcio\",\"item\":\"https:\\\/\\\/www.p31noticias.com.br\\\/\"},{\"@type\":\"ListItem\",\"position\":2,\"name\":\"Paciente com doen\u00e7a rara tem diagn\u00f3stico errado e luta por vaga em UTI\"}]},{\"@type\":\"WebSite\",\"@id\":\"https:\\\/\\\/www.p31noticias.com.br\\\/#website\",\"url\":\"https:\\\/\\\/www.p31noticias.com.br\\\/\",\"name\":\"P31\",\"description\":\"NOT\u00cdCIAS\",\"potentialAction\":[{\"@type\":\"SearchAction\",\"target\":{\"@type\":\"EntryPoint\",\"urlTemplate\":\"https:\\\/\\\/www.p31noticias.com.br\\\/?s={search_term_string}\"},\"query-input\":{\"@type\":\"PropertyValueSpecification\",\"valueRequired\":true,\"valueName\":\"search_term_string\"}}],\"inLanguage\":\"pt-BR\"}]}<\/script>\n<!-- \/ Yoast SEO Premium plugin. -->","yoast_head_json":{"title":"Paciente com doen\u00e7a rara tem diagn\u00f3stico errado e luta por vaga em UTI - P31","robots":{"index":"index","follow":"follow","max-snippet":"max-snippet:-1","max-image-preview":"max-image-preview:large","max-video-preview":"max-video-preview:-1"},"canonical":"https:\/\/www.p31noticias.com.br\/?p=48533","og_locale":"pt_BR","og_type":"article","og_title":"Paciente com doen\u00e7a rara tem diagn\u00f3stico errado e luta por vaga em UTI","og_description":"Uma paciente com uma doen\u00e7a rara recebeu diagn\u00f3stico errado de dengue ap\u00f3s passar por atendimento na rede p\u00fablica de sa\u00fade do Distrito Federal. Agora, mesmo com uma liminar judicial, Renata Cristina do Santos, de 42 anos, luta por uma vaga em uma UTI hematol\u00f3gica para o tratamento de p\u00farpura trombocitop\u00eanica tromb\u00f3tica (PTT). Renata deu entrada [&hellip;]","og_url":"https:\/\/www.p31noticias.com.br\/?p=48533","og_site_name":"P31","article_published_time":"2024-04-26T23:29:44+00:00","twitter_card":"summary_large_image","schema":{"@context":"https:\/\/schema.org","@graph":[{"@type":"Article","@id":"https:\/\/www.p31noticias.com.br\/?p=48533#article","isPartOf":{"@id":"https:\/\/www.p31noticias.com.br\/?p=48533"},"author":{"name":"","@id":""},"headline":"Paciente com doen\u00e7a rara tem diagn\u00f3stico errado e luta por vaga em UTI","datePublished":"2024-04-26T23:29:44+00:00","mainEntityOfPage":{"@id":"https:\/\/www.p31noticias.com.br\/?p=48533"},"wordCount":103,"commentCount":0,"articleSection":["Bras\u00edlia"],"inLanguage":"pt-BR","potentialAction":[{"@type":"CommentAction","name":"Comment","target":["https:\/\/www.p31noticias.com.br\/?p=48533#respond"]}],"copyrightYear":"2024","copyrightHolder":{"@id":"https:\/\/www.p31noticias.com.br\/#organization"}},{"@type":"WebPage","@id":"https:\/\/www.p31noticias.com.br\/?p=48533","url":"https:\/\/www.p31noticias.com.br\/?p=48533","name":"Paciente com doen\u00e7a rara tem diagn\u00f3stico errado e luta por vaga em UTI - P31","isPartOf":{"@id":"https:\/\/www.p31noticias.com.br\/#website"},"datePublished":"2024-04-26T23:29:44+00:00","author":{"@id":""},"breadcrumb":{"@id":"https:\/\/www.p31noticias.com.br\/?p=48533#breadcrumb"},"inLanguage":"pt-BR","potentialAction":[{"@type":"ReadAction","target":["https:\/\/www.p31noticias.com.br\/?p=48533"]}]},{"@type":"BreadcrumbList","@id":"https:\/\/www.p31noticias.com.br\/?p=48533#breadcrumb","itemListElement":[{"@type":"ListItem","position":1,"name":"In\u00edcio","item":"https:\/\/www.p31noticias.com.br\/"},{"@type":"ListItem","position":2,"name":"Paciente com doen\u00e7a rara tem diagn\u00f3stico errado e luta por vaga em UTI"}]},{"@type":"WebSite","@id":"https:\/\/www.p31noticias.com.br\/#website","url":"https:\/\/www.p31noticias.com.br\/","name":"P31","description":"NOT\u00cdCIAS","potentialAction":[{"@type":"SearchAction","target":{"@type":"EntryPoint","urlTemplate":"https:\/\/www.p31noticias.com.br\/?s={search_term_string}"},"query-input":{"@type":"PropertyValueSpecification","valueRequired":true,"valueName":"search_term_string"}}],"inLanguage":"pt-BR"}]}},"amp_enabled":true,"_links":{"self":[{"href":"https:\/\/www.p31noticias.com.br\/index.php?rest_route=\/wp\/v2\/posts\/48533","targetHints":{"allow":["GET"]}}],"collection":[{"href":"https:\/\/www.p31noticias.com.br\/index.php?rest_route=\/wp\/v2\/posts"}],"about":[{"href":"https:\/\/www.p31noticias.com.br\/index.php?rest_route=\/wp\/v2\/types\/post"}],"replies":[{"embeddable":true,"href":"https:\/\/www.p31noticias.com.br\/index.php?rest_route=%2Fwp%2Fv2%2Fcomments&post=48533"}],"version-history":[{"count":0,"href":"https:\/\/www.p31noticias.com.br\/index.php?rest_route=\/wp\/v2\/posts\/48533\/revisions"}],"wp:attachment":[{"href":"https:\/\/www.p31noticias.com.br\/index.php?rest_route=%2Fwp%2Fv2%2Fmedia&parent=48533"}],"wp:term":[{"taxonomy":"category","embeddable":true,"href":"https:\/\/www.p31noticias.com.br\/index.php?rest_route=%2Fwp%2Fv2%2Fcategories&post=48533"},{"taxonomy":"post_tag","embeddable":true,"href":"https:\/\/www.p31noticias.com.br\/index.php?rest_route=%2Fwp%2Fv2%2Ftags&post=48533"}],"curies":[{"name":"wp","href":"https:\/\/api.w.org\/{rel}","templated":true}]}}