{"id":48527,"date":"2024-04-26T19:30:36","date_gmt":"2024-04-26T22:30:36","guid":{"rendered":"https:\/\/p31noticias.com.br\/fim-de-semana-tem-vacinacao-e-tendas-de-atendimento-a-pacientes-com-dengue\/"},"modified":"2024-04-26T19:30:36","modified_gmt":"2024-04-26T22:30:36","slug":"fim-de-semana-tem-vacinacao-e-tendas-de-atendimento-a-pacientes-com-dengue","status":"publish","type":"post","link":"https:\/\/www.p31noticias.com.br\/?p=48527","title":{"rendered":"Fim de semana tem vacina\u00e7\u00e3o e tendas de atendimento a pacientes com dengue"},"content":{"rendered":"<p>Quem precisa colocar a caderneta de vacina\u00e7\u00e3o em dia poder\u00e1 ser atendido em 18 locais diferentes neste s\u00e1bado (27). Equipes da Secretaria de Sa\u00fade (SES-DF) atuam em 15 unidades b\u00e1sicas de sa\u00fade (UBSs) e em a\u00e7\u00f5es externas da pasta,\u00a0no Shopping Popular de Ceil\u00e2ndia, Administra\u00e7\u00e3o Regional de Planaltina e Centro de Ensino Fundamental 3 de Sobradinho. [\u2026]<\/p>\n<p>O post <a href=\"https:\/\/www.delioandrade.com.br\/fim-de-semana-tem-vacinacao-e-tendas-de-atendimento-a-pacientes-com-dengue\/\">Fim de semana tem vacina\u00e7\u00e3o e tendas de atendimento a pacientes com dengue<\/a> apareceu primeiro em <a href=\"https:\/\/www.delioandrade.com.br\/\">Blog do D\u00c9LIO ANDRADE<\/a>.<\/p>\n","protected":false},"excerpt":{"rendered":"<p>Quem precisa colocar a caderneta de vacina\u00e7\u00e3o em dia poder\u00e1 ser atendido em 18 locais diferentes neste s\u00e1bado (27). Equipes da Secretaria de Sa\u00fade (SES-DF) atuam em 15 unidades b\u00e1sicas de sa\u00fade (UBSs) e em a\u00e7\u00f5es externas da pasta,\u00a0no Shopping Popular de Ceil\u00e2ndia, Administra\u00e7\u00e3o Regional de Planaltina e Centro de Ensino Fundamental 3 de Sobradinho. [&hellip;]<\/p>\n","protected":false},"author":0,"featured_media":48528,"comment_status":"open","ping_status":"open","sticky":false,"template":"","format":"standard","meta":{"footnotes":""},"categories":[21],"tags":[],"class_list":{"0":"post-48527","1":"post","2":"type-post","3":"status-publish","4":"format-standard","5":"has-post-thumbnail","7":"category-brasilia"},"yoast_head":"<!-- This site is optimized with the Yoast SEO Premium plugin v24.5 (Yoast SEO v27.5) - https:\/\/yoast.com\/product\/yoast-seo-premium-wordpress\/ -->\n<title>Fim de semana tem vacina\u00e7\u00e3o e tendas de atendimento a pacientes com dengue - P31<\/title>\n<meta name=\"robots\" content=\"index, follow, max-snippet:-1, max-image-preview:large, max-video-preview:-1\" \/>\n<link rel=\"canonical\" href=\"https:\/\/www.p31noticias.com.br\/?p=48527\" \/>\n<meta property=\"og:locale\" content=\"pt_BR\" \/>\n<meta property=\"og:type\" content=\"article\" \/>\n<meta property=\"og:title\" content=\"Fim de semana tem vacina\u00e7\u00e3o e tendas de atendimento a pacientes com dengue\" \/>\n<meta property=\"og:description\" content=\"Quem precisa colocar a caderneta de vacina\u00e7\u00e3o em dia poder\u00e1 ser atendido em 18 locais diferentes neste s\u00e1bado (27). Equipes da Secretaria de Sa\u00fade (SES-DF) atuam em 15 unidades b\u00e1sicas de sa\u00fade (UBSs) e em a\u00e7\u00f5es externas da pasta,\u00a0no Shopping Popular de Ceil\u00e2ndia, Administra\u00e7\u00e3o Regional de Planaltina e Centro de Ensino Fundamental 3 de Sobradinho. [&hellip;]\" \/>\n<meta property=\"og:url\" content=\"https:\/\/www.p31noticias.com.br\/?p=48527\" \/>\n<meta property=\"og:site_name\" content=\"P31\" \/>\n<meta property=\"article:published_time\" content=\"2024-04-26T22:30:36+00:00\" \/>\n<meta property=\"og:image\" content=\"https:\/\/www.p31noticias.com.br\/wp-content\/uploads\/2024\/04\/Foto_Sandro_Araujo_Agencia_Saude_DF_-ozxgzI-150x150-Ir824D.jpeg\" \/>\n\t<meta property=\"og:image:width\" content=\"150\" \/>\n\t<meta property=\"og:image:height\" content=\"150\" \/>\n\t<meta property=\"og:image:type\" content=\"image\/jpeg\" \/>\n<meta name=\"twitter:card\" content=\"summary_large_image\" \/>\n<script type=\"application\/ld+json\" class=\"yoast-schema-graph\">{\"@context\":\"https:\\\/\\\/schema.org\",\"@graph\":[{\"@type\":\"Article\",\"@id\":\"https:\\\/\\\/www.p31noticias.com.br\\\/?p=48527#article\",\"isPartOf\":{\"@id\":\"https:\\\/\\\/www.p31noticias.com.br\\\/?p=48527\"},\"author\":{\"name\":\"\",\"@id\":\"\"},\"headline\":\"Fim de semana tem vacina\u00e7\u00e3o e tendas de atendimento a pacientes com dengue\",\"datePublished\":\"2024-04-26T22:30:36+00:00\",\"mainEntityOfPage\":{\"@id\":\"https:\\\/\\\/www.p31noticias.com.br\\\/?p=48527\"},\"wordCount\":98,\"commentCount\":0,\"image\":{\"@id\":\"https:\\\/\\\/www.p31noticias.com.br\\\/?p=48527#primaryimage\"},\"thumbnailUrl\":\"https:\\\/\\\/www.p31noticias.com.br\\\/wp-content\\\/uploads\\\/2024\\\/04\\\/Foto_Sandro_Araujo_Agencia_Saude_DF_-ozxgzI-150x150-Ir824D.jpeg\",\"articleSection\":[\"Bras\u00edlia\"],\"inLanguage\":\"pt-BR\",\"potentialAction\":[{\"@type\":\"CommentAction\",\"name\":\"Comment\",\"target\":[\"https:\\\/\\\/www.p31noticias.com.br\\\/?p=48527#respond\"]}],\"copyrightYear\":\"2024\",\"copyrightHolder\":{\"@id\":\"https:\\\/\\\/www.p31noticias.com.br\\\/#organization\"}},{\"@type\":\"WebPage\",\"@id\":\"https:\\\/\\\/www.p31noticias.com.br\\\/?p=48527\",\"url\":\"https:\\\/\\\/www.p31noticias.com.br\\\/?p=48527\",\"name\":\"Fim de semana tem vacina\u00e7\u00e3o e tendas de atendimento a pacientes com dengue - P31\",\"isPartOf\":{\"@id\":\"https:\\\/\\\/www.p31noticias.com.br\\\/#website\"},\"primaryImageOfPage\":{\"@id\":\"https:\\\/\\\/www.p31noticias.com.br\\\/?p=48527#primaryimage\"},\"image\":{\"@id\":\"https:\\\/\\\/www.p31noticias.com.br\\\/?p=48527#primaryimage\"},\"thumbnailUrl\":\"https:\\\/\\\/www.p31noticias.com.br\\\/wp-content\\\/uploads\\\/2024\\\/04\\\/Foto_Sandro_Araujo_Agencia_Saude_DF_-ozxgzI-150x150-Ir824D.jpeg\",\"datePublished\":\"2024-04-26T22:30:36+00:00\",\"author\":{\"@id\":\"\"},\"breadcrumb\":{\"@id\":\"https:\\\/\\\/www.p31noticias.com.br\\\/?p=48527#breadcrumb\"},\"inLanguage\":\"pt-BR\",\"potentialAction\":[{\"@type\":\"ReadAction\",\"target\":[\"https:\\\/\\\/www.p31noticias.com.br\\\/?p=48527\"]}]},{\"@type\":\"ImageObject\",\"inLanguage\":\"pt-BR\",\"@id\":\"https:\\\/\\\/www.p31noticias.com.br\\\/?p=48527#primaryimage\",\"url\":\"https:\\\/\\\/www.p31noticias.com.br\\\/wp-content\\\/uploads\\\/2024\\\/04\\\/Foto_Sandro_Araujo_Agencia_Saude_DF_-ozxgzI-150x150-Ir824D.jpeg\",\"contentUrl\":\"https:\\\/\\\/www.p31noticias.com.br\\\/wp-content\\\/uploads\\\/2024\\\/04\\\/Foto_Sandro_Araujo_Agencia_Saude_DF_-ozxgzI-150x150-Ir824D.jpeg\",\"width\":150,\"height\":150},{\"@type\":\"BreadcrumbList\",\"@id\":\"https:\\\/\\\/www.p31noticias.com.br\\\/?p=48527#breadcrumb\",\"itemListElement\":[{\"@type\":\"ListItem\",\"position\":1,\"name\":\"In\u00edcio\",\"item\":\"https:\\\/\\\/www.p31noticias.com.br\\\/\"},{\"@type\":\"ListItem\",\"position\":2,\"name\":\"Fim de semana tem vacina\u00e7\u00e3o e tendas de atendimento a pacientes com dengue\"}]},{\"@type\":\"WebSite\",\"@id\":\"https:\\\/\\\/www.p31noticias.com.br\\\/#website\",\"url\":\"https:\\\/\\\/www.p31noticias.com.br\\\/\",\"name\":\"P31\",\"description\":\"NOT\u00cdCIAS\",\"potentialAction\":[{\"@type\":\"SearchAction\",\"target\":{\"@type\":\"EntryPoint\",\"urlTemplate\":\"https:\\\/\\\/www.p31noticias.com.br\\\/?s={search_term_string}\"},\"query-input\":{\"@type\":\"PropertyValueSpecification\",\"valueRequired\":true,\"valueName\":\"search_term_string\"}}],\"inLanguage\":\"pt-BR\"}]}<\/script>\n<!-- \/ Yoast SEO Premium plugin. -->","yoast_head_json":{"title":"Fim de semana tem vacina\u00e7\u00e3o e tendas de atendimento a pacientes com dengue - P31","robots":{"index":"index","follow":"follow","max-snippet":"max-snippet:-1","max-image-preview":"max-image-preview:large","max-video-preview":"max-video-preview:-1"},"canonical":"https:\/\/www.p31noticias.com.br\/?p=48527","og_locale":"pt_BR","og_type":"article","og_title":"Fim de semana tem vacina\u00e7\u00e3o e tendas de atendimento a pacientes com dengue","og_description":"Quem precisa colocar a caderneta de vacina\u00e7\u00e3o em dia poder\u00e1 ser atendido em 18 locais diferentes neste s\u00e1bado (27). Equipes da Secretaria de Sa\u00fade (SES-DF) atuam em 15 unidades b\u00e1sicas de sa\u00fade (UBSs) e em a\u00e7\u00f5es externas da pasta,\u00a0no Shopping Popular de Ceil\u00e2ndia, Administra\u00e7\u00e3o Regional de Planaltina e Centro de Ensino Fundamental 3 de Sobradinho. [&hellip;]","og_url":"https:\/\/www.p31noticias.com.br\/?p=48527","og_site_name":"P31","article_published_time":"2024-04-26T22:30:36+00:00","og_image":[{"width":150,"height":150,"url":"https:\/\/www.p31noticias.com.br\/wp-content\/uploads\/2024\/04\/Foto_Sandro_Araujo_Agencia_Saude_DF_-ozxgzI-150x150-Ir824D.jpeg","type":"image\/jpeg"}],"twitter_card":"summary_large_image","schema":{"@context":"https:\/\/schema.org","@graph":[{"@type":"Article","@id":"https:\/\/www.p31noticias.com.br\/?p=48527#article","isPartOf":{"@id":"https:\/\/www.p31noticias.com.br\/?p=48527"},"author":{"name":"","@id":""},"headline":"Fim de semana tem vacina\u00e7\u00e3o e tendas de atendimento a pacientes com dengue","datePublished":"2024-04-26T22:30:36+00:00","mainEntityOfPage":{"@id":"https:\/\/www.p31noticias.com.br\/?p=48527"},"wordCount":98,"commentCount":0,"image":{"@id":"https:\/\/www.p31noticias.com.br\/?p=48527#primaryimage"},"thumbnailUrl":"https:\/\/www.p31noticias.com.br\/wp-content\/uploads\/2024\/04\/Foto_Sandro_Araujo_Agencia_Saude_DF_-ozxgzI-150x150-Ir824D.jpeg","articleSection":["Bras\u00edlia"],"inLanguage":"pt-BR","potentialAction":[{"@type":"CommentAction","name":"Comment","target":["https:\/\/www.p31noticias.com.br\/?p=48527#respond"]}],"copyrightYear":"2024","copyrightHolder":{"@id":"https:\/\/www.p31noticias.com.br\/#organization"}},{"@type":"WebPage","@id":"https:\/\/www.p31noticias.com.br\/?p=48527","url":"https:\/\/www.p31noticias.com.br\/?p=48527","name":"Fim de semana tem vacina\u00e7\u00e3o e tendas de atendimento a pacientes com dengue - P31","isPartOf":{"@id":"https:\/\/www.p31noticias.com.br\/#website"},"primaryImageOfPage":{"@id":"https:\/\/www.p31noticias.com.br\/?p=48527#primaryimage"},"image":{"@id":"https:\/\/www.p31noticias.com.br\/?p=48527#primaryimage"},"thumbnailUrl":"https:\/\/www.p31noticias.com.br\/wp-content\/uploads\/2024\/04\/Foto_Sandro_Araujo_Agencia_Saude_DF_-ozxgzI-150x150-Ir824D.jpeg","datePublished":"2024-04-26T22:30:36+00:00","author":{"@id":""},"breadcrumb":{"@id":"https:\/\/www.p31noticias.com.br\/?p=48527#breadcrumb"},"inLanguage":"pt-BR","potentialAction":[{"@type":"ReadAction","target":["https:\/\/www.p31noticias.com.br\/?p=48527"]}]},{"@type":"ImageObject","inLanguage":"pt-BR","@id":"https:\/\/www.p31noticias.com.br\/?p=48527#primaryimage","url":"https:\/\/www.p31noticias.com.br\/wp-content\/uploads\/2024\/04\/Foto_Sandro_Araujo_Agencia_Saude_DF_-ozxgzI-150x150-Ir824D.jpeg","contentUrl":"https:\/\/www.p31noticias.com.br\/wp-content\/uploads\/2024\/04\/Foto_Sandro_Araujo_Agencia_Saude_DF_-ozxgzI-150x150-Ir824D.jpeg","width":150,"height":150},{"@type":"BreadcrumbList","@id":"https:\/\/www.p31noticias.com.br\/?p=48527#breadcrumb","itemListElement":[{"@type":"ListItem","position":1,"name":"In\u00edcio","item":"https:\/\/www.p31noticias.com.br\/"},{"@type":"ListItem","position":2,"name":"Fim de semana tem vacina\u00e7\u00e3o e tendas de atendimento a pacientes com dengue"}]},{"@type":"WebSite","@id":"https:\/\/www.p31noticias.com.br\/#website","url":"https:\/\/www.p31noticias.com.br\/","name":"P31","description":"NOT\u00cdCIAS","potentialAction":[{"@type":"SearchAction","target":{"@type":"EntryPoint","urlTemplate":"https:\/\/www.p31noticias.com.br\/?s={search_term_string}"},"query-input":{"@type":"PropertyValueSpecification","valueRequired":true,"valueName":"search_term_string"}}],"inLanguage":"pt-BR"}]}},"amp_enabled":true,"_links":{"self":[{"href":"https:\/\/www.p31noticias.com.br\/index.php?rest_route=\/wp\/v2\/posts\/48527","targetHints":{"allow":["GET"]}}],"collection":[{"href":"https:\/\/www.p31noticias.com.br\/index.php?rest_route=\/wp\/v2\/posts"}],"about":[{"href":"https:\/\/www.p31noticias.com.br\/index.php?rest_route=\/wp\/v2\/types\/post"}],"replies":[{"embeddable":true,"href":"https:\/\/www.p31noticias.com.br\/index.php?rest_route=%2Fwp%2Fv2%2Fcomments&post=48527"}],"version-history":[{"count":0,"href":"https:\/\/www.p31noticias.com.br\/index.php?rest_route=\/wp\/v2\/posts\/48527\/revisions"}],"wp:featuredmedia":[{"embeddable":true,"href":"https:\/\/www.p31noticias.com.br\/index.php?rest_route=\/wp\/v2\/media\/48528"}],"wp:attachment":[{"href":"https:\/\/www.p31noticias.com.br\/index.php?rest_route=%2Fwp%2Fv2%2Fmedia&parent=48527"}],"wp:term":[{"taxonomy":"category","embeddable":true,"href":"https:\/\/www.p31noticias.com.br\/index.php?rest_route=%2Fwp%2Fv2%2Fcategories&post=48527"},{"taxonomy":"post_tag","embeddable":true,"href":"https:\/\/www.p31noticias.com.br\/index.php?rest_route=%2Fwp%2Fv2%2Ftags&post=48527"}],"curies":[{"name":"wp","href":"https:\/\/api.w.org\/{rel}","templated":true}]}}