{"id":48278,"date":"2024-04-25T09:29:45","date_gmt":"2024-04-25T12:29:45","guid":{"rendered":"https:\/\/p31noticias.com.br\/oposicao-na-camara-federal-questiona-governo-lula-sobre-possivel-gasto-de-r42-milhoes-na-coleta-de-dados-para-monitoramento-de-redes-sociais-de-cidadaos-em-ano-de-eleicao\/"},"modified":"2024-04-25T09:29:45","modified_gmt":"2024-04-25T12:29:45","slug":"oposicao-na-camara-federal-questiona-governo-lula-sobre-possivel-gasto-de-r42-milhoes-na-coleta-de-dados-para-monitoramento-de-redes-sociais-de-cidadaos-em-ano-de-eleicao","status":"publish","type":"post","link":"https:\/\/www.p31noticias.com.br\/?p=48278","title":{"rendered":"Oposi\u00e7\u00e3o na C\u00e2mara Federal questiona governo Lula sobre poss\u00edvel gasto de R$42 milh\u00f5es na coleta de dados para monitoramento de redes sociais de cidad\u00e3os em ano de elei\u00e7\u00e3o."},"content":{"rendered":"<p>Na C\u00e2mara dos Deputados, parlamentares pediram esclarecimentos ao governo federal acerca dos investimentos destinados ao monitoramento de redes, conforme noticiado pelo site N\u00facleo em 12\/04. A reportagem revelou que o Minist\u00e9rio da Justi\u00e7a planeja investir R$42 milh\u00f5es na coleta de dados, mapeamento e an\u00e1lise de perfis que propagem \u201cdesinforma\u00e7\u00e3o\u201d e \u201cmanipula\u00e7\u00e3o do debate realizado na [\u2026]<\/p>\n<p>O post <a href=\"https:\/\/www.delioandrade.com.br\/oposicao-na-camara-federal-questiona-governo-lula-sobre-possivel-gasto-de-r42-milhoes-na-coleta-de-dados-para-monitoramento-de-redes-sociais-de-cidadaos-em-ano-de-eleicao\/\">Oposi\u00e7\u00e3o na C\u00e2mara Federal questiona governo Lula sobre poss\u00edvel gasto de R$42 milh\u00f5es na coleta de dados para monitoramento de redes sociais de cidad\u00e3os em ano de elei\u00e7\u00e3o.<\/a> apareceu primeiro em <a href=\"https:\/\/www.delioandrade.com.br\/\">Blog do D\u00c9LIO ANDRADE<\/a>.<\/p>\n","protected":false},"excerpt":{"rendered":"<p>Na C\u00e2mara dos Deputados, parlamentares pediram esclarecimentos ao governo federal acerca dos investimentos destinados ao monitoramento de redes, conforme noticiado pelo site N\u00facleo em 12\/04. A reportagem revelou que o Minist\u00e9rio da Justi\u00e7a planeja investir R$42 milh\u00f5es na coleta de dados, mapeamento e an\u00e1lise de perfis que propagem \u201cdesinforma\u00e7\u00e3o\u201d e \u201cmanipula\u00e7\u00e3o do debate realizado na [&hellip;]<\/p>\n","protected":false},"author":0,"featured_media":48279,"comment_status":"open","ping_status":"open","sticky":false,"template":"","format":"standard","meta":{"footnotes":""},"categories":[21],"tags":[],"class_list":{"0":"post-48278","1":"post","2":"type-post","3":"status-publish","4":"format-standard","5":"has-post-thumbnail","7":"category-brasilia"},"yoast_head":"<!-- This site is optimized with the Yoast SEO Premium plugin v24.5 (Yoast SEO v27.5) - https:\/\/yoast.com\/product\/yoast-seo-premium-wordpress\/ -->\n<title>Oposi\u00e7\u00e3o na C\u00e2mara Federal questiona governo Lula sobre poss\u00edvel gasto de R$42 milh\u00f5es na coleta de dados para monitoramento de redes sociais de cidad\u00e3os em ano de elei\u00e7\u00e3o. - P31<\/title>\n<meta name=\"robots\" content=\"index, follow, max-snippet:-1, max-image-preview:large, max-video-preview:-1\" \/>\n<link rel=\"canonical\" href=\"https:\/\/www.p31noticias.com.br\/?p=48278\" \/>\n<meta property=\"og:locale\" content=\"pt_BR\" \/>\n<meta property=\"og:type\" content=\"article\" \/>\n<meta property=\"og:title\" content=\"Oposi\u00e7\u00e3o na C\u00e2mara Federal questiona governo Lula sobre poss\u00edvel gasto de R$42 milh\u00f5es na coleta de dados para monitoramento de redes sociais de cidad\u00e3os em ano de elei\u00e7\u00e3o.\" \/>\n<meta property=\"og:description\" content=\"Na C\u00e2mara dos Deputados, parlamentares pediram esclarecimentos ao governo federal acerca dos investimentos destinados ao monitoramento de redes, conforme noticiado pelo site N\u00facleo em 12\/04. A reportagem revelou que o Minist\u00e9rio da Justi\u00e7a planeja investir R$42 milh\u00f5es na coleta de dados, mapeamento e an\u00e1lise de perfis que propagem \u201cdesinforma\u00e7\u00e3o\u201d e \u201cmanipula\u00e7\u00e3o do debate realizado na [&hellip;]\" \/>\n<meta property=\"og:url\" content=\"https:\/\/www.p31noticias.com.br\/?p=48278\" \/>\n<meta property=\"og:site_name\" content=\"P31\" \/>\n<meta property=\"article:published_time\" content=\"2024-04-25T12:29:45+00:00\" \/>\n<meta property=\"og:image\" content=\"https:\/\/www.p31noticias.com.br\/wp-content\/uploads\/2024\/04\/Ricardo-Lewandowski-e-o-presidente-Lula-em-brasilia-3-150x150-tGL2l5-wmOsS0.jpeg\" \/>\n\t<meta property=\"og:image:width\" content=\"150\" \/>\n\t<meta property=\"og:image:height\" content=\"150\" \/>\n\t<meta property=\"og:image:type\" content=\"image\/jpeg\" \/>\n<meta name=\"twitter:card\" content=\"summary_large_image\" \/>\n<meta name=\"twitter:label1\" content=\"Est. tempo de leitura\" \/>\n\t<meta name=\"twitter:data1\" content=\"1 minuto\" \/>\n<script type=\"application\/ld+json\" class=\"yoast-schema-graph\">{\"@context\":\"https:\\\/\\\/schema.org\",\"@graph\":[{\"@type\":\"Article\",\"@id\":\"https:\\\/\\\/www.p31noticias.com.br\\\/?p=48278#article\",\"isPartOf\":{\"@id\":\"https:\\\/\\\/www.p31noticias.com.br\\\/?p=48278\"},\"author\":{\"name\":\"\",\"@id\":\"\"},\"headline\":\"Oposi\u00e7\u00e3o na C\u00e2mara Federal questiona governo Lula sobre poss\u00edvel gasto de R$42 milh\u00f5es na coleta de dados para monitoramento de redes sociais de cidad\u00e3os em ano de elei\u00e7\u00e3o.\",\"datePublished\":\"2024-04-25T12:29:45+00:00\",\"mainEntityOfPage\":{\"@id\":\"https:\\\/\\\/www.p31noticias.com.br\\\/?p=48278\"},\"wordCount\":140,\"commentCount\":0,\"image\":{\"@id\":\"https:\\\/\\\/www.p31noticias.com.br\\\/?p=48278#primaryimage\"},\"thumbnailUrl\":\"https:\\\/\\\/www.p31noticias.com.br\\\/wp-content\\\/uploads\\\/2024\\\/04\\\/Ricardo-Lewandowski-e-o-presidente-Lula-em-brasilia-3-150x150-tGL2l5-wmOsS0.jpeg\",\"articleSection\":[\"Bras\u00edlia\"],\"inLanguage\":\"pt-BR\",\"potentialAction\":[{\"@type\":\"CommentAction\",\"name\":\"Comment\",\"target\":[\"https:\\\/\\\/www.p31noticias.com.br\\\/?p=48278#respond\"]}],\"copyrightYear\":\"2024\",\"copyrightHolder\":{\"@id\":\"https:\\\/\\\/www.p31noticias.com.br\\\/#organization\"}},{\"@type\":\"WebPage\",\"@id\":\"https:\\\/\\\/www.p31noticias.com.br\\\/?p=48278\",\"url\":\"https:\\\/\\\/www.p31noticias.com.br\\\/?p=48278\",\"name\":\"Oposi\u00e7\u00e3o na C\u00e2mara Federal questiona governo Lula sobre poss\u00edvel gasto de R$42 milh\u00f5es na coleta de dados para monitoramento de redes sociais de cidad\u00e3os em ano de elei\u00e7\u00e3o. - P31\",\"isPartOf\":{\"@id\":\"https:\\\/\\\/www.p31noticias.com.br\\\/#website\"},\"primaryImageOfPage\":{\"@id\":\"https:\\\/\\\/www.p31noticias.com.br\\\/?p=48278#primaryimage\"},\"image\":{\"@id\":\"https:\\\/\\\/www.p31noticias.com.br\\\/?p=48278#primaryimage\"},\"thumbnailUrl\":\"https:\\\/\\\/www.p31noticias.com.br\\\/wp-content\\\/uploads\\\/2024\\\/04\\\/Ricardo-Lewandowski-e-o-presidente-Lula-em-brasilia-3-150x150-tGL2l5-wmOsS0.jpeg\",\"datePublished\":\"2024-04-25T12:29:45+00:00\",\"author\":{\"@id\":\"\"},\"breadcrumb\":{\"@id\":\"https:\\\/\\\/www.p31noticias.com.br\\\/?p=48278#breadcrumb\"},\"inLanguage\":\"pt-BR\",\"potentialAction\":[{\"@type\":\"ReadAction\",\"target\":[\"https:\\\/\\\/www.p31noticias.com.br\\\/?p=48278\"]}]},{\"@type\":\"ImageObject\",\"inLanguage\":\"pt-BR\",\"@id\":\"https:\\\/\\\/www.p31noticias.com.br\\\/?p=48278#primaryimage\",\"url\":\"https:\\\/\\\/www.p31noticias.com.br\\\/wp-content\\\/uploads\\\/2024\\\/04\\\/Ricardo-Lewandowski-e-o-presidente-Lula-em-brasilia-3-150x150-tGL2l5-wmOsS0.jpeg\",\"contentUrl\":\"https:\\\/\\\/www.p31noticias.com.br\\\/wp-content\\\/uploads\\\/2024\\\/04\\\/Ricardo-Lewandowski-e-o-presidente-Lula-em-brasilia-3-150x150-tGL2l5-wmOsS0.jpeg\",\"width\":150,\"height\":150},{\"@type\":\"BreadcrumbList\",\"@id\":\"https:\\\/\\\/www.p31noticias.com.br\\\/?p=48278#breadcrumb\",\"itemListElement\":[{\"@type\":\"ListItem\",\"position\":1,\"name\":\"In\u00edcio\",\"item\":\"https:\\\/\\\/www.p31noticias.com.br\\\/\"},{\"@type\":\"ListItem\",\"position\":2,\"name\":\"Oposi\u00e7\u00e3o na C\u00e2mara Federal questiona governo Lula sobre poss\u00edvel gasto de R$42 milh\u00f5es na coleta de dados para monitoramento de redes sociais de cidad\u00e3os em ano de elei\u00e7\u00e3o.\"}]},{\"@type\":\"WebSite\",\"@id\":\"https:\\\/\\\/www.p31noticias.com.br\\\/#website\",\"url\":\"https:\\\/\\\/www.p31noticias.com.br\\\/\",\"name\":\"P31\",\"description\":\"NOT\u00cdCIAS\",\"potentialAction\":[{\"@type\":\"SearchAction\",\"target\":{\"@type\":\"EntryPoint\",\"urlTemplate\":\"https:\\\/\\\/www.p31noticias.com.br\\\/?s={search_term_string}\"},\"query-input\":{\"@type\":\"PropertyValueSpecification\",\"valueRequired\":true,\"valueName\":\"search_term_string\"}}],\"inLanguage\":\"pt-BR\"}]}<\/script>\n<!-- \/ Yoast SEO Premium plugin. -->","yoast_head_json":{"title":"Oposi\u00e7\u00e3o na C\u00e2mara Federal questiona governo Lula sobre poss\u00edvel gasto de R$42 milh\u00f5es na coleta de dados para monitoramento de redes sociais de cidad\u00e3os em ano de elei\u00e7\u00e3o. - P31","robots":{"index":"index","follow":"follow","max-snippet":"max-snippet:-1","max-image-preview":"max-image-preview:large","max-video-preview":"max-video-preview:-1"},"canonical":"https:\/\/www.p31noticias.com.br\/?p=48278","og_locale":"pt_BR","og_type":"article","og_title":"Oposi\u00e7\u00e3o na C\u00e2mara Federal questiona governo Lula sobre poss\u00edvel gasto de R$42 milh\u00f5es na coleta de dados para monitoramento de redes sociais de cidad\u00e3os em ano de elei\u00e7\u00e3o.","og_description":"Na C\u00e2mara dos Deputados, parlamentares pediram esclarecimentos ao governo federal acerca dos investimentos destinados ao monitoramento de redes, conforme noticiado pelo site N\u00facleo em 12\/04. A reportagem revelou que o Minist\u00e9rio da Justi\u00e7a planeja investir R$42 milh\u00f5es na coleta de dados, mapeamento e an\u00e1lise de perfis que propagem \u201cdesinforma\u00e7\u00e3o\u201d e \u201cmanipula\u00e7\u00e3o do debate realizado na [&hellip;]","og_url":"https:\/\/www.p31noticias.com.br\/?p=48278","og_site_name":"P31","article_published_time":"2024-04-25T12:29:45+00:00","og_image":[{"width":150,"height":150,"url":"https:\/\/www.p31noticias.com.br\/wp-content\/uploads\/2024\/04\/Ricardo-Lewandowski-e-o-presidente-Lula-em-brasilia-3-150x150-tGL2l5-wmOsS0.jpeg","type":"image\/jpeg"}],"twitter_card":"summary_large_image","twitter_misc":{"Est. tempo de leitura":"1 minuto"},"schema":{"@context":"https:\/\/schema.org","@graph":[{"@type":"Article","@id":"https:\/\/www.p31noticias.com.br\/?p=48278#article","isPartOf":{"@id":"https:\/\/www.p31noticias.com.br\/?p=48278"},"author":{"name":"","@id":""},"headline":"Oposi\u00e7\u00e3o na C\u00e2mara Federal questiona governo Lula sobre poss\u00edvel gasto de R$42 milh\u00f5es na coleta de dados para monitoramento de redes sociais de cidad\u00e3os em ano de elei\u00e7\u00e3o.","datePublished":"2024-04-25T12:29:45+00:00","mainEntityOfPage":{"@id":"https:\/\/www.p31noticias.com.br\/?p=48278"},"wordCount":140,"commentCount":0,"image":{"@id":"https:\/\/www.p31noticias.com.br\/?p=48278#primaryimage"},"thumbnailUrl":"https:\/\/www.p31noticias.com.br\/wp-content\/uploads\/2024\/04\/Ricardo-Lewandowski-e-o-presidente-Lula-em-brasilia-3-150x150-tGL2l5-wmOsS0.jpeg","articleSection":["Bras\u00edlia"],"inLanguage":"pt-BR","potentialAction":[{"@type":"CommentAction","name":"Comment","target":["https:\/\/www.p31noticias.com.br\/?p=48278#respond"]}],"copyrightYear":"2024","copyrightHolder":{"@id":"https:\/\/www.p31noticias.com.br\/#organization"}},{"@type":"WebPage","@id":"https:\/\/www.p31noticias.com.br\/?p=48278","url":"https:\/\/www.p31noticias.com.br\/?p=48278","name":"Oposi\u00e7\u00e3o na C\u00e2mara Federal questiona governo Lula sobre poss\u00edvel gasto de R$42 milh\u00f5es na coleta de dados para monitoramento de redes sociais de cidad\u00e3os em ano de elei\u00e7\u00e3o. - P31","isPartOf":{"@id":"https:\/\/www.p31noticias.com.br\/#website"},"primaryImageOfPage":{"@id":"https:\/\/www.p31noticias.com.br\/?p=48278#primaryimage"},"image":{"@id":"https:\/\/www.p31noticias.com.br\/?p=48278#primaryimage"},"thumbnailUrl":"https:\/\/www.p31noticias.com.br\/wp-content\/uploads\/2024\/04\/Ricardo-Lewandowski-e-o-presidente-Lula-em-brasilia-3-150x150-tGL2l5-wmOsS0.jpeg","datePublished":"2024-04-25T12:29:45+00:00","author":{"@id":""},"breadcrumb":{"@id":"https:\/\/www.p31noticias.com.br\/?p=48278#breadcrumb"},"inLanguage":"pt-BR","potentialAction":[{"@type":"ReadAction","target":["https:\/\/www.p31noticias.com.br\/?p=48278"]}]},{"@type":"ImageObject","inLanguage":"pt-BR","@id":"https:\/\/www.p31noticias.com.br\/?p=48278#primaryimage","url":"https:\/\/www.p31noticias.com.br\/wp-content\/uploads\/2024\/04\/Ricardo-Lewandowski-e-o-presidente-Lula-em-brasilia-3-150x150-tGL2l5-wmOsS0.jpeg","contentUrl":"https:\/\/www.p31noticias.com.br\/wp-content\/uploads\/2024\/04\/Ricardo-Lewandowski-e-o-presidente-Lula-em-brasilia-3-150x150-tGL2l5-wmOsS0.jpeg","width":150,"height":150},{"@type":"BreadcrumbList","@id":"https:\/\/www.p31noticias.com.br\/?p=48278#breadcrumb","itemListElement":[{"@type":"ListItem","position":1,"name":"In\u00edcio","item":"https:\/\/www.p31noticias.com.br\/"},{"@type":"ListItem","position":2,"name":"Oposi\u00e7\u00e3o na C\u00e2mara Federal questiona governo Lula sobre poss\u00edvel gasto de R$42 milh\u00f5es na coleta de dados para monitoramento de redes sociais de cidad\u00e3os em ano de elei\u00e7\u00e3o."}]},{"@type":"WebSite","@id":"https:\/\/www.p31noticias.com.br\/#website","url":"https:\/\/www.p31noticias.com.br\/","name":"P31","description":"NOT\u00cdCIAS","potentialAction":[{"@type":"SearchAction","target":{"@type":"EntryPoint","urlTemplate":"https:\/\/www.p31noticias.com.br\/?s={search_term_string}"},"query-input":{"@type":"PropertyValueSpecification","valueRequired":true,"valueName":"search_term_string"}}],"inLanguage":"pt-BR"}]}},"amp_enabled":true,"_links":{"self":[{"href":"https:\/\/www.p31noticias.com.br\/index.php?rest_route=\/wp\/v2\/posts\/48278","targetHints":{"allow":["GET"]}}],"collection":[{"href":"https:\/\/www.p31noticias.com.br\/index.php?rest_route=\/wp\/v2\/posts"}],"about":[{"href":"https:\/\/www.p31noticias.com.br\/index.php?rest_route=\/wp\/v2\/types\/post"}],"replies":[{"embeddable":true,"href":"https:\/\/www.p31noticias.com.br\/index.php?rest_route=%2Fwp%2Fv2%2Fcomments&post=48278"}],"version-history":[{"count":0,"href":"https:\/\/www.p31noticias.com.br\/index.php?rest_route=\/wp\/v2\/posts\/48278\/revisions"}],"wp:featuredmedia":[{"embeddable":true,"href":"https:\/\/www.p31noticias.com.br\/index.php?rest_route=\/wp\/v2\/media\/48279"}],"wp:attachment":[{"href":"https:\/\/www.p31noticias.com.br\/index.php?rest_route=%2Fwp%2Fv2%2Fmedia&parent=48278"}],"wp:term":[{"taxonomy":"category","embeddable":true,"href":"https:\/\/www.p31noticias.com.br\/index.php?rest_route=%2Fwp%2Fv2%2Fcategories&post=48278"},{"taxonomy":"post_tag","embeddable":true,"href":"https:\/\/www.p31noticias.com.br\/index.php?rest_route=%2Fwp%2Fv2%2Ftags&post=48278"}],"curies":[{"name":"wp","href":"https:\/\/api.w.org\/{rel}","templated":true}]}}