{"id":48256,"date":"2024-04-24T22:29:50","date_gmt":"2024-04-25T01:29:50","guid":{"rendered":"https:\/\/p31noticias.com.br\/feninfra-acao-do-governo-lula-contra-desoneracao-no-stf-e-um-desrespeito-contra-os-17-setores-e-os-trabalhadores\/"},"modified":"2024-04-24T22:29:50","modified_gmt":"2024-04-25T01:29:50","slug":"feninfra-acao-do-governo-lula-contra-desoneracao-no-stf-e-um-desrespeito-contra-os-17-setores-e-os-trabalhadores","status":"publish","type":"post","link":"https:\/\/www.p31noticias.com.br\/?p=48256","title":{"rendered":"Feninfra: a\u00e7\u00e3o do governo Lula contra desonera\u00e7\u00e3o no STF \u00e9 um desrespeito contra os 17 setores e os trabalhadores"},"content":{"rendered":"<p>\u00a0 Presidente da entidade, Vivien Suruagy, acredita que a Uni\u00e3o deveria reduzir seus gastos ao inv\u00e9s de recorrer ao Supremo A presidente da Feninfra, Vivien Mello Suruagy, afirmou hoje (quarta-feira), que a decis\u00e3o do governo federal de ingressar com uma a\u00e7\u00e3o no Supremo Tribunal Federal (STF) contra a Lei n\u00ba 14.784\/23, que prorroga a desonera\u00e7\u00e3o [\u2026]<\/p>\n<p>O post <a href=\"https:\/\/www.delioandrade.com.br\/feninfra-acao-do-governo-lula-contra-desoneracao-no-stf-e-um-desrespeito-contra-os-17-setores-e-os-trabalhadores\/\">Feninfra: a\u00e7\u00e3o do governo Lula contra desonera\u00e7\u00e3o no STF \u00e9 um desrespeito contra os 17 setores e os trabalhadores<\/a> apareceu primeiro em <a href=\"https:\/\/www.delioandrade.com.br\/\">Blog do D\u00c9LIO ANDRADE<\/a>.<\/p>\n","protected":false},"excerpt":{"rendered":"<p>\u00a0 Presidente da entidade, Vivien Suruagy, acredita que a Uni\u00e3o deveria reduzir seus gastos ao inv\u00e9s de recorrer ao Supremo A presidente da Feninfra, Vivien Mello Suruagy, afirmou hoje (quarta-feira), que a decis\u00e3o do governo federal de ingressar com uma a\u00e7\u00e3o no Supremo Tribunal Federal (STF) contra a Lei n\u00ba 14.784\/23, que prorroga a desonera\u00e7\u00e3o [&hellip;]<\/p>\n","protected":false},"author":0,"featured_media":48257,"comment_status":"open","ping_status":"open","sticky":false,"template":"","format":"standard","meta":{"footnotes":""},"categories":[21],"tags":[],"class_list":{"0":"post-48256","1":"post","2":"type-post","3":"status-publish","4":"format-standard","5":"has-post-thumbnail","7":"category-brasilia"},"yoast_head":"<!-- This site is optimized with the Yoast SEO Premium plugin v24.5 (Yoast SEO v27.5) - https:\/\/yoast.com\/product\/yoast-seo-premium-wordpress\/ -->\n<title>Feninfra: a\u00e7\u00e3o do governo Lula contra desonera\u00e7\u00e3o no STF \u00e9 um desrespeito contra os 17 setores e os trabalhadores - P31<\/title>\n<meta name=\"robots\" content=\"index, follow, max-snippet:-1, max-image-preview:large, max-video-preview:-1\" \/>\n<link rel=\"canonical\" href=\"https:\/\/www.p31noticias.com.br\/?p=48256\" \/>\n<meta property=\"og:locale\" content=\"pt_BR\" \/>\n<meta property=\"og:type\" content=\"article\" \/>\n<meta property=\"og:title\" content=\"Feninfra: a\u00e7\u00e3o do governo Lula contra desonera\u00e7\u00e3o no STF \u00e9 um desrespeito contra os 17 setores e os trabalhadores\" \/>\n<meta property=\"og:description\" content=\"\u00a0 Presidente da entidade, Vivien Suruagy, acredita que a Uni\u00e3o deveria reduzir seus gastos ao inv\u00e9s de recorrer ao Supremo A presidente da Feninfra, Vivien Mello Suruagy, afirmou hoje (quarta-feira), que a decis\u00e3o do governo federal de ingressar com uma a\u00e7\u00e3o no Supremo Tribunal Federal (STF) contra a Lei n\u00ba 14.784\/23, que prorroga a desonera\u00e7\u00e3o [&hellip;]\" \/>\n<meta property=\"og:url\" content=\"https:\/\/www.p31noticias.com.br\/?p=48256\" \/>\n<meta property=\"og:site_name\" content=\"P31\" \/>\n<meta property=\"article:published_time\" content=\"2024-04-25T01:29:50+00:00\" \/>\n<meta property=\"og:image\" content=\"https:\/\/www.p31noticias.com.br\/wp-content\/uploads\/2024\/04\/vivienFeninfra-150x150-DxdurK-Imgp4g.jpeg\" \/>\n\t<meta property=\"og:image:width\" content=\"150\" \/>\n\t<meta property=\"og:image:height\" content=\"150\" \/>\n\t<meta property=\"og:image:type\" content=\"image\/jpeg\" \/>\n<meta name=\"twitter:card\" content=\"summary_large_image\" \/>\n<script type=\"application\/ld+json\" class=\"yoast-schema-graph\">{\"@context\":\"https:\\\/\\\/schema.org\",\"@graph\":[{\"@type\":\"Article\",\"@id\":\"https:\\\/\\\/www.p31noticias.com.br\\\/?p=48256#article\",\"isPartOf\":{\"@id\":\"https:\\\/\\\/www.p31noticias.com.br\\\/?p=48256\"},\"author\":{\"name\":\"\",\"@id\":\"\"},\"headline\":\"Feninfra: a\u00e7\u00e3o do governo Lula contra desonera\u00e7\u00e3o no STF \u00e9 um desrespeito contra os 17 setores e os trabalhadores\",\"datePublished\":\"2024-04-25T01:29:50+00:00\",\"mainEntityOfPage\":{\"@id\":\"https:\\\/\\\/www.p31noticias.com.br\\\/?p=48256\"},\"wordCount\":106,\"commentCount\":0,\"image\":{\"@id\":\"https:\\\/\\\/www.p31noticias.com.br\\\/?p=48256#primaryimage\"},\"thumbnailUrl\":\"https:\\\/\\\/www.p31noticias.com.br\\\/wp-content\\\/uploads\\\/2024\\\/04\\\/vivienFeninfra-150x150-DxdurK-Imgp4g.jpeg\",\"articleSection\":[\"Bras\u00edlia\"],\"inLanguage\":\"pt-BR\",\"potentialAction\":[{\"@type\":\"CommentAction\",\"name\":\"Comment\",\"target\":[\"https:\\\/\\\/www.p31noticias.com.br\\\/?p=48256#respond\"]}],\"copyrightYear\":\"2024\",\"copyrightHolder\":{\"@id\":\"https:\\\/\\\/www.p31noticias.com.br\\\/#organization\"}},{\"@type\":\"WebPage\",\"@id\":\"https:\\\/\\\/www.p31noticias.com.br\\\/?p=48256\",\"url\":\"https:\\\/\\\/www.p31noticias.com.br\\\/?p=48256\",\"name\":\"Feninfra: a\u00e7\u00e3o do governo Lula contra desonera\u00e7\u00e3o no STF \u00e9 um desrespeito contra os 17 setores e os trabalhadores - P31\",\"isPartOf\":{\"@id\":\"https:\\\/\\\/www.p31noticias.com.br\\\/#website\"},\"primaryImageOfPage\":{\"@id\":\"https:\\\/\\\/www.p31noticias.com.br\\\/?p=48256#primaryimage\"},\"image\":{\"@id\":\"https:\\\/\\\/www.p31noticias.com.br\\\/?p=48256#primaryimage\"},\"thumbnailUrl\":\"https:\\\/\\\/www.p31noticias.com.br\\\/wp-content\\\/uploads\\\/2024\\\/04\\\/vivienFeninfra-150x150-DxdurK-Imgp4g.jpeg\",\"datePublished\":\"2024-04-25T01:29:50+00:00\",\"author\":{\"@id\":\"\"},\"breadcrumb\":{\"@id\":\"https:\\\/\\\/www.p31noticias.com.br\\\/?p=48256#breadcrumb\"},\"inLanguage\":\"pt-BR\",\"potentialAction\":[{\"@type\":\"ReadAction\",\"target\":[\"https:\\\/\\\/www.p31noticias.com.br\\\/?p=48256\"]}]},{\"@type\":\"ImageObject\",\"inLanguage\":\"pt-BR\",\"@id\":\"https:\\\/\\\/www.p31noticias.com.br\\\/?p=48256#primaryimage\",\"url\":\"https:\\\/\\\/www.p31noticias.com.br\\\/wp-content\\\/uploads\\\/2024\\\/04\\\/vivienFeninfra-150x150-DxdurK-Imgp4g.jpeg\",\"contentUrl\":\"https:\\\/\\\/www.p31noticias.com.br\\\/wp-content\\\/uploads\\\/2024\\\/04\\\/vivienFeninfra-150x150-DxdurK-Imgp4g.jpeg\",\"width\":150,\"height\":150},{\"@type\":\"BreadcrumbList\",\"@id\":\"https:\\\/\\\/www.p31noticias.com.br\\\/?p=48256#breadcrumb\",\"itemListElement\":[{\"@type\":\"ListItem\",\"position\":1,\"name\":\"In\u00edcio\",\"item\":\"https:\\\/\\\/www.p31noticias.com.br\\\/\"},{\"@type\":\"ListItem\",\"position\":2,\"name\":\"Feninfra: a\u00e7\u00e3o do governo Lula contra desonera\u00e7\u00e3o no STF \u00e9 um desrespeito contra os 17 setores e os trabalhadores\"}]},{\"@type\":\"WebSite\",\"@id\":\"https:\\\/\\\/www.p31noticias.com.br\\\/#website\",\"url\":\"https:\\\/\\\/www.p31noticias.com.br\\\/\",\"name\":\"P31\",\"description\":\"NOT\u00cdCIAS\",\"potentialAction\":[{\"@type\":\"SearchAction\",\"target\":{\"@type\":\"EntryPoint\",\"urlTemplate\":\"https:\\\/\\\/www.p31noticias.com.br\\\/?s={search_term_string}\"},\"query-input\":{\"@type\":\"PropertyValueSpecification\",\"valueRequired\":true,\"valueName\":\"search_term_string\"}}],\"inLanguage\":\"pt-BR\"}]}<\/script>\n<!-- \/ Yoast SEO Premium plugin. -->","yoast_head_json":{"title":"Feninfra: a\u00e7\u00e3o do governo Lula contra desonera\u00e7\u00e3o no STF \u00e9 um desrespeito contra os 17 setores e os trabalhadores - P31","robots":{"index":"index","follow":"follow","max-snippet":"max-snippet:-1","max-image-preview":"max-image-preview:large","max-video-preview":"max-video-preview:-1"},"canonical":"https:\/\/www.p31noticias.com.br\/?p=48256","og_locale":"pt_BR","og_type":"article","og_title":"Feninfra: a\u00e7\u00e3o do governo Lula contra desonera\u00e7\u00e3o no STF \u00e9 um desrespeito contra os 17 setores e os trabalhadores","og_description":"\u00a0 Presidente da entidade, Vivien Suruagy, acredita que a Uni\u00e3o deveria reduzir seus gastos ao inv\u00e9s de recorrer ao Supremo A presidente da Feninfra, Vivien Mello Suruagy, afirmou hoje (quarta-feira), que a decis\u00e3o do governo federal de ingressar com uma a\u00e7\u00e3o no Supremo Tribunal Federal (STF) contra a Lei n\u00ba 14.784\/23, que prorroga a desonera\u00e7\u00e3o [&hellip;]","og_url":"https:\/\/www.p31noticias.com.br\/?p=48256","og_site_name":"P31","article_published_time":"2024-04-25T01:29:50+00:00","og_image":[{"width":150,"height":150,"url":"https:\/\/www.p31noticias.com.br\/wp-content\/uploads\/2024\/04\/vivienFeninfra-150x150-DxdurK-Imgp4g.jpeg","type":"image\/jpeg"}],"twitter_card":"summary_large_image","schema":{"@context":"https:\/\/schema.org","@graph":[{"@type":"Article","@id":"https:\/\/www.p31noticias.com.br\/?p=48256#article","isPartOf":{"@id":"https:\/\/www.p31noticias.com.br\/?p=48256"},"author":{"name":"","@id":""},"headline":"Feninfra: a\u00e7\u00e3o do governo Lula contra desonera\u00e7\u00e3o no STF \u00e9 um desrespeito contra os 17 setores e os trabalhadores","datePublished":"2024-04-25T01:29:50+00:00","mainEntityOfPage":{"@id":"https:\/\/www.p31noticias.com.br\/?p=48256"},"wordCount":106,"commentCount":0,"image":{"@id":"https:\/\/www.p31noticias.com.br\/?p=48256#primaryimage"},"thumbnailUrl":"https:\/\/www.p31noticias.com.br\/wp-content\/uploads\/2024\/04\/vivienFeninfra-150x150-DxdurK-Imgp4g.jpeg","articleSection":["Bras\u00edlia"],"inLanguage":"pt-BR","potentialAction":[{"@type":"CommentAction","name":"Comment","target":["https:\/\/www.p31noticias.com.br\/?p=48256#respond"]}],"copyrightYear":"2024","copyrightHolder":{"@id":"https:\/\/www.p31noticias.com.br\/#organization"}},{"@type":"WebPage","@id":"https:\/\/www.p31noticias.com.br\/?p=48256","url":"https:\/\/www.p31noticias.com.br\/?p=48256","name":"Feninfra: a\u00e7\u00e3o do governo Lula contra desonera\u00e7\u00e3o no STF \u00e9 um desrespeito contra os 17 setores e os trabalhadores - P31","isPartOf":{"@id":"https:\/\/www.p31noticias.com.br\/#website"},"primaryImageOfPage":{"@id":"https:\/\/www.p31noticias.com.br\/?p=48256#primaryimage"},"image":{"@id":"https:\/\/www.p31noticias.com.br\/?p=48256#primaryimage"},"thumbnailUrl":"https:\/\/www.p31noticias.com.br\/wp-content\/uploads\/2024\/04\/vivienFeninfra-150x150-DxdurK-Imgp4g.jpeg","datePublished":"2024-04-25T01:29:50+00:00","author":{"@id":""},"breadcrumb":{"@id":"https:\/\/www.p31noticias.com.br\/?p=48256#breadcrumb"},"inLanguage":"pt-BR","potentialAction":[{"@type":"ReadAction","target":["https:\/\/www.p31noticias.com.br\/?p=48256"]}]},{"@type":"ImageObject","inLanguage":"pt-BR","@id":"https:\/\/www.p31noticias.com.br\/?p=48256#primaryimage","url":"https:\/\/www.p31noticias.com.br\/wp-content\/uploads\/2024\/04\/vivienFeninfra-150x150-DxdurK-Imgp4g.jpeg","contentUrl":"https:\/\/www.p31noticias.com.br\/wp-content\/uploads\/2024\/04\/vivienFeninfra-150x150-DxdurK-Imgp4g.jpeg","width":150,"height":150},{"@type":"BreadcrumbList","@id":"https:\/\/www.p31noticias.com.br\/?p=48256#breadcrumb","itemListElement":[{"@type":"ListItem","position":1,"name":"In\u00edcio","item":"https:\/\/www.p31noticias.com.br\/"},{"@type":"ListItem","position":2,"name":"Feninfra: a\u00e7\u00e3o do governo Lula contra desonera\u00e7\u00e3o no STF \u00e9 um desrespeito contra os 17 setores e os trabalhadores"}]},{"@type":"WebSite","@id":"https:\/\/www.p31noticias.com.br\/#website","url":"https:\/\/www.p31noticias.com.br\/","name":"P31","description":"NOT\u00cdCIAS","potentialAction":[{"@type":"SearchAction","target":{"@type":"EntryPoint","urlTemplate":"https:\/\/www.p31noticias.com.br\/?s={search_term_string}"},"query-input":{"@type":"PropertyValueSpecification","valueRequired":true,"valueName":"search_term_string"}}],"inLanguage":"pt-BR"}]}},"amp_enabled":true,"_links":{"self":[{"href":"https:\/\/www.p31noticias.com.br\/index.php?rest_route=\/wp\/v2\/posts\/48256","targetHints":{"allow":["GET"]}}],"collection":[{"href":"https:\/\/www.p31noticias.com.br\/index.php?rest_route=\/wp\/v2\/posts"}],"about":[{"href":"https:\/\/www.p31noticias.com.br\/index.php?rest_route=\/wp\/v2\/types\/post"}],"replies":[{"embeddable":true,"href":"https:\/\/www.p31noticias.com.br\/index.php?rest_route=%2Fwp%2Fv2%2Fcomments&post=48256"}],"version-history":[{"count":0,"href":"https:\/\/www.p31noticias.com.br\/index.php?rest_route=\/wp\/v2\/posts\/48256\/revisions"}],"wp:featuredmedia":[{"embeddable":true,"href":"https:\/\/www.p31noticias.com.br\/index.php?rest_route=\/wp\/v2\/media\/48257"}],"wp:attachment":[{"href":"https:\/\/www.p31noticias.com.br\/index.php?rest_route=%2Fwp%2Fv2%2Fmedia&parent=48256"}],"wp:term":[{"taxonomy":"category","embeddable":true,"href":"https:\/\/www.p31noticias.com.br\/index.php?rest_route=%2Fwp%2Fv2%2Fcategories&post=48256"},{"taxonomy":"post_tag","embeddable":true,"href":"https:\/\/www.p31noticias.com.br\/index.php?rest_route=%2Fwp%2Fv2%2Ftags&post=48256"}],"curies":[{"name":"wp","href":"https:\/\/api.w.org\/{rel}","templated":true}]}}