{"id":48009,"date":"2024-04-23T11:30:07","date_gmt":"2024-04-23T14:30:07","guid":{"rendered":"https:\/\/p31noticias.com.br\/homem-e-condenado-a-12-anos-de-prisao-por-matar-colega-a-facadas-no-df\/"},"modified":"2024-04-23T11:30:07","modified_gmt":"2024-04-23T14:30:07","slug":"homem-e-condenado-a-12-anos-de-prisao-por-matar-colega-a-facadas-no-df","status":"publish","type":"post","link":"https:\/\/www.p31noticias.com.br\/?p=48009","title":{"rendered":"Homem \u00e9 condenado a 12 anos de pris\u00e3o por matar colega a facadas no DF"},"content":{"rendered":"<p>O Tribunal do J\u00fari de Santa Maria condenou um homem a 12 anos de cadeia por matar um colega de trabalho. O crime foi cometido em 22 de junho de 2018. Na ocasi\u00e3o, Genivam Gomes Pereira se desentendeu com Gilson Rodrigues da Silva ap\u00f3s horas consumindo bebidas alc\u00f3olicas depois do expediente em uma casa em [\u2026]<\/p>\n<p>O post <a href=\"https:\/\/www.delioandrade.com.br\/homem-e-condenado-a-12-anos-de-prisao-por-matar-colega-a-facadas-no-df\/\">Homem \u00e9 condenado a 12 anos de pris\u00e3o por matar colega a facadas no DF<\/a> apareceu primeiro em <a href=\"https:\/\/www.delioandrade.com.br\/\">Blog do D\u00c9LIO ANDRADE<\/a>.<\/p>\n","protected":false},"excerpt":{"rendered":"<p>O Tribunal do J\u00fari de Santa Maria condenou um homem a 12 anos de cadeia por matar um colega de trabalho. O crime foi cometido em 22 de junho de 2018. Na ocasi\u00e3o, Genivam Gomes Pereira se desentendeu com Gilson Rodrigues da Silva ap\u00f3s horas consumindo bebidas alc\u00f3olicas depois do expediente em uma casa em [&hellip;]<\/p>\n","protected":false},"author":0,"featured_media":0,"comment_status":"open","ping_status":"open","sticky":false,"template":"","format":"standard","meta":{"footnotes":""},"categories":[21],"tags":[],"class_list":{"0":"post-48009","1":"post","2":"type-post","3":"status-publish","4":"format-standard","6":"category-brasilia"},"yoast_head":"<!-- This site is optimized with the Yoast SEO Premium plugin v24.5 (Yoast SEO v27.4) - https:\/\/yoast.com\/product\/yoast-seo-premium-wordpress\/ -->\n<title>Homem \u00e9 condenado a 12 anos de pris\u00e3o por matar colega a facadas no DF - P31<\/title>\n<meta name=\"robots\" content=\"index, follow, max-snippet:-1, max-image-preview:large, max-video-preview:-1\" \/>\n<link rel=\"canonical\" href=\"https:\/\/www.p31noticias.com.br\/?p=48009\" \/>\n<meta property=\"og:locale\" content=\"pt_BR\" \/>\n<meta property=\"og:type\" content=\"article\" \/>\n<meta property=\"og:title\" content=\"Homem \u00e9 condenado a 12 anos de pris\u00e3o por matar colega a facadas no DF\" \/>\n<meta property=\"og:description\" content=\"O Tribunal do J\u00fari de Santa Maria condenou um homem a 12 anos de cadeia por matar um colega de trabalho. O crime foi cometido em 22 de junho de 2018. Na ocasi\u00e3o, Genivam Gomes Pereira se desentendeu com Gilson Rodrigues da Silva ap\u00f3s horas consumindo bebidas alc\u00f3olicas depois do expediente em uma casa em [&hellip;]\" \/>\n<meta property=\"og:url\" content=\"https:\/\/www.p31noticias.com.br\/?p=48009\" \/>\n<meta property=\"og:site_name\" content=\"P31\" \/>\n<meta property=\"article:published_time\" content=\"2024-04-23T14:30:07+00:00\" \/>\n<meta name=\"twitter:card\" content=\"summary_large_image\" \/>\n<script type=\"application\/ld+json\" class=\"yoast-schema-graph\">{\"@context\":\"https:\\\/\\\/schema.org\",\"@graph\":[{\"@type\":\"Article\",\"@id\":\"https:\\\/\\\/www.p31noticias.com.br\\\/?p=48009#article\",\"isPartOf\":{\"@id\":\"https:\\\/\\\/www.p31noticias.com.br\\\/?p=48009\"},\"author\":{\"name\":\"\",\"@id\":\"\"},\"headline\":\"Homem \u00e9 condenado a 12 anos de pris\u00e3o por matar colega a facadas no DF\",\"datePublished\":\"2024-04-23T14:30:07+00:00\",\"mainEntityOfPage\":{\"@id\":\"https:\\\/\\\/www.p31noticias.com.br\\\/?p=48009\"},\"wordCount\":94,\"commentCount\":0,\"articleSection\":[\"Bras\u00edlia\"],\"inLanguage\":\"pt-BR\",\"potentialAction\":[{\"@type\":\"CommentAction\",\"name\":\"Comment\",\"target\":[\"https:\\\/\\\/www.p31noticias.com.br\\\/?p=48009#respond\"]}],\"copyrightYear\":\"2024\",\"copyrightHolder\":{\"@id\":\"https:\\\/\\\/www.p31noticias.com.br\\\/#organization\"}},{\"@type\":\"WebPage\",\"@id\":\"https:\\\/\\\/www.p31noticias.com.br\\\/?p=48009\",\"url\":\"https:\\\/\\\/www.p31noticias.com.br\\\/?p=48009\",\"name\":\"Homem \u00e9 condenado a 12 anos de pris\u00e3o por matar colega a facadas no DF - P31\",\"isPartOf\":{\"@id\":\"https:\\\/\\\/www.p31noticias.com.br\\\/#website\"},\"datePublished\":\"2024-04-23T14:30:07+00:00\",\"author\":{\"@id\":\"\"},\"breadcrumb\":{\"@id\":\"https:\\\/\\\/www.p31noticias.com.br\\\/?p=48009#breadcrumb\"},\"inLanguage\":\"pt-BR\",\"potentialAction\":[{\"@type\":\"ReadAction\",\"target\":[\"https:\\\/\\\/www.p31noticias.com.br\\\/?p=48009\"]}]},{\"@type\":\"BreadcrumbList\",\"@id\":\"https:\\\/\\\/www.p31noticias.com.br\\\/?p=48009#breadcrumb\",\"itemListElement\":[{\"@type\":\"ListItem\",\"position\":1,\"name\":\"In\u00edcio\",\"item\":\"https:\\\/\\\/www.p31noticias.com.br\\\/\"},{\"@type\":\"ListItem\",\"position\":2,\"name\":\"Homem \u00e9 condenado a 12 anos de pris\u00e3o por matar colega a facadas no DF\"}]},{\"@type\":\"WebSite\",\"@id\":\"https:\\\/\\\/www.p31noticias.com.br\\\/#website\",\"url\":\"https:\\\/\\\/www.p31noticias.com.br\\\/\",\"name\":\"P31\",\"description\":\"NOT\u00cdCIAS\",\"potentialAction\":[{\"@type\":\"SearchAction\",\"target\":{\"@type\":\"EntryPoint\",\"urlTemplate\":\"https:\\\/\\\/www.p31noticias.com.br\\\/?s={search_term_string}\"},\"query-input\":{\"@type\":\"PropertyValueSpecification\",\"valueRequired\":true,\"valueName\":\"search_term_string\"}}],\"inLanguage\":\"pt-BR\"}]}<\/script>\n<!-- \/ Yoast SEO Premium plugin. -->","yoast_head_json":{"title":"Homem \u00e9 condenado a 12 anos de pris\u00e3o por matar colega a facadas no DF - P31","robots":{"index":"index","follow":"follow","max-snippet":"max-snippet:-1","max-image-preview":"max-image-preview:large","max-video-preview":"max-video-preview:-1"},"canonical":"https:\/\/www.p31noticias.com.br\/?p=48009","og_locale":"pt_BR","og_type":"article","og_title":"Homem \u00e9 condenado a 12 anos de pris\u00e3o por matar colega a facadas no DF","og_description":"O Tribunal do J\u00fari de Santa Maria condenou um homem a 12 anos de cadeia por matar um colega de trabalho. O crime foi cometido em 22 de junho de 2018. Na ocasi\u00e3o, Genivam Gomes Pereira se desentendeu com Gilson Rodrigues da Silva ap\u00f3s horas consumindo bebidas alc\u00f3olicas depois do expediente em uma casa em [&hellip;]","og_url":"https:\/\/www.p31noticias.com.br\/?p=48009","og_site_name":"P31","article_published_time":"2024-04-23T14:30:07+00:00","twitter_card":"summary_large_image","schema":{"@context":"https:\/\/schema.org","@graph":[{"@type":"Article","@id":"https:\/\/www.p31noticias.com.br\/?p=48009#article","isPartOf":{"@id":"https:\/\/www.p31noticias.com.br\/?p=48009"},"author":{"name":"","@id":""},"headline":"Homem \u00e9 condenado a 12 anos de pris\u00e3o por matar colega a facadas no DF","datePublished":"2024-04-23T14:30:07+00:00","mainEntityOfPage":{"@id":"https:\/\/www.p31noticias.com.br\/?p=48009"},"wordCount":94,"commentCount":0,"articleSection":["Bras\u00edlia"],"inLanguage":"pt-BR","potentialAction":[{"@type":"CommentAction","name":"Comment","target":["https:\/\/www.p31noticias.com.br\/?p=48009#respond"]}],"copyrightYear":"2024","copyrightHolder":{"@id":"https:\/\/www.p31noticias.com.br\/#organization"}},{"@type":"WebPage","@id":"https:\/\/www.p31noticias.com.br\/?p=48009","url":"https:\/\/www.p31noticias.com.br\/?p=48009","name":"Homem \u00e9 condenado a 12 anos de pris\u00e3o por matar colega a facadas no DF - P31","isPartOf":{"@id":"https:\/\/www.p31noticias.com.br\/#website"},"datePublished":"2024-04-23T14:30:07+00:00","author":{"@id":""},"breadcrumb":{"@id":"https:\/\/www.p31noticias.com.br\/?p=48009#breadcrumb"},"inLanguage":"pt-BR","potentialAction":[{"@type":"ReadAction","target":["https:\/\/www.p31noticias.com.br\/?p=48009"]}]},{"@type":"BreadcrumbList","@id":"https:\/\/www.p31noticias.com.br\/?p=48009#breadcrumb","itemListElement":[{"@type":"ListItem","position":1,"name":"In\u00edcio","item":"https:\/\/www.p31noticias.com.br\/"},{"@type":"ListItem","position":2,"name":"Homem \u00e9 condenado a 12 anos de pris\u00e3o por matar colega a facadas no DF"}]},{"@type":"WebSite","@id":"https:\/\/www.p31noticias.com.br\/#website","url":"https:\/\/www.p31noticias.com.br\/","name":"P31","description":"NOT\u00cdCIAS","potentialAction":[{"@type":"SearchAction","target":{"@type":"EntryPoint","urlTemplate":"https:\/\/www.p31noticias.com.br\/?s={search_term_string}"},"query-input":{"@type":"PropertyValueSpecification","valueRequired":true,"valueName":"search_term_string"}}],"inLanguage":"pt-BR"}]}},"amp_enabled":true,"_links":{"self":[{"href":"https:\/\/www.p31noticias.com.br\/index.php?rest_route=\/wp\/v2\/posts\/48009","targetHints":{"allow":["GET"]}}],"collection":[{"href":"https:\/\/www.p31noticias.com.br\/index.php?rest_route=\/wp\/v2\/posts"}],"about":[{"href":"https:\/\/www.p31noticias.com.br\/index.php?rest_route=\/wp\/v2\/types\/post"}],"replies":[{"embeddable":true,"href":"https:\/\/www.p31noticias.com.br\/index.php?rest_route=%2Fwp%2Fv2%2Fcomments&post=48009"}],"version-history":[{"count":0,"href":"https:\/\/www.p31noticias.com.br\/index.php?rest_route=\/wp\/v2\/posts\/48009\/revisions"}],"wp:attachment":[{"href":"https:\/\/www.p31noticias.com.br\/index.php?rest_route=%2Fwp%2Fv2%2Fmedia&parent=48009"}],"wp:term":[{"taxonomy":"category","embeddable":true,"href":"https:\/\/www.p31noticias.com.br\/index.php?rest_route=%2Fwp%2Fv2%2Fcategories&post=48009"},{"taxonomy":"post_tag","embeddable":true,"href":"https:\/\/www.p31noticias.com.br\/index.php?rest_route=%2Fwp%2Fv2%2Ftags&post=48009"}],"curies":[{"name":"wp","href":"https:\/\/api.w.org\/{rel}","templated":true}]}}