{"id":47902,"date":"2024-04-22T16:29:54","date_gmt":"2024-04-22T19:29:54","guid":{"rendered":"https:\/\/p31noticias.com.br\/revitalizacao-da-praca-dos-tres-poderes-veja-detalhes-do-projeto\/"},"modified":"2024-04-22T16:29:54","modified_gmt":"2024-04-22T19:29:54","slug":"revitalizacao-da-praca-dos-tres-poderes-veja-detalhes-do-projeto","status":"publish","type":"post","link":"https:\/\/www.p31noticias.com.br\/?p=47902","title":{"rendered":"Revitaliza\u00e7\u00e3o da Pra\u00e7a dos Tr\u00eas Poderes: veja detalhes do projeto"},"content":{"rendered":"<p>Nesta segunda-feira (22\/4), o Minist\u00e9rio da Cultura (MinC), por meio do Instituto do Patrim\u00f4nio Hist\u00f3rico e Art\u00edstico Nacional (Iphan), assinou o edital de licita\u00e7\u00e3o para a contrata\u00e7\u00e3o do projeto de restauro da Pra\u00e7a do Tr\u00eas Poderes. O projeto, viabilizado pelo instituto, inclui a reforma de monumentos como o Pombal e o Museu da Cidade e [\u2026]<\/p>\n<p>O post <a href=\"https:\/\/www.delioandrade.com.br\/revitalizacao-da-praca-dos-tres-poderes-veja-detalhes-do-projeto\/\">Revitaliza\u00e7\u00e3o da Pra\u00e7a dos Tr\u00eas Poderes: veja detalhes do projeto<\/a> apareceu primeiro em <a href=\"https:\/\/www.delioandrade.com.br\/\">Blog do D\u00c9LIO ANDRADE<\/a>.<\/p>\n","protected":false},"excerpt":{"rendered":"<p>Nesta segunda-feira (22\/4), o Minist\u00e9rio da Cultura (MinC), por meio do Instituto do Patrim\u00f4nio Hist\u00f3rico e Art\u00edstico Nacional (Iphan), assinou o edital de licita\u00e7\u00e3o para a contrata\u00e7\u00e3o do projeto de restauro da Pra\u00e7a do Tr\u00eas Poderes. O projeto, viabilizado pelo instituto, inclui a reforma de monumentos como o Pombal e o Museu da Cidade e [&hellip;]<\/p>\n","protected":false},"author":0,"featured_media":0,"comment_status":"open","ping_status":"open","sticky":false,"template":"","format":"standard","meta":{"footnotes":""},"categories":[21],"tags":[],"class_list":{"0":"post-47902","1":"post","2":"type-post","3":"status-publish","4":"format-standard","6":"category-brasilia"},"yoast_head":"<!-- This site is optimized with the Yoast SEO Premium plugin v24.5 (Yoast SEO v27.4) - https:\/\/yoast.com\/product\/yoast-seo-premium-wordpress\/ -->\n<title>Revitaliza\u00e7\u00e3o da Pra\u00e7a dos Tr\u00eas Poderes: veja detalhes do projeto - P31<\/title>\n<meta name=\"robots\" content=\"index, follow, max-snippet:-1, max-image-preview:large, max-video-preview:-1\" \/>\n<link rel=\"canonical\" href=\"https:\/\/www.p31noticias.com.br\/?p=47902\" \/>\n<meta property=\"og:locale\" content=\"pt_BR\" \/>\n<meta property=\"og:type\" content=\"article\" \/>\n<meta property=\"og:title\" content=\"Revitaliza\u00e7\u00e3o da Pra\u00e7a dos Tr\u00eas Poderes: veja detalhes do projeto\" \/>\n<meta property=\"og:description\" content=\"Nesta segunda-feira (22\/4), o Minist\u00e9rio da Cultura (MinC), por meio do Instituto do Patrim\u00f4nio Hist\u00f3rico e Art\u00edstico Nacional (Iphan), assinou o edital de licita\u00e7\u00e3o para a contrata\u00e7\u00e3o do projeto de restauro da Pra\u00e7a do Tr\u00eas Poderes. O projeto, viabilizado pelo instituto, inclui a reforma de monumentos como o Pombal e o Museu da Cidade e [&hellip;]\" \/>\n<meta property=\"og:url\" content=\"https:\/\/www.p31noticias.com.br\/?p=47902\" \/>\n<meta property=\"og:site_name\" content=\"P31\" \/>\n<meta property=\"article:published_time\" content=\"2024-04-22T19:29:54+00:00\" \/>\n<meta name=\"twitter:card\" content=\"summary_large_image\" \/>\n<script type=\"application\/ld+json\" class=\"yoast-schema-graph\">{\"@context\":\"https:\\\/\\\/schema.org\",\"@graph\":[{\"@type\":\"Article\",\"@id\":\"https:\\\/\\\/www.p31noticias.com.br\\\/?p=47902#article\",\"isPartOf\":{\"@id\":\"https:\\\/\\\/www.p31noticias.com.br\\\/?p=47902\"},\"author\":{\"name\":\"\",\"@id\":\"\"},\"headline\":\"Revitaliza\u00e7\u00e3o da Pra\u00e7a dos Tr\u00eas Poderes: veja detalhes do projeto\",\"datePublished\":\"2024-04-22T19:29:54+00:00\",\"mainEntityOfPage\":{\"@id\":\"https:\\\/\\\/www.p31noticias.com.br\\\/?p=47902\"},\"wordCount\":98,\"commentCount\":0,\"articleSection\":[\"Bras\u00edlia\"],\"inLanguage\":\"pt-BR\",\"potentialAction\":[{\"@type\":\"CommentAction\",\"name\":\"Comment\",\"target\":[\"https:\\\/\\\/www.p31noticias.com.br\\\/?p=47902#respond\"]}],\"copyrightYear\":\"2024\",\"copyrightHolder\":{\"@id\":\"https:\\\/\\\/www.p31noticias.com.br\\\/#organization\"}},{\"@type\":\"WebPage\",\"@id\":\"https:\\\/\\\/www.p31noticias.com.br\\\/?p=47902\",\"url\":\"https:\\\/\\\/www.p31noticias.com.br\\\/?p=47902\",\"name\":\"Revitaliza\u00e7\u00e3o da Pra\u00e7a dos Tr\u00eas Poderes: veja detalhes do projeto - P31\",\"isPartOf\":{\"@id\":\"https:\\\/\\\/www.p31noticias.com.br\\\/#website\"},\"datePublished\":\"2024-04-22T19:29:54+00:00\",\"author\":{\"@id\":\"\"},\"breadcrumb\":{\"@id\":\"https:\\\/\\\/www.p31noticias.com.br\\\/?p=47902#breadcrumb\"},\"inLanguage\":\"pt-BR\",\"potentialAction\":[{\"@type\":\"ReadAction\",\"target\":[\"https:\\\/\\\/www.p31noticias.com.br\\\/?p=47902\"]}]},{\"@type\":\"BreadcrumbList\",\"@id\":\"https:\\\/\\\/www.p31noticias.com.br\\\/?p=47902#breadcrumb\",\"itemListElement\":[{\"@type\":\"ListItem\",\"position\":1,\"name\":\"In\u00edcio\",\"item\":\"https:\\\/\\\/www.p31noticias.com.br\\\/\"},{\"@type\":\"ListItem\",\"position\":2,\"name\":\"Revitaliza\u00e7\u00e3o da Pra\u00e7a dos Tr\u00eas Poderes: veja detalhes do projeto\"}]},{\"@type\":\"WebSite\",\"@id\":\"https:\\\/\\\/www.p31noticias.com.br\\\/#website\",\"url\":\"https:\\\/\\\/www.p31noticias.com.br\\\/\",\"name\":\"P31\",\"description\":\"NOT\u00cdCIAS\",\"potentialAction\":[{\"@type\":\"SearchAction\",\"target\":{\"@type\":\"EntryPoint\",\"urlTemplate\":\"https:\\\/\\\/www.p31noticias.com.br\\\/?s={search_term_string}\"},\"query-input\":{\"@type\":\"PropertyValueSpecification\",\"valueRequired\":true,\"valueName\":\"search_term_string\"}}],\"inLanguage\":\"pt-BR\"}]}<\/script>\n<!-- \/ Yoast SEO Premium plugin. -->","yoast_head_json":{"title":"Revitaliza\u00e7\u00e3o da Pra\u00e7a dos Tr\u00eas Poderes: veja detalhes do projeto - P31","robots":{"index":"index","follow":"follow","max-snippet":"max-snippet:-1","max-image-preview":"max-image-preview:large","max-video-preview":"max-video-preview:-1"},"canonical":"https:\/\/www.p31noticias.com.br\/?p=47902","og_locale":"pt_BR","og_type":"article","og_title":"Revitaliza\u00e7\u00e3o da Pra\u00e7a dos Tr\u00eas Poderes: veja detalhes do projeto","og_description":"Nesta segunda-feira (22\/4), o Minist\u00e9rio da Cultura (MinC), por meio do Instituto do Patrim\u00f4nio Hist\u00f3rico e Art\u00edstico Nacional (Iphan), assinou o edital de licita\u00e7\u00e3o para a contrata\u00e7\u00e3o do projeto de restauro da Pra\u00e7a do Tr\u00eas Poderes. O projeto, viabilizado pelo instituto, inclui a reforma de monumentos como o Pombal e o Museu da Cidade e [&hellip;]","og_url":"https:\/\/www.p31noticias.com.br\/?p=47902","og_site_name":"P31","article_published_time":"2024-04-22T19:29:54+00:00","twitter_card":"summary_large_image","schema":{"@context":"https:\/\/schema.org","@graph":[{"@type":"Article","@id":"https:\/\/www.p31noticias.com.br\/?p=47902#article","isPartOf":{"@id":"https:\/\/www.p31noticias.com.br\/?p=47902"},"author":{"name":"","@id":""},"headline":"Revitaliza\u00e7\u00e3o da Pra\u00e7a dos Tr\u00eas Poderes: veja detalhes do projeto","datePublished":"2024-04-22T19:29:54+00:00","mainEntityOfPage":{"@id":"https:\/\/www.p31noticias.com.br\/?p=47902"},"wordCount":98,"commentCount":0,"articleSection":["Bras\u00edlia"],"inLanguage":"pt-BR","potentialAction":[{"@type":"CommentAction","name":"Comment","target":["https:\/\/www.p31noticias.com.br\/?p=47902#respond"]}],"copyrightYear":"2024","copyrightHolder":{"@id":"https:\/\/www.p31noticias.com.br\/#organization"}},{"@type":"WebPage","@id":"https:\/\/www.p31noticias.com.br\/?p=47902","url":"https:\/\/www.p31noticias.com.br\/?p=47902","name":"Revitaliza\u00e7\u00e3o da Pra\u00e7a dos Tr\u00eas Poderes: veja detalhes do projeto - P31","isPartOf":{"@id":"https:\/\/www.p31noticias.com.br\/#website"},"datePublished":"2024-04-22T19:29:54+00:00","author":{"@id":""},"breadcrumb":{"@id":"https:\/\/www.p31noticias.com.br\/?p=47902#breadcrumb"},"inLanguage":"pt-BR","potentialAction":[{"@type":"ReadAction","target":["https:\/\/www.p31noticias.com.br\/?p=47902"]}]},{"@type":"BreadcrumbList","@id":"https:\/\/www.p31noticias.com.br\/?p=47902#breadcrumb","itemListElement":[{"@type":"ListItem","position":1,"name":"In\u00edcio","item":"https:\/\/www.p31noticias.com.br\/"},{"@type":"ListItem","position":2,"name":"Revitaliza\u00e7\u00e3o da Pra\u00e7a dos Tr\u00eas Poderes: veja detalhes do projeto"}]},{"@type":"WebSite","@id":"https:\/\/www.p31noticias.com.br\/#website","url":"https:\/\/www.p31noticias.com.br\/","name":"P31","description":"NOT\u00cdCIAS","potentialAction":[{"@type":"SearchAction","target":{"@type":"EntryPoint","urlTemplate":"https:\/\/www.p31noticias.com.br\/?s={search_term_string}"},"query-input":{"@type":"PropertyValueSpecification","valueRequired":true,"valueName":"search_term_string"}}],"inLanguage":"pt-BR"}]}},"amp_enabled":true,"_links":{"self":[{"href":"https:\/\/www.p31noticias.com.br\/index.php?rest_route=\/wp\/v2\/posts\/47902","targetHints":{"allow":["GET"]}}],"collection":[{"href":"https:\/\/www.p31noticias.com.br\/index.php?rest_route=\/wp\/v2\/posts"}],"about":[{"href":"https:\/\/www.p31noticias.com.br\/index.php?rest_route=\/wp\/v2\/types\/post"}],"replies":[{"embeddable":true,"href":"https:\/\/www.p31noticias.com.br\/index.php?rest_route=%2Fwp%2Fv2%2Fcomments&post=47902"}],"version-history":[{"count":0,"href":"https:\/\/www.p31noticias.com.br\/index.php?rest_route=\/wp\/v2\/posts\/47902\/revisions"}],"wp:attachment":[{"href":"https:\/\/www.p31noticias.com.br\/index.php?rest_route=%2Fwp%2Fv2%2Fmedia&parent=47902"}],"wp:term":[{"taxonomy":"category","embeddable":true,"href":"https:\/\/www.p31noticias.com.br\/index.php?rest_route=%2Fwp%2Fv2%2Fcategories&post=47902"},{"taxonomy":"post_tag","embeddable":true,"href":"https:\/\/www.p31noticias.com.br\/index.php?rest_route=%2Fwp%2Fv2%2Ftags&post=47902"}],"curies":[{"name":"wp","href":"https:\/\/api.w.org\/{rel}","templated":true}]}}