{"id":47893,"date":"2024-04-22T15:30:00","date_gmt":"2024-04-22T18:30:00","guid":{"rendered":"https:\/\/p31noticias.com.br\/invadiu-desobedeceu-e-ficou-sem\/"},"modified":"2024-04-22T15:30:00","modified_gmt":"2024-04-22T18:30:00","slug":"invadiu-desobedeceu-e-ficou-sem","status":"publish","type":"post","link":"https:\/\/www.p31noticias.com.br\/?p=47893","title":{"rendered":"INVADIU, DESOBEDECEU E FICOU SEM\u2026"},"content":{"rendered":"<p>Depois de alertas e notifica\u00e7\u00f5es, seguidas de desobedi\u00eancias, a Secretaria de Prote\u00e7\u00e3o da Ordem Urban\u00edstica do Distrito Federal (DF Legal) realizou uma opera\u00e7\u00e3o de Pronto Emprego para desobstruir uma \u00e1rea p\u00fablica ocupada por uma constru\u00e7\u00e3o irregular no Setor Bernardo Say\u00e3o, ao lado do Polo de Moda, no Guar\u00e1 II. O terreno fica em frente ao [\u2026]<\/p>\n<p>O post <a href=\"https:\/\/www.delioandrade.com.br\/invadiu-desobedeceu-e-ficou-sem\/\">INVADIU, DESOBEDECEU E FICOU SEM\u2026<\/a> apareceu primeiro em <a href=\"https:\/\/www.delioandrade.com.br\/\">Blog do D\u00c9LIO ANDRADE<\/a>.<\/p>\n","protected":false},"excerpt":{"rendered":"<p>Depois de alertas e notifica\u00e7\u00f5es, seguidas de desobedi\u00eancias, a Secretaria de Prote\u00e7\u00e3o da Ordem Urban\u00edstica do Distrito Federal (DF Legal) realizou uma opera\u00e7\u00e3o de Pronto Emprego para desobstruir uma \u00e1rea p\u00fablica ocupada por uma constru\u00e7\u00e3o irregular no Setor Bernardo Say\u00e3o, ao lado do Polo de Moda, no Guar\u00e1 II. O terreno fica em frente ao [&hellip;]<\/p>\n","protected":false},"author":0,"featured_media":47894,"comment_status":"open","ping_status":"open","sticky":false,"template":"","format":"standard","meta":{"footnotes":""},"categories":[21],"tags":[],"class_list":{"0":"post-47893","1":"post","2":"type-post","3":"status-publish","4":"format-standard","5":"has-post-thumbnail","7":"category-brasilia"},"yoast_head":"<!-- This site is optimized with the Yoast SEO Premium plugin v24.5 (Yoast SEO v27.4) - https:\/\/yoast.com\/product\/yoast-seo-premium-wordpress\/ -->\n<title>INVADIU, DESOBEDECEU E FICOU SEM\u2026 - P31<\/title>\n<meta name=\"robots\" content=\"index, follow, max-snippet:-1, max-image-preview:large, max-video-preview:-1\" \/>\n<link rel=\"canonical\" href=\"https:\/\/www.p31noticias.com.br\/?p=47893\" \/>\n<meta property=\"og:locale\" content=\"pt_BR\" \/>\n<meta property=\"og:type\" content=\"article\" \/>\n<meta property=\"og:title\" content=\"INVADIU, DESOBEDECEU E FICOU SEM\u2026\" \/>\n<meta property=\"og:description\" content=\"Depois de alertas e notifica\u00e7\u00f5es, seguidas de desobedi\u00eancias, a Secretaria de Prote\u00e7\u00e3o da Ordem Urban\u00edstica do Distrito Federal (DF Legal) realizou uma opera\u00e7\u00e3o de Pronto Emprego para desobstruir uma \u00e1rea p\u00fablica ocupada por uma constru\u00e7\u00e3o irregular no Setor Bernardo Say\u00e3o, ao lado do Polo de Moda, no Guar\u00e1 II. O terreno fica em frente ao [&hellip;]\" \/>\n<meta property=\"og:url\" content=\"https:\/\/www.p31noticias.com.br\/?p=47893\" \/>\n<meta property=\"og:site_name\" content=\"P31\" \/>\n<meta property=\"article:published_time\" content=\"2024-04-22T18:30:00+00:00\" \/>\n<meta property=\"og:image\" content=\"https:\/\/www.p31noticias.com.br\/wp-content\/uploads\/2024\/04\/53659564120_513c701ea0_o-300x200-cPnzZ0-150x150-sAdrmE.jpeg\" \/>\n\t<meta property=\"og:image:width\" content=\"150\" \/>\n\t<meta property=\"og:image:height\" content=\"150\" \/>\n\t<meta property=\"og:image:type\" content=\"image\/jpeg\" \/>\n<meta name=\"twitter:card\" content=\"summary_large_image\" \/>\n<script type=\"application\/ld+json\" class=\"yoast-schema-graph\">{\"@context\":\"https:\\\/\\\/schema.org\",\"@graph\":[{\"@type\":\"Article\",\"@id\":\"https:\\\/\\\/www.p31noticias.com.br\\\/?p=47893#article\",\"isPartOf\":{\"@id\":\"https:\\\/\\\/www.p31noticias.com.br\\\/?p=47893\"},\"author\":{\"name\":\"\",\"@id\":\"\"},\"headline\":\"INVADIU, DESOBEDECEU E FICOU SEM\u2026\",\"datePublished\":\"2024-04-22T18:30:00+00:00\",\"mainEntityOfPage\":{\"@id\":\"https:\\\/\\\/www.p31noticias.com.br\\\/?p=47893\"},\"wordCount\":83,\"commentCount\":0,\"image\":{\"@id\":\"https:\\\/\\\/www.p31noticias.com.br\\\/?p=47893#primaryimage\"},\"thumbnailUrl\":\"https:\\\/\\\/www.p31noticias.com.br\\\/wp-content\\\/uploads\\\/2024\\\/04\\\/53659564120_513c701ea0_o-300x200-cPnzZ0-150x150-sAdrmE.jpeg\",\"articleSection\":[\"Bras\u00edlia\"],\"inLanguage\":\"pt-BR\",\"potentialAction\":[{\"@type\":\"CommentAction\",\"name\":\"Comment\",\"target\":[\"https:\\\/\\\/www.p31noticias.com.br\\\/?p=47893#respond\"]}],\"copyrightYear\":\"2024\",\"copyrightHolder\":{\"@id\":\"https:\\\/\\\/www.p31noticias.com.br\\\/#organization\"}},{\"@type\":\"WebPage\",\"@id\":\"https:\\\/\\\/www.p31noticias.com.br\\\/?p=47893\",\"url\":\"https:\\\/\\\/www.p31noticias.com.br\\\/?p=47893\",\"name\":\"INVADIU, DESOBEDECEU E FICOU SEM\u2026 - P31\",\"isPartOf\":{\"@id\":\"https:\\\/\\\/www.p31noticias.com.br\\\/#website\"},\"primaryImageOfPage\":{\"@id\":\"https:\\\/\\\/www.p31noticias.com.br\\\/?p=47893#primaryimage\"},\"image\":{\"@id\":\"https:\\\/\\\/www.p31noticias.com.br\\\/?p=47893#primaryimage\"},\"thumbnailUrl\":\"https:\\\/\\\/www.p31noticias.com.br\\\/wp-content\\\/uploads\\\/2024\\\/04\\\/53659564120_513c701ea0_o-300x200-cPnzZ0-150x150-sAdrmE.jpeg\",\"datePublished\":\"2024-04-22T18:30:00+00:00\",\"author\":{\"@id\":\"\"},\"breadcrumb\":{\"@id\":\"https:\\\/\\\/www.p31noticias.com.br\\\/?p=47893#breadcrumb\"},\"inLanguage\":\"pt-BR\",\"potentialAction\":[{\"@type\":\"ReadAction\",\"target\":[\"https:\\\/\\\/www.p31noticias.com.br\\\/?p=47893\"]}]},{\"@type\":\"ImageObject\",\"inLanguage\":\"pt-BR\",\"@id\":\"https:\\\/\\\/www.p31noticias.com.br\\\/?p=47893#primaryimage\",\"url\":\"https:\\\/\\\/www.p31noticias.com.br\\\/wp-content\\\/uploads\\\/2024\\\/04\\\/53659564120_513c701ea0_o-300x200-cPnzZ0-150x150-sAdrmE.jpeg\",\"contentUrl\":\"https:\\\/\\\/www.p31noticias.com.br\\\/wp-content\\\/uploads\\\/2024\\\/04\\\/53659564120_513c701ea0_o-300x200-cPnzZ0-150x150-sAdrmE.jpeg\",\"width\":150,\"height\":150},{\"@type\":\"BreadcrumbList\",\"@id\":\"https:\\\/\\\/www.p31noticias.com.br\\\/?p=47893#breadcrumb\",\"itemListElement\":[{\"@type\":\"ListItem\",\"position\":1,\"name\":\"In\u00edcio\",\"item\":\"https:\\\/\\\/www.p31noticias.com.br\\\/\"},{\"@type\":\"ListItem\",\"position\":2,\"name\":\"INVADIU, DESOBEDECEU E FICOU SEM\u2026\"}]},{\"@type\":\"WebSite\",\"@id\":\"https:\\\/\\\/www.p31noticias.com.br\\\/#website\",\"url\":\"https:\\\/\\\/www.p31noticias.com.br\\\/\",\"name\":\"P31\",\"description\":\"NOT\u00cdCIAS\",\"potentialAction\":[{\"@type\":\"SearchAction\",\"target\":{\"@type\":\"EntryPoint\",\"urlTemplate\":\"https:\\\/\\\/www.p31noticias.com.br\\\/?s={search_term_string}\"},\"query-input\":{\"@type\":\"PropertyValueSpecification\",\"valueRequired\":true,\"valueName\":\"search_term_string\"}}],\"inLanguage\":\"pt-BR\"}]}<\/script>\n<!-- \/ Yoast SEO Premium plugin. -->","yoast_head_json":{"title":"INVADIU, DESOBEDECEU E FICOU SEM\u2026 - P31","robots":{"index":"index","follow":"follow","max-snippet":"max-snippet:-1","max-image-preview":"max-image-preview:large","max-video-preview":"max-video-preview:-1"},"canonical":"https:\/\/www.p31noticias.com.br\/?p=47893","og_locale":"pt_BR","og_type":"article","og_title":"INVADIU, DESOBEDECEU E FICOU SEM\u2026","og_description":"Depois de alertas e notifica\u00e7\u00f5es, seguidas de desobedi\u00eancias, a Secretaria de Prote\u00e7\u00e3o da Ordem Urban\u00edstica do Distrito Federal (DF Legal) realizou uma opera\u00e7\u00e3o de Pronto Emprego para desobstruir uma \u00e1rea p\u00fablica ocupada por uma constru\u00e7\u00e3o irregular no Setor Bernardo Say\u00e3o, ao lado do Polo de Moda, no Guar\u00e1 II. O terreno fica em frente ao [&hellip;]","og_url":"https:\/\/www.p31noticias.com.br\/?p=47893","og_site_name":"P31","article_published_time":"2024-04-22T18:30:00+00:00","og_image":[{"width":150,"height":150,"url":"https:\/\/www.p31noticias.com.br\/wp-content\/uploads\/2024\/04\/53659564120_513c701ea0_o-300x200-cPnzZ0-150x150-sAdrmE.jpeg","type":"image\/jpeg"}],"twitter_card":"summary_large_image","schema":{"@context":"https:\/\/schema.org","@graph":[{"@type":"Article","@id":"https:\/\/www.p31noticias.com.br\/?p=47893#article","isPartOf":{"@id":"https:\/\/www.p31noticias.com.br\/?p=47893"},"author":{"name":"","@id":""},"headline":"INVADIU, DESOBEDECEU E FICOU SEM\u2026","datePublished":"2024-04-22T18:30:00+00:00","mainEntityOfPage":{"@id":"https:\/\/www.p31noticias.com.br\/?p=47893"},"wordCount":83,"commentCount":0,"image":{"@id":"https:\/\/www.p31noticias.com.br\/?p=47893#primaryimage"},"thumbnailUrl":"https:\/\/www.p31noticias.com.br\/wp-content\/uploads\/2024\/04\/53659564120_513c701ea0_o-300x200-cPnzZ0-150x150-sAdrmE.jpeg","articleSection":["Bras\u00edlia"],"inLanguage":"pt-BR","potentialAction":[{"@type":"CommentAction","name":"Comment","target":["https:\/\/www.p31noticias.com.br\/?p=47893#respond"]}],"copyrightYear":"2024","copyrightHolder":{"@id":"https:\/\/www.p31noticias.com.br\/#organization"}},{"@type":"WebPage","@id":"https:\/\/www.p31noticias.com.br\/?p=47893","url":"https:\/\/www.p31noticias.com.br\/?p=47893","name":"INVADIU, DESOBEDECEU E FICOU SEM\u2026 - P31","isPartOf":{"@id":"https:\/\/www.p31noticias.com.br\/#website"},"primaryImageOfPage":{"@id":"https:\/\/www.p31noticias.com.br\/?p=47893#primaryimage"},"image":{"@id":"https:\/\/www.p31noticias.com.br\/?p=47893#primaryimage"},"thumbnailUrl":"https:\/\/www.p31noticias.com.br\/wp-content\/uploads\/2024\/04\/53659564120_513c701ea0_o-300x200-cPnzZ0-150x150-sAdrmE.jpeg","datePublished":"2024-04-22T18:30:00+00:00","author":{"@id":""},"breadcrumb":{"@id":"https:\/\/www.p31noticias.com.br\/?p=47893#breadcrumb"},"inLanguage":"pt-BR","potentialAction":[{"@type":"ReadAction","target":["https:\/\/www.p31noticias.com.br\/?p=47893"]}]},{"@type":"ImageObject","inLanguage":"pt-BR","@id":"https:\/\/www.p31noticias.com.br\/?p=47893#primaryimage","url":"https:\/\/www.p31noticias.com.br\/wp-content\/uploads\/2024\/04\/53659564120_513c701ea0_o-300x200-cPnzZ0-150x150-sAdrmE.jpeg","contentUrl":"https:\/\/www.p31noticias.com.br\/wp-content\/uploads\/2024\/04\/53659564120_513c701ea0_o-300x200-cPnzZ0-150x150-sAdrmE.jpeg","width":150,"height":150},{"@type":"BreadcrumbList","@id":"https:\/\/www.p31noticias.com.br\/?p=47893#breadcrumb","itemListElement":[{"@type":"ListItem","position":1,"name":"In\u00edcio","item":"https:\/\/www.p31noticias.com.br\/"},{"@type":"ListItem","position":2,"name":"INVADIU, DESOBEDECEU E FICOU SEM\u2026"}]},{"@type":"WebSite","@id":"https:\/\/www.p31noticias.com.br\/#website","url":"https:\/\/www.p31noticias.com.br\/","name":"P31","description":"NOT\u00cdCIAS","potentialAction":[{"@type":"SearchAction","target":{"@type":"EntryPoint","urlTemplate":"https:\/\/www.p31noticias.com.br\/?s={search_term_string}"},"query-input":{"@type":"PropertyValueSpecification","valueRequired":true,"valueName":"search_term_string"}}],"inLanguage":"pt-BR"}]}},"amp_enabled":true,"_links":{"self":[{"href":"https:\/\/www.p31noticias.com.br\/index.php?rest_route=\/wp\/v2\/posts\/47893","targetHints":{"allow":["GET"]}}],"collection":[{"href":"https:\/\/www.p31noticias.com.br\/index.php?rest_route=\/wp\/v2\/posts"}],"about":[{"href":"https:\/\/www.p31noticias.com.br\/index.php?rest_route=\/wp\/v2\/types\/post"}],"replies":[{"embeddable":true,"href":"https:\/\/www.p31noticias.com.br\/index.php?rest_route=%2Fwp%2Fv2%2Fcomments&post=47893"}],"version-history":[{"count":0,"href":"https:\/\/www.p31noticias.com.br\/index.php?rest_route=\/wp\/v2\/posts\/47893\/revisions"}],"wp:featuredmedia":[{"embeddable":true,"href":"https:\/\/www.p31noticias.com.br\/index.php?rest_route=\/wp\/v2\/media\/47894"}],"wp:attachment":[{"href":"https:\/\/www.p31noticias.com.br\/index.php?rest_route=%2Fwp%2Fv2%2Fmedia&parent=47893"}],"wp:term":[{"taxonomy":"category","embeddable":true,"href":"https:\/\/www.p31noticias.com.br\/index.php?rest_route=%2Fwp%2Fv2%2Fcategories&post=47893"},{"taxonomy":"post_tag","embeddable":true,"href":"https:\/\/www.p31noticias.com.br\/index.php?rest_route=%2Fwp%2Fv2%2Ftags&post=47893"}],"curies":[{"name":"wp","href":"https:\/\/api.w.org\/{rel}","templated":true}]}}