{"id":47871,"date":"2024-04-22T12:30:51","date_gmt":"2024-04-22T15:30:51","guid":{"rendered":"https:\/\/p31noticias.com.br\/nucleo-de-saude-e-vacinacao-na-rodoviaria-do-plano-piloto-e-reaberto\/"},"modified":"2024-04-22T12:30:51","modified_gmt":"2024-04-22T15:30:51","slug":"nucleo-de-saude-e-vacinacao-na-rodoviaria-do-plano-piloto-e-reaberto","status":"publish","type":"post","link":"https:\/\/www.p31noticias.com.br\/?p=47871","title":{"rendered":"N\u00facleo de sa\u00fade e vacina\u00e7\u00e3o na Rodovi\u00e1ria do Plano Piloto \u00e9 reaberto"},"content":{"rendered":"<p>A partir das 16h desta segunda-feira (22\/4), a Unidade de Testagem, Aconselhamento e Vacina\u00e7\u00e3o do N\u00facleo de Testagem e Aconselhamento (NTA), que oferece servi\u00e7os de vacina\u00e7\u00e3o e testes para a detec\u00e7\u00e3o de infec\u00e7\u00f5es sexualmente transmiss\u00edveis (ISTs), ser\u00e1 reaberto no mezanino da Rodovi\u00e1ria do Plano Piloto. Al\u00e9m disso, no novo espa\u00e7o tamb\u00e9m passa a funcionar o [\u2026]<\/p>\n<p>O post <a href=\"https:\/\/www.delioandrade.com.br\/nucleo-de-saude-e-vacinacao-na-rodoviaria-do-plano-piloto-e-reaberto\/\">N\u00facleo de sa\u00fade e vacina\u00e7\u00e3o na Rodovi\u00e1ria do Plano Piloto \u00e9 reaberto<\/a> apareceu primeiro em <a href=\"https:\/\/www.delioandrade.com.br\/\">Blog do D\u00c9LIO ANDRADE<\/a>.<\/p>\n","protected":false},"excerpt":{"rendered":"<p>A partir das 16h desta segunda-feira (22\/4), a Unidade de Testagem, Aconselhamento e Vacina\u00e7\u00e3o do N\u00facleo de Testagem e Aconselhamento (NTA), que oferece servi\u00e7os de vacina\u00e7\u00e3o e testes para a detec\u00e7\u00e3o de infec\u00e7\u00f5es sexualmente transmiss\u00edveis (ISTs), ser\u00e1 reaberto no mezanino da Rodovi\u00e1ria do Plano Piloto. Al\u00e9m disso, no novo espa\u00e7o tamb\u00e9m passa a funcionar o [&hellip;]<\/p>\n","protected":false},"author":0,"featured_media":47872,"comment_status":"open","ping_status":"open","sticky":false,"template":"","format":"standard","meta":{"footnotes":""},"categories":[21],"tags":[],"class_list":{"0":"post-47871","1":"post","2":"type-post","3":"status-publish","4":"format-standard","5":"has-post-thumbnail","7":"category-brasilia"},"yoast_head":"<!-- This site is optimized with the Yoast SEO Premium plugin v24.5 (Yoast SEO v27.5) - https:\/\/yoast.com\/product\/yoast-seo-premium-wordpress\/ -->\n<title>N\u00facleo de sa\u00fade e vacina\u00e7\u00e3o na Rodovi\u00e1ria do Plano Piloto \u00e9 reaberto - P31<\/title>\n<meta name=\"robots\" content=\"index, follow, max-snippet:-1, max-image-preview:large, max-video-preview:-1\" \/>\n<link rel=\"canonical\" href=\"https:\/\/www.p31noticias.com.br\/?p=47871\" \/>\n<meta property=\"og:locale\" content=\"pt_BR\" \/>\n<meta property=\"og:type\" content=\"article\" \/>\n<meta property=\"og:title\" content=\"N\u00facleo de sa\u00fade e vacina\u00e7\u00e3o na Rodovi\u00e1ria do Plano Piloto \u00e9 reaberto\" \/>\n<meta property=\"og:description\" content=\"A partir das 16h desta segunda-feira (22\/4), a Unidade de Testagem, Aconselhamento e Vacina\u00e7\u00e3o do N\u00facleo de Testagem e Aconselhamento (NTA), que oferece servi\u00e7os de vacina\u00e7\u00e3o e testes para a detec\u00e7\u00e3o de infec\u00e7\u00f5es sexualmente transmiss\u00edveis (ISTs), ser\u00e1 reaberto no mezanino da Rodovi\u00e1ria do Plano Piloto. Al\u00e9m disso, no novo espa\u00e7o tamb\u00e9m passa a funcionar o [&hellip;]\" \/>\n<meta property=\"og:url\" content=\"https:\/\/www.p31noticias.com.br\/?p=47871\" \/>\n<meta property=\"og:site_name\" content=\"P31\" \/>\n<meta property=\"article:published_time\" content=\"2024-04-22T15:30:51+00:00\" \/>\n<meta property=\"og:image\" content=\"https:\/\/www.p31noticias.com.br\/wp-content\/uploads\/2024\/04\/Ualisson_Noronha_SES-DF-2-2-tA93ZO-150x150-H9ewBk.jpeg\" \/>\n\t<meta property=\"og:image:width\" content=\"150\" \/>\n\t<meta property=\"og:image:height\" content=\"150\" \/>\n\t<meta property=\"og:image:type\" content=\"image\/jpeg\" \/>\n<meta name=\"twitter:card\" content=\"summary_large_image\" \/>\n<script type=\"application\/ld+json\" class=\"yoast-schema-graph\">{\"@context\":\"https:\\\/\\\/schema.org\",\"@graph\":[{\"@type\":\"Article\",\"@id\":\"https:\\\/\\\/www.p31noticias.com.br\\\/?p=47871#article\",\"isPartOf\":{\"@id\":\"https:\\\/\\\/www.p31noticias.com.br\\\/?p=47871\"},\"author\":{\"name\":\"\",\"@id\":\"\"},\"headline\":\"N\u00facleo de sa\u00fade e vacina\u00e7\u00e3o na Rodovi\u00e1ria do Plano Piloto \u00e9 reaberto\",\"datePublished\":\"2024-04-22T15:30:51+00:00\",\"mainEntityOfPage\":{\"@id\":\"https:\\\/\\\/www.p31noticias.com.br\\\/?p=47871\"},\"wordCount\":105,\"commentCount\":0,\"image\":{\"@id\":\"https:\\\/\\\/www.p31noticias.com.br\\\/?p=47871#primaryimage\"},\"thumbnailUrl\":\"https:\\\/\\\/www.p31noticias.com.br\\\/wp-content\\\/uploads\\\/2024\\\/04\\\/Ualisson_Noronha_SES-DF-2-2-tA93ZO-150x150-H9ewBk.jpeg\",\"articleSection\":[\"Bras\u00edlia\"],\"inLanguage\":\"pt-BR\",\"potentialAction\":[{\"@type\":\"CommentAction\",\"name\":\"Comment\",\"target\":[\"https:\\\/\\\/www.p31noticias.com.br\\\/?p=47871#respond\"]}],\"copyrightYear\":\"2024\",\"copyrightHolder\":{\"@id\":\"https:\\\/\\\/www.p31noticias.com.br\\\/#organization\"}},{\"@type\":\"WebPage\",\"@id\":\"https:\\\/\\\/www.p31noticias.com.br\\\/?p=47871\",\"url\":\"https:\\\/\\\/www.p31noticias.com.br\\\/?p=47871\",\"name\":\"N\u00facleo de sa\u00fade e vacina\u00e7\u00e3o na Rodovi\u00e1ria do Plano Piloto \u00e9 reaberto - P31\",\"isPartOf\":{\"@id\":\"https:\\\/\\\/www.p31noticias.com.br\\\/#website\"},\"primaryImageOfPage\":{\"@id\":\"https:\\\/\\\/www.p31noticias.com.br\\\/?p=47871#primaryimage\"},\"image\":{\"@id\":\"https:\\\/\\\/www.p31noticias.com.br\\\/?p=47871#primaryimage\"},\"thumbnailUrl\":\"https:\\\/\\\/www.p31noticias.com.br\\\/wp-content\\\/uploads\\\/2024\\\/04\\\/Ualisson_Noronha_SES-DF-2-2-tA93ZO-150x150-H9ewBk.jpeg\",\"datePublished\":\"2024-04-22T15:30:51+00:00\",\"author\":{\"@id\":\"\"},\"breadcrumb\":{\"@id\":\"https:\\\/\\\/www.p31noticias.com.br\\\/?p=47871#breadcrumb\"},\"inLanguage\":\"pt-BR\",\"potentialAction\":[{\"@type\":\"ReadAction\",\"target\":[\"https:\\\/\\\/www.p31noticias.com.br\\\/?p=47871\"]}]},{\"@type\":\"ImageObject\",\"inLanguage\":\"pt-BR\",\"@id\":\"https:\\\/\\\/www.p31noticias.com.br\\\/?p=47871#primaryimage\",\"url\":\"https:\\\/\\\/www.p31noticias.com.br\\\/wp-content\\\/uploads\\\/2024\\\/04\\\/Ualisson_Noronha_SES-DF-2-2-tA93ZO-150x150-H9ewBk.jpeg\",\"contentUrl\":\"https:\\\/\\\/www.p31noticias.com.br\\\/wp-content\\\/uploads\\\/2024\\\/04\\\/Ualisson_Noronha_SES-DF-2-2-tA93ZO-150x150-H9ewBk.jpeg\",\"width\":150,\"height\":150},{\"@type\":\"BreadcrumbList\",\"@id\":\"https:\\\/\\\/www.p31noticias.com.br\\\/?p=47871#breadcrumb\",\"itemListElement\":[{\"@type\":\"ListItem\",\"position\":1,\"name\":\"In\u00edcio\",\"item\":\"https:\\\/\\\/www.p31noticias.com.br\\\/\"},{\"@type\":\"ListItem\",\"position\":2,\"name\":\"N\u00facleo de sa\u00fade e vacina\u00e7\u00e3o na Rodovi\u00e1ria do Plano Piloto \u00e9 reaberto\"}]},{\"@type\":\"WebSite\",\"@id\":\"https:\\\/\\\/www.p31noticias.com.br\\\/#website\",\"url\":\"https:\\\/\\\/www.p31noticias.com.br\\\/\",\"name\":\"P31\",\"description\":\"NOT\u00cdCIAS\",\"potentialAction\":[{\"@type\":\"SearchAction\",\"target\":{\"@type\":\"EntryPoint\",\"urlTemplate\":\"https:\\\/\\\/www.p31noticias.com.br\\\/?s={search_term_string}\"},\"query-input\":{\"@type\":\"PropertyValueSpecification\",\"valueRequired\":true,\"valueName\":\"search_term_string\"}}],\"inLanguage\":\"pt-BR\"}]}<\/script>\n<!-- \/ Yoast SEO Premium plugin. -->","yoast_head_json":{"title":"N\u00facleo de sa\u00fade e vacina\u00e7\u00e3o na Rodovi\u00e1ria do Plano Piloto \u00e9 reaberto - P31","robots":{"index":"index","follow":"follow","max-snippet":"max-snippet:-1","max-image-preview":"max-image-preview:large","max-video-preview":"max-video-preview:-1"},"canonical":"https:\/\/www.p31noticias.com.br\/?p=47871","og_locale":"pt_BR","og_type":"article","og_title":"N\u00facleo de sa\u00fade e vacina\u00e7\u00e3o na Rodovi\u00e1ria do Plano Piloto \u00e9 reaberto","og_description":"A partir das 16h desta segunda-feira (22\/4), a Unidade de Testagem, Aconselhamento e Vacina\u00e7\u00e3o do N\u00facleo de Testagem e Aconselhamento (NTA), que oferece servi\u00e7os de vacina\u00e7\u00e3o e testes para a detec\u00e7\u00e3o de infec\u00e7\u00f5es sexualmente transmiss\u00edveis (ISTs), ser\u00e1 reaberto no mezanino da Rodovi\u00e1ria do Plano Piloto. Al\u00e9m disso, no novo espa\u00e7o tamb\u00e9m passa a funcionar o [&hellip;]","og_url":"https:\/\/www.p31noticias.com.br\/?p=47871","og_site_name":"P31","article_published_time":"2024-04-22T15:30:51+00:00","og_image":[{"width":150,"height":150,"url":"https:\/\/www.p31noticias.com.br\/wp-content\/uploads\/2024\/04\/Ualisson_Noronha_SES-DF-2-2-tA93ZO-150x150-H9ewBk.jpeg","type":"image\/jpeg"}],"twitter_card":"summary_large_image","schema":{"@context":"https:\/\/schema.org","@graph":[{"@type":"Article","@id":"https:\/\/www.p31noticias.com.br\/?p=47871#article","isPartOf":{"@id":"https:\/\/www.p31noticias.com.br\/?p=47871"},"author":{"name":"","@id":""},"headline":"N\u00facleo de sa\u00fade e vacina\u00e7\u00e3o na Rodovi\u00e1ria do Plano Piloto \u00e9 reaberto","datePublished":"2024-04-22T15:30:51+00:00","mainEntityOfPage":{"@id":"https:\/\/www.p31noticias.com.br\/?p=47871"},"wordCount":105,"commentCount":0,"image":{"@id":"https:\/\/www.p31noticias.com.br\/?p=47871#primaryimage"},"thumbnailUrl":"https:\/\/www.p31noticias.com.br\/wp-content\/uploads\/2024\/04\/Ualisson_Noronha_SES-DF-2-2-tA93ZO-150x150-H9ewBk.jpeg","articleSection":["Bras\u00edlia"],"inLanguage":"pt-BR","potentialAction":[{"@type":"CommentAction","name":"Comment","target":["https:\/\/www.p31noticias.com.br\/?p=47871#respond"]}],"copyrightYear":"2024","copyrightHolder":{"@id":"https:\/\/www.p31noticias.com.br\/#organization"}},{"@type":"WebPage","@id":"https:\/\/www.p31noticias.com.br\/?p=47871","url":"https:\/\/www.p31noticias.com.br\/?p=47871","name":"N\u00facleo de sa\u00fade e vacina\u00e7\u00e3o na Rodovi\u00e1ria do Plano Piloto \u00e9 reaberto - P31","isPartOf":{"@id":"https:\/\/www.p31noticias.com.br\/#website"},"primaryImageOfPage":{"@id":"https:\/\/www.p31noticias.com.br\/?p=47871#primaryimage"},"image":{"@id":"https:\/\/www.p31noticias.com.br\/?p=47871#primaryimage"},"thumbnailUrl":"https:\/\/www.p31noticias.com.br\/wp-content\/uploads\/2024\/04\/Ualisson_Noronha_SES-DF-2-2-tA93ZO-150x150-H9ewBk.jpeg","datePublished":"2024-04-22T15:30:51+00:00","author":{"@id":""},"breadcrumb":{"@id":"https:\/\/www.p31noticias.com.br\/?p=47871#breadcrumb"},"inLanguage":"pt-BR","potentialAction":[{"@type":"ReadAction","target":["https:\/\/www.p31noticias.com.br\/?p=47871"]}]},{"@type":"ImageObject","inLanguage":"pt-BR","@id":"https:\/\/www.p31noticias.com.br\/?p=47871#primaryimage","url":"https:\/\/www.p31noticias.com.br\/wp-content\/uploads\/2024\/04\/Ualisson_Noronha_SES-DF-2-2-tA93ZO-150x150-H9ewBk.jpeg","contentUrl":"https:\/\/www.p31noticias.com.br\/wp-content\/uploads\/2024\/04\/Ualisson_Noronha_SES-DF-2-2-tA93ZO-150x150-H9ewBk.jpeg","width":150,"height":150},{"@type":"BreadcrumbList","@id":"https:\/\/www.p31noticias.com.br\/?p=47871#breadcrumb","itemListElement":[{"@type":"ListItem","position":1,"name":"In\u00edcio","item":"https:\/\/www.p31noticias.com.br\/"},{"@type":"ListItem","position":2,"name":"N\u00facleo de sa\u00fade e vacina\u00e7\u00e3o na Rodovi\u00e1ria do Plano Piloto \u00e9 reaberto"}]},{"@type":"WebSite","@id":"https:\/\/www.p31noticias.com.br\/#website","url":"https:\/\/www.p31noticias.com.br\/","name":"P31","description":"NOT\u00cdCIAS","potentialAction":[{"@type":"SearchAction","target":{"@type":"EntryPoint","urlTemplate":"https:\/\/www.p31noticias.com.br\/?s={search_term_string}"},"query-input":{"@type":"PropertyValueSpecification","valueRequired":true,"valueName":"search_term_string"}}],"inLanguage":"pt-BR"}]}},"amp_enabled":true,"_links":{"self":[{"href":"https:\/\/www.p31noticias.com.br\/index.php?rest_route=\/wp\/v2\/posts\/47871","targetHints":{"allow":["GET"]}}],"collection":[{"href":"https:\/\/www.p31noticias.com.br\/index.php?rest_route=\/wp\/v2\/posts"}],"about":[{"href":"https:\/\/www.p31noticias.com.br\/index.php?rest_route=\/wp\/v2\/types\/post"}],"replies":[{"embeddable":true,"href":"https:\/\/www.p31noticias.com.br\/index.php?rest_route=%2Fwp%2Fv2%2Fcomments&post=47871"}],"version-history":[{"count":0,"href":"https:\/\/www.p31noticias.com.br\/index.php?rest_route=\/wp\/v2\/posts\/47871\/revisions"}],"wp:featuredmedia":[{"embeddable":true,"href":"https:\/\/www.p31noticias.com.br\/index.php?rest_route=\/wp\/v2\/media\/47872"}],"wp:attachment":[{"href":"https:\/\/www.p31noticias.com.br\/index.php?rest_route=%2Fwp%2Fv2%2Fmedia&parent=47871"}],"wp:term":[{"taxonomy":"category","embeddable":true,"href":"https:\/\/www.p31noticias.com.br\/index.php?rest_route=%2Fwp%2Fv2%2Fcategories&post=47871"},{"taxonomy":"post_tag","embeddable":true,"href":"https:\/\/www.p31noticias.com.br\/index.php?rest_route=%2Fwp%2Fv2%2Ftags&post=47871"}],"curies":[{"name":"wp","href":"https:\/\/api.w.org\/{rel}","templated":true}]}}