{"id":47855,"date":"2024-04-22T09:30:21","date_gmt":"2024-04-22T12:30:21","guid":{"rendered":"https:\/\/p31noticias.com.br\/conflitos-no-campo-atingem-maior-numero-ja-registrado-no-brasil-desde-1985\/"},"modified":"2024-04-22T09:30:21","modified_gmt":"2024-04-22T12:30:21","slug":"conflitos-no-campo-atingem-maior-numero-ja-registrado-no-brasil-desde-1985","status":"publish","type":"post","link":"https:\/\/www.p31noticias.com.br\/?p=47855","title":{"rendered":"Conflitos no campo atingem maior n\u00famero j\u00e1 registrado no Brasil desde 1985"},"content":{"rendered":"<p>O Brasil teve 2.203 conflitos no campo em 2023, o maior n\u00famero j\u00e1 registrado desde 1985, quando come\u00e7aram os levantamentos da Comiss\u00e3o Pastoral da Terra (CPT). No ano passado, os despejos judiciais no meio rural quase triplicaram e as viol\u00eancias causadas por agentes dos governos estaduais mais que dobraram, embora empres\u00e1rios e grileiros continuem liderando [\u2026]<\/p>\n<p>O post <a href=\"https:\/\/www.delioandrade.com.br\/conflitos-no-campo-atingem-maior-numero-ja-registrado-no-brasil-desde-1985\/\">Conflitos no campo atingem maior n\u00famero j\u00e1 registrado no Brasil desde 1985<\/a> apareceu primeiro em <a href=\"https:\/\/www.delioandrade.com.br\/\">Blog do D\u00c9LIO ANDRADE<\/a>.<\/p>\n","protected":false},"excerpt":{"rendered":"<p>O Brasil teve 2.203 conflitos no campo em 2023, o maior n\u00famero j\u00e1 registrado desde 1985, quando come\u00e7aram os levantamentos da Comiss\u00e3o Pastoral da Terra (CPT). No ano passado, os despejos judiciais no meio rural quase triplicaram e as viol\u00eancias causadas por agentes dos governos estaduais mais que dobraram, embora empres\u00e1rios e grileiros continuem liderando [&hellip;]<\/p>\n","protected":false},"author":0,"featured_media":47856,"comment_status":"open","ping_status":"open","sticky":false,"template":"","format":"standard","meta":{"footnotes":""},"categories":[21],"tags":[],"class_list":{"0":"post-47855","1":"post","2":"type-post","3":"status-publish","4":"format-standard","5":"has-post-thumbnail","7":"category-brasilia"},"yoast_head":"<!-- This site is optimized with the Yoast SEO Premium plugin v24.5 (Yoast SEO v27.5) - https:\/\/yoast.com\/product\/yoast-seo-premium-wordpress\/ -->\n<title>Conflitos no campo atingem maior n\u00famero j\u00e1 registrado no Brasil desde 1985 - P31<\/title>\n<meta name=\"robots\" content=\"index, follow, max-snippet:-1, max-image-preview:large, max-video-preview:-1\" \/>\n<link rel=\"canonical\" href=\"https:\/\/www.p31noticias.com.br\/?p=47855\" \/>\n<meta property=\"og:locale\" content=\"pt_BR\" \/>\n<meta property=\"og:type\" content=\"article\" \/>\n<meta property=\"og:title\" content=\"Conflitos no campo atingem maior n\u00famero j\u00e1 registrado no Brasil desde 1985\" \/>\n<meta property=\"og:description\" content=\"O Brasil teve 2.203 conflitos no campo em 2023, o maior n\u00famero j\u00e1 registrado desde 1985, quando come\u00e7aram os levantamentos da Comiss\u00e3o Pastoral da Terra (CPT). No ano passado, os despejos judiciais no meio rural quase triplicaram e as viol\u00eancias causadas por agentes dos governos estaduais mais que dobraram, embora empres\u00e1rios e grileiros continuem liderando [&hellip;]\" \/>\n<meta property=\"og:url\" content=\"https:\/\/www.p31noticias.com.br\/?p=47855\" \/>\n<meta property=\"og:site_name\" content=\"P31\" \/>\n<meta property=\"article:published_time\" content=\"2024-04-22T12:30:21+00:00\" \/>\n<meta property=\"og:image\" content=\"https:\/\/www.p31noticias.com.br\/wp-content\/uploads\/2024\/04\/Capa_Conflitos-no-campo-atingem-maior-numero-ja-registrado-no-Brasil-desde-1985-0xBQ4G-150x150-bsasv2.jpeg\" \/>\n\t<meta property=\"og:image:width\" content=\"150\" \/>\n\t<meta property=\"og:image:height\" content=\"150\" \/>\n\t<meta property=\"og:image:type\" content=\"image\/jpeg\" \/>\n<meta name=\"twitter:card\" content=\"summary_large_image\" \/>\n<script type=\"application\/ld+json\" class=\"yoast-schema-graph\">{\"@context\":\"https:\\\/\\\/schema.org\",\"@graph\":[{\"@type\":\"Article\",\"@id\":\"https:\\\/\\\/www.p31noticias.com.br\\\/?p=47855#article\",\"isPartOf\":{\"@id\":\"https:\\\/\\\/www.p31noticias.com.br\\\/?p=47855\"},\"author\":{\"name\":\"\",\"@id\":\"\"},\"headline\":\"Conflitos no campo atingem maior n\u00famero j\u00e1 registrado no Brasil desde 1985\",\"datePublished\":\"2024-04-22T12:30:21+00:00\",\"mainEntityOfPage\":{\"@id\":\"https:\\\/\\\/www.p31noticias.com.br\\\/?p=47855\"},\"wordCount\":91,\"commentCount\":0,\"image\":{\"@id\":\"https:\\\/\\\/www.p31noticias.com.br\\\/?p=47855#primaryimage\"},\"thumbnailUrl\":\"https:\\\/\\\/www.p31noticias.com.br\\\/wp-content\\\/uploads\\\/2024\\\/04\\\/Capa_Conflitos-no-campo-atingem-maior-numero-ja-registrado-no-Brasil-desde-1985-0xBQ4G-150x150-bsasv2.jpeg\",\"articleSection\":[\"Bras\u00edlia\"],\"inLanguage\":\"pt-BR\",\"potentialAction\":[{\"@type\":\"CommentAction\",\"name\":\"Comment\",\"target\":[\"https:\\\/\\\/www.p31noticias.com.br\\\/?p=47855#respond\"]}],\"copyrightYear\":\"2024\",\"copyrightHolder\":{\"@id\":\"https:\\\/\\\/www.p31noticias.com.br\\\/#organization\"}},{\"@type\":\"WebPage\",\"@id\":\"https:\\\/\\\/www.p31noticias.com.br\\\/?p=47855\",\"url\":\"https:\\\/\\\/www.p31noticias.com.br\\\/?p=47855\",\"name\":\"Conflitos no campo atingem maior n\u00famero j\u00e1 registrado no Brasil desde 1985 - P31\",\"isPartOf\":{\"@id\":\"https:\\\/\\\/www.p31noticias.com.br\\\/#website\"},\"primaryImageOfPage\":{\"@id\":\"https:\\\/\\\/www.p31noticias.com.br\\\/?p=47855#primaryimage\"},\"image\":{\"@id\":\"https:\\\/\\\/www.p31noticias.com.br\\\/?p=47855#primaryimage\"},\"thumbnailUrl\":\"https:\\\/\\\/www.p31noticias.com.br\\\/wp-content\\\/uploads\\\/2024\\\/04\\\/Capa_Conflitos-no-campo-atingem-maior-numero-ja-registrado-no-Brasil-desde-1985-0xBQ4G-150x150-bsasv2.jpeg\",\"datePublished\":\"2024-04-22T12:30:21+00:00\",\"author\":{\"@id\":\"\"},\"breadcrumb\":{\"@id\":\"https:\\\/\\\/www.p31noticias.com.br\\\/?p=47855#breadcrumb\"},\"inLanguage\":\"pt-BR\",\"potentialAction\":[{\"@type\":\"ReadAction\",\"target\":[\"https:\\\/\\\/www.p31noticias.com.br\\\/?p=47855\"]}]},{\"@type\":\"ImageObject\",\"inLanguage\":\"pt-BR\",\"@id\":\"https:\\\/\\\/www.p31noticias.com.br\\\/?p=47855#primaryimage\",\"url\":\"https:\\\/\\\/www.p31noticias.com.br\\\/wp-content\\\/uploads\\\/2024\\\/04\\\/Capa_Conflitos-no-campo-atingem-maior-numero-ja-registrado-no-Brasil-desde-1985-0xBQ4G-150x150-bsasv2.jpeg\",\"contentUrl\":\"https:\\\/\\\/www.p31noticias.com.br\\\/wp-content\\\/uploads\\\/2024\\\/04\\\/Capa_Conflitos-no-campo-atingem-maior-numero-ja-registrado-no-Brasil-desde-1985-0xBQ4G-150x150-bsasv2.jpeg\",\"width\":150,\"height\":150},{\"@type\":\"BreadcrumbList\",\"@id\":\"https:\\\/\\\/www.p31noticias.com.br\\\/?p=47855#breadcrumb\",\"itemListElement\":[{\"@type\":\"ListItem\",\"position\":1,\"name\":\"In\u00edcio\",\"item\":\"https:\\\/\\\/www.p31noticias.com.br\\\/\"},{\"@type\":\"ListItem\",\"position\":2,\"name\":\"Conflitos no campo atingem maior n\u00famero j\u00e1 registrado no Brasil desde 1985\"}]},{\"@type\":\"WebSite\",\"@id\":\"https:\\\/\\\/www.p31noticias.com.br\\\/#website\",\"url\":\"https:\\\/\\\/www.p31noticias.com.br\\\/\",\"name\":\"P31\",\"description\":\"NOT\u00cdCIAS\",\"potentialAction\":[{\"@type\":\"SearchAction\",\"target\":{\"@type\":\"EntryPoint\",\"urlTemplate\":\"https:\\\/\\\/www.p31noticias.com.br\\\/?s={search_term_string}\"},\"query-input\":{\"@type\":\"PropertyValueSpecification\",\"valueRequired\":true,\"valueName\":\"search_term_string\"}}],\"inLanguage\":\"pt-BR\"}]}<\/script>\n<!-- \/ Yoast SEO Premium plugin. -->","yoast_head_json":{"title":"Conflitos no campo atingem maior n\u00famero j\u00e1 registrado no Brasil desde 1985 - P31","robots":{"index":"index","follow":"follow","max-snippet":"max-snippet:-1","max-image-preview":"max-image-preview:large","max-video-preview":"max-video-preview:-1"},"canonical":"https:\/\/www.p31noticias.com.br\/?p=47855","og_locale":"pt_BR","og_type":"article","og_title":"Conflitos no campo atingem maior n\u00famero j\u00e1 registrado no Brasil desde 1985","og_description":"O Brasil teve 2.203 conflitos no campo em 2023, o maior n\u00famero j\u00e1 registrado desde 1985, quando come\u00e7aram os levantamentos da Comiss\u00e3o Pastoral da Terra (CPT). No ano passado, os despejos judiciais no meio rural quase triplicaram e as viol\u00eancias causadas por agentes dos governos estaduais mais que dobraram, embora empres\u00e1rios e grileiros continuem liderando [&hellip;]","og_url":"https:\/\/www.p31noticias.com.br\/?p=47855","og_site_name":"P31","article_published_time":"2024-04-22T12:30:21+00:00","og_image":[{"width":150,"height":150,"url":"https:\/\/www.p31noticias.com.br\/wp-content\/uploads\/2024\/04\/Capa_Conflitos-no-campo-atingem-maior-numero-ja-registrado-no-Brasil-desde-1985-0xBQ4G-150x150-bsasv2.jpeg","type":"image\/jpeg"}],"twitter_card":"summary_large_image","schema":{"@context":"https:\/\/schema.org","@graph":[{"@type":"Article","@id":"https:\/\/www.p31noticias.com.br\/?p=47855#article","isPartOf":{"@id":"https:\/\/www.p31noticias.com.br\/?p=47855"},"author":{"name":"","@id":""},"headline":"Conflitos no campo atingem maior n\u00famero j\u00e1 registrado no Brasil desde 1985","datePublished":"2024-04-22T12:30:21+00:00","mainEntityOfPage":{"@id":"https:\/\/www.p31noticias.com.br\/?p=47855"},"wordCount":91,"commentCount":0,"image":{"@id":"https:\/\/www.p31noticias.com.br\/?p=47855#primaryimage"},"thumbnailUrl":"https:\/\/www.p31noticias.com.br\/wp-content\/uploads\/2024\/04\/Capa_Conflitos-no-campo-atingem-maior-numero-ja-registrado-no-Brasil-desde-1985-0xBQ4G-150x150-bsasv2.jpeg","articleSection":["Bras\u00edlia"],"inLanguage":"pt-BR","potentialAction":[{"@type":"CommentAction","name":"Comment","target":["https:\/\/www.p31noticias.com.br\/?p=47855#respond"]}],"copyrightYear":"2024","copyrightHolder":{"@id":"https:\/\/www.p31noticias.com.br\/#organization"}},{"@type":"WebPage","@id":"https:\/\/www.p31noticias.com.br\/?p=47855","url":"https:\/\/www.p31noticias.com.br\/?p=47855","name":"Conflitos no campo atingem maior n\u00famero j\u00e1 registrado no Brasil desde 1985 - P31","isPartOf":{"@id":"https:\/\/www.p31noticias.com.br\/#website"},"primaryImageOfPage":{"@id":"https:\/\/www.p31noticias.com.br\/?p=47855#primaryimage"},"image":{"@id":"https:\/\/www.p31noticias.com.br\/?p=47855#primaryimage"},"thumbnailUrl":"https:\/\/www.p31noticias.com.br\/wp-content\/uploads\/2024\/04\/Capa_Conflitos-no-campo-atingem-maior-numero-ja-registrado-no-Brasil-desde-1985-0xBQ4G-150x150-bsasv2.jpeg","datePublished":"2024-04-22T12:30:21+00:00","author":{"@id":""},"breadcrumb":{"@id":"https:\/\/www.p31noticias.com.br\/?p=47855#breadcrumb"},"inLanguage":"pt-BR","potentialAction":[{"@type":"ReadAction","target":["https:\/\/www.p31noticias.com.br\/?p=47855"]}]},{"@type":"ImageObject","inLanguage":"pt-BR","@id":"https:\/\/www.p31noticias.com.br\/?p=47855#primaryimage","url":"https:\/\/www.p31noticias.com.br\/wp-content\/uploads\/2024\/04\/Capa_Conflitos-no-campo-atingem-maior-numero-ja-registrado-no-Brasil-desde-1985-0xBQ4G-150x150-bsasv2.jpeg","contentUrl":"https:\/\/www.p31noticias.com.br\/wp-content\/uploads\/2024\/04\/Capa_Conflitos-no-campo-atingem-maior-numero-ja-registrado-no-Brasil-desde-1985-0xBQ4G-150x150-bsasv2.jpeg","width":150,"height":150},{"@type":"BreadcrumbList","@id":"https:\/\/www.p31noticias.com.br\/?p=47855#breadcrumb","itemListElement":[{"@type":"ListItem","position":1,"name":"In\u00edcio","item":"https:\/\/www.p31noticias.com.br\/"},{"@type":"ListItem","position":2,"name":"Conflitos no campo atingem maior n\u00famero j\u00e1 registrado no Brasil desde 1985"}]},{"@type":"WebSite","@id":"https:\/\/www.p31noticias.com.br\/#website","url":"https:\/\/www.p31noticias.com.br\/","name":"P31","description":"NOT\u00cdCIAS","potentialAction":[{"@type":"SearchAction","target":{"@type":"EntryPoint","urlTemplate":"https:\/\/www.p31noticias.com.br\/?s={search_term_string}"},"query-input":{"@type":"PropertyValueSpecification","valueRequired":true,"valueName":"search_term_string"}}],"inLanguage":"pt-BR"}]}},"amp_enabled":true,"_links":{"self":[{"href":"https:\/\/www.p31noticias.com.br\/index.php?rest_route=\/wp\/v2\/posts\/47855","targetHints":{"allow":["GET"]}}],"collection":[{"href":"https:\/\/www.p31noticias.com.br\/index.php?rest_route=\/wp\/v2\/posts"}],"about":[{"href":"https:\/\/www.p31noticias.com.br\/index.php?rest_route=\/wp\/v2\/types\/post"}],"replies":[{"embeddable":true,"href":"https:\/\/www.p31noticias.com.br\/index.php?rest_route=%2Fwp%2Fv2%2Fcomments&post=47855"}],"version-history":[{"count":0,"href":"https:\/\/www.p31noticias.com.br\/index.php?rest_route=\/wp\/v2\/posts\/47855\/revisions"}],"wp:featuredmedia":[{"embeddable":true,"href":"https:\/\/www.p31noticias.com.br\/index.php?rest_route=\/wp\/v2\/media\/47856"}],"wp:attachment":[{"href":"https:\/\/www.p31noticias.com.br\/index.php?rest_route=%2Fwp%2Fv2%2Fmedia&parent=47855"}],"wp:term":[{"taxonomy":"category","embeddable":true,"href":"https:\/\/www.p31noticias.com.br\/index.php?rest_route=%2Fwp%2Fv2%2Fcategories&post=47855"},{"taxonomy":"post_tag","embeddable":true,"href":"https:\/\/www.p31noticias.com.br\/index.php?rest_route=%2Fwp%2Fv2%2Ftags&post=47855"}],"curies":[{"name":"wp","href":"https:\/\/api.w.org\/{rel}","templated":true}]}}