{"id":47845,"date":"2024-04-22T08:31:47","date_gmt":"2024-04-22T11:31:47","guid":{"rendered":"https:\/\/p31noticias.com.br\/mais-de-800-vagas-disponiveis-para-o-programa-de-capacitacao-qualificadf-movel\/"},"modified":"2024-04-22T08:31:47","modified_gmt":"2024-04-22T11:31:47","slug":"mais-de-800-vagas-disponiveis-para-o-programa-de-capacitacao-qualificadf-movel","status":"publish","type":"post","link":"https:\/\/www.p31noticias.com.br\/?p=47845","title":{"rendered":"Mais de 800 vagas dispon\u00edveis para o programa de capacita\u00e7\u00e3o QualificaDF M\u00f3vel"},"content":{"rendered":"<p>O programa QualificaDF M\u00f3vel est\u00e1 com as inscri\u00e7\u00f5es abertas para preencher as 880 vagas abertas para diversos cursos de qualifica\u00e7\u00e3o profissional. Esse \u00e9 6\u00ba Ciclo da 2\u00aa etapa do programa e os interessados devem se inscrever at\u00e9 ter\u00e7a (23), no site da Secretaria de Desenvolvimento Econ\u00f4mico, Trabalho e Renda (Sedet). O in\u00edcio das atividades est\u00e1 [\u2026]<\/p>\n<p>O post <a href=\"https:\/\/www.delioandrade.com.br\/mais-de-800-vagas-disponiveis-para-o-programa-de-capacitacao-qualificadf-movel\/\">Mais de 800 vagas dispon\u00edveis para o programa de capacita\u00e7\u00e3o QualificaDF M\u00f3vel<\/a> apareceu primeiro em <a href=\"https:\/\/www.delioandrade.com.br\/\">Blog do D\u00c9LIO ANDRADE<\/a>.<\/p>\n","protected":false},"excerpt":{"rendered":"<p>O programa QualificaDF M\u00f3vel est\u00e1 com as inscri\u00e7\u00f5es abertas para preencher as 880 vagas abertas para diversos cursos de qualifica\u00e7\u00e3o profissional. Esse \u00e9 6\u00ba Ciclo da 2\u00aa etapa do programa e os interessados devem se inscrever at\u00e9 ter\u00e7a (23), no site da Secretaria de Desenvolvimento Econ\u00f4mico, Trabalho e Renda (Sedet). O in\u00edcio das atividades est\u00e1 [&hellip;]<\/p>\n","protected":false},"author":0,"featured_media":47846,"comment_status":"open","ping_status":"open","sticky":false,"template":"","format":"standard","meta":{"footnotes":""},"categories":[21],"tags":[],"class_list":{"0":"post-47845","1":"post","2":"type-post","3":"status-publish","4":"format-standard","5":"has-post-thumbnail","7":"category-brasilia"},"yoast_head":"<!-- This site is optimized with the Yoast SEO Premium plugin v24.5 (Yoast SEO v27.5) - https:\/\/yoast.com\/product\/yoast-seo-premium-wordpress\/ -->\n<title>Mais de 800 vagas dispon\u00edveis para o programa de capacita\u00e7\u00e3o QualificaDF M\u00f3vel - P31<\/title>\n<meta name=\"robots\" content=\"index, follow, max-snippet:-1, max-image-preview:large, max-video-preview:-1\" \/>\n<link rel=\"canonical\" href=\"https:\/\/www.p31noticias.com.br\/?p=47845\" \/>\n<meta property=\"og:locale\" content=\"pt_BR\" \/>\n<meta property=\"og:type\" content=\"article\" \/>\n<meta property=\"og:title\" content=\"Mais de 800 vagas dispon\u00edveis para o programa de capacita\u00e7\u00e3o QualificaDF M\u00f3vel\" \/>\n<meta property=\"og:description\" content=\"O programa QualificaDF M\u00f3vel est\u00e1 com as inscri\u00e7\u00f5es abertas para preencher as 880 vagas abertas para diversos cursos de qualifica\u00e7\u00e3o profissional. Esse \u00e9 6\u00ba Ciclo da 2\u00aa etapa do programa e os interessados devem se inscrever at\u00e9 ter\u00e7a (23), no site da Secretaria de Desenvolvimento Econ\u00f4mico, Trabalho e Renda (Sedet). O in\u00edcio das atividades est\u00e1 [&hellip;]\" \/>\n<meta property=\"og:url\" content=\"https:\/\/www.p31noticias.com.br\/?p=47845\" \/>\n<meta property=\"og:site_name\" content=\"P31\" \/>\n<meta property=\"article:published_time\" content=\"2024-04-22T11:31:47+00:00\" \/>\n<meta property=\"og:image\" content=\"https:\/\/www.p31noticias.com.br\/wp-content\/uploads\/2024\/04\/Foto-Lucio-Bernardo-Jr-6-mZryRI-150x150-hhNlgf.jpeg\" \/>\n\t<meta property=\"og:image:width\" content=\"150\" \/>\n\t<meta property=\"og:image:height\" content=\"150\" \/>\n\t<meta property=\"og:image:type\" content=\"image\/jpeg\" \/>\n<meta name=\"twitter:card\" content=\"summary_large_image\" \/>\n<script type=\"application\/ld+json\" class=\"yoast-schema-graph\">{\"@context\":\"https:\\\/\\\/schema.org\",\"@graph\":[{\"@type\":\"Article\",\"@id\":\"https:\\\/\\\/www.p31noticias.com.br\\\/?p=47845#article\",\"isPartOf\":{\"@id\":\"https:\\\/\\\/www.p31noticias.com.br\\\/?p=47845\"},\"author\":{\"name\":\"\",\"@id\":\"\"},\"headline\":\"Mais de 800 vagas dispon\u00edveis para o programa de capacita\u00e7\u00e3o QualificaDF M\u00f3vel\",\"datePublished\":\"2024-04-22T11:31:47+00:00\",\"mainEntityOfPage\":{\"@id\":\"https:\\\/\\\/www.p31noticias.com.br\\\/?p=47845\"},\"wordCount\":94,\"commentCount\":0,\"image\":{\"@id\":\"https:\\\/\\\/www.p31noticias.com.br\\\/?p=47845#primaryimage\"},\"thumbnailUrl\":\"https:\\\/\\\/www.p31noticias.com.br\\\/wp-content\\\/uploads\\\/2024\\\/04\\\/Foto-Lucio-Bernardo-Jr-6-mZryRI-150x150-hhNlgf.jpeg\",\"articleSection\":[\"Bras\u00edlia\"],\"inLanguage\":\"pt-BR\",\"potentialAction\":[{\"@type\":\"CommentAction\",\"name\":\"Comment\",\"target\":[\"https:\\\/\\\/www.p31noticias.com.br\\\/?p=47845#respond\"]}],\"copyrightYear\":\"2024\",\"copyrightHolder\":{\"@id\":\"https:\\\/\\\/www.p31noticias.com.br\\\/#organization\"}},{\"@type\":\"WebPage\",\"@id\":\"https:\\\/\\\/www.p31noticias.com.br\\\/?p=47845\",\"url\":\"https:\\\/\\\/www.p31noticias.com.br\\\/?p=47845\",\"name\":\"Mais de 800 vagas dispon\u00edveis para o programa de capacita\u00e7\u00e3o QualificaDF M\u00f3vel - P31\",\"isPartOf\":{\"@id\":\"https:\\\/\\\/www.p31noticias.com.br\\\/#website\"},\"primaryImageOfPage\":{\"@id\":\"https:\\\/\\\/www.p31noticias.com.br\\\/?p=47845#primaryimage\"},\"image\":{\"@id\":\"https:\\\/\\\/www.p31noticias.com.br\\\/?p=47845#primaryimage\"},\"thumbnailUrl\":\"https:\\\/\\\/www.p31noticias.com.br\\\/wp-content\\\/uploads\\\/2024\\\/04\\\/Foto-Lucio-Bernardo-Jr-6-mZryRI-150x150-hhNlgf.jpeg\",\"datePublished\":\"2024-04-22T11:31:47+00:00\",\"author\":{\"@id\":\"\"},\"breadcrumb\":{\"@id\":\"https:\\\/\\\/www.p31noticias.com.br\\\/?p=47845#breadcrumb\"},\"inLanguage\":\"pt-BR\",\"potentialAction\":[{\"@type\":\"ReadAction\",\"target\":[\"https:\\\/\\\/www.p31noticias.com.br\\\/?p=47845\"]}]},{\"@type\":\"ImageObject\",\"inLanguage\":\"pt-BR\",\"@id\":\"https:\\\/\\\/www.p31noticias.com.br\\\/?p=47845#primaryimage\",\"url\":\"https:\\\/\\\/www.p31noticias.com.br\\\/wp-content\\\/uploads\\\/2024\\\/04\\\/Foto-Lucio-Bernardo-Jr-6-mZryRI-150x150-hhNlgf.jpeg\",\"contentUrl\":\"https:\\\/\\\/www.p31noticias.com.br\\\/wp-content\\\/uploads\\\/2024\\\/04\\\/Foto-Lucio-Bernardo-Jr-6-mZryRI-150x150-hhNlgf.jpeg\",\"width\":150,\"height\":150},{\"@type\":\"BreadcrumbList\",\"@id\":\"https:\\\/\\\/www.p31noticias.com.br\\\/?p=47845#breadcrumb\",\"itemListElement\":[{\"@type\":\"ListItem\",\"position\":1,\"name\":\"In\u00edcio\",\"item\":\"https:\\\/\\\/www.p31noticias.com.br\\\/\"},{\"@type\":\"ListItem\",\"position\":2,\"name\":\"Mais de 800 vagas dispon\u00edveis para o programa de capacita\u00e7\u00e3o QualificaDF M\u00f3vel\"}]},{\"@type\":\"WebSite\",\"@id\":\"https:\\\/\\\/www.p31noticias.com.br\\\/#website\",\"url\":\"https:\\\/\\\/www.p31noticias.com.br\\\/\",\"name\":\"P31\",\"description\":\"NOT\u00cdCIAS\",\"potentialAction\":[{\"@type\":\"SearchAction\",\"target\":{\"@type\":\"EntryPoint\",\"urlTemplate\":\"https:\\\/\\\/www.p31noticias.com.br\\\/?s={search_term_string}\"},\"query-input\":{\"@type\":\"PropertyValueSpecification\",\"valueRequired\":true,\"valueName\":\"search_term_string\"}}],\"inLanguage\":\"pt-BR\"}]}<\/script>\n<!-- \/ Yoast SEO Premium plugin. -->","yoast_head_json":{"title":"Mais de 800 vagas dispon\u00edveis para o programa de capacita\u00e7\u00e3o QualificaDF M\u00f3vel - P31","robots":{"index":"index","follow":"follow","max-snippet":"max-snippet:-1","max-image-preview":"max-image-preview:large","max-video-preview":"max-video-preview:-1"},"canonical":"https:\/\/www.p31noticias.com.br\/?p=47845","og_locale":"pt_BR","og_type":"article","og_title":"Mais de 800 vagas dispon\u00edveis para o programa de capacita\u00e7\u00e3o QualificaDF M\u00f3vel","og_description":"O programa QualificaDF M\u00f3vel est\u00e1 com as inscri\u00e7\u00f5es abertas para preencher as 880 vagas abertas para diversos cursos de qualifica\u00e7\u00e3o profissional. Esse \u00e9 6\u00ba Ciclo da 2\u00aa etapa do programa e os interessados devem se inscrever at\u00e9 ter\u00e7a (23), no site da Secretaria de Desenvolvimento Econ\u00f4mico, Trabalho e Renda (Sedet). O in\u00edcio das atividades est\u00e1 [&hellip;]","og_url":"https:\/\/www.p31noticias.com.br\/?p=47845","og_site_name":"P31","article_published_time":"2024-04-22T11:31:47+00:00","og_image":[{"width":150,"height":150,"url":"https:\/\/www.p31noticias.com.br\/wp-content\/uploads\/2024\/04\/Foto-Lucio-Bernardo-Jr-6-mZryRI-150x150-hhNlgf.jpeg","type":"image\/jpeg"}],"twitter_card":"summary_large_image","schema":{"@context":"https:\/\/schema.org","@graph":[{"@type":"Article","@id":"https:\/\/www.p31noticias.com.br\/?p=47845#article","isPartOf":{"@id":"https:\/\/www.p31noticias.com.br\/?p=47845"},"author":{"name":"","@id":""},"headline":"Mais de 800 vagas dispon\u00edveis para o programa de capacita\u00e7\u00e3o QualificaDF M\u00f3vel","datePublished":"2024-04-22T11:31:47+00:00","mainEntityOfPage":{"@id":"https:\/\/www.p31noticias.com.br\/?p=47845"},"wordCount":94,"commentCount":0,"image":{"@id":"https:\/\/www.p31noticias.com.br\/?p=47845#primaryimage"},"thumbnailUrl":"https:\/\/www.p31noticias.com.br\/wp-content\/uploads\/2024\/04\/Foto-Lucio-Bernardo-Jr-6-mZryRI-150x150-hhNlgf.jpeg","articleSection":["Bras\u00edlia"],"inLanguage":"pt-BR","potentialAction":[{"@type":"CommentAction","name":"Comment","target":["https:\/\/www.p31noticias.com.br\/?p=47845#respond"]}],"copyrightYear":"2024","copyrightHolder":{"@id":"https:\/\/www.p31noticias.com.br\/#organization"}},{"@type":"WebPage","@id":"https:\/\/www.p31noticias.com.br\/?p=47845","url":"https:\/\/www.p31noticias.com.br\/?p=47845","name":"Mais de 800 vagas dispon\u00edveis para o programa de capacita\u00e7\u00e3o QualificaDF M\u00f3vel - P31","isPartOf":{"@id":"https:\/\/www.p31noticias.com.br\/#website"},"primaryImageOfPage":{"@id":"https:\/\/www.p31noticias.com.br\/?p=47845#primaryimage"},"image":{"@id":"https:\/\/www.p31noticias.com.br\/?p=47845#primaryimage"},"thumbnailUrl":"https:\/\/www.p31noticias.com.br\/wp-content\/uploads\/2024\/04\/Foto-Lucio-Bernardo-Jr-6-mZryRI-150x150-hhNlgf.jpeg","datePublished":"2024-04-22T11:31:47+00:00","author":{"@id":""},"breadcrumb":{"@id":"https:\/\/www.p31noticias.com.br\/?p=47845#breadcrumb"},"inLanguage":"pt-BR","potentialAction":[{"@type":"ReadAction","target":["https:\/\/www.p31noticias.com.br\/?p=47845"]}]},{"@type":"ImageObject","inLanguage":"pt-BR","@id":"https:\/\/www.p31noticias.com.br\/?p=47845#primaryimage","url":"https:\/\/www.p31noticias.com.br\/wp-content\/uploads\/2024\/04\/Foto-Lucio-Bernardo-Jr-6-mZryRI-150x150-hhNlgf.jpeg","contentUrl":"https:\/\/www.p31noticias.com.br\/wp-content\/uploads\/2024\/04\/Foto-Lucio-Bernardo-Jr-6-mZryRI-150x150-hhNlgf.jpeg","width":150,"height":150},{"@type":"BreadcrumbList","@id":"https:\/\/www.p31noticias.com.br\/?p=47845#breadcrumb","itemListElement":[{"@type":"ListItem","position":1,"name":"In\u00edcio","item":"https:\/\/www.p31noticias.com.br\/"},{"@type":"ListItem","position":2,"name":"Mais de 800 vagas dispon\u00edveis para o programa de capacita\u00e7\u00e3o QualificaDF M\u00f3vel"}]},{"@type":"WebSite","@id":"https:\/\/www.p31noticias.com.br\/#website","url":"https:\/\/www.p31noticias.com.br\/","name":"P31","description":"NOT\u00cdCIAS","potentialAction":[{"@type":"SearchAction","target":{"@type":"EntryPoint","urlTemplate":"https:\/\/www.p31noticias.com.br\/?s={search_term_string}"},"query-input":{"@type":"PropertyValueSpecification","valueRequired":true,"valueName":"search_term_string"}}],"inLanguage":"pt-BR"}]}},"amp_enabled":true,"_links":{"self":[{"href":"https:\/\/www.p31noticias.com.br\/index.php?rest_route=\/wp\/v2\/posts\/47845","targetHints":{"allow":["GET"]}}],"collection":[{"href":"https:\/\/www.p31noticias.com.br\/index.php?rest_route=\/wp\/v2\/posts"}],"about":[{"href":"https:\/\/www.p31noticias.com.br\/index.php?rest_route=\/wp\/v2\/types\/post"}],"replies":[{"embeddable":true,"href":"https:\/\/www.p31noticias.com.br\/index.php?rest_route=%2Fwp%2Fv2%2Fcomments&post=47845"}],"version-history":[{"count":0,"href":"https:\/\/www.p31noticias.com.br\/index.php?rest_route=\/wp\/v2\/posts\/47845\/revisions"}],"wp:featuredmedia":[{"embeddable":true,"href":"https:\/\/www.p31noticias.com.br\/index.php?rest_route=\/wp\/v2\/media\/47846"}],"wp:attachment":[{"href":"https:\/\/www.p31noticias.com.br\/index.php?rest_route=%2Fwp%2Fv2%2Fmedia&parent=47845"}],"wp:term":[{"taxonomy":"category","embeddable":true,"href":"https:\/\/www.p31noticias.com.br\/index.php?rest_route=%2Fwp%2Fv2%2Fcategories&post=47845"},{"taxonomy":"post_tag","embeddable":true,"href":"https:\/\/www.p31noticias.com.br\/index.php?rest_route=%2Fwp%2Fv2%2Ftags&post=47845"}],"curies":[{"name":"wp","href":"https:\/\/api.w.org\/{rel}","templated":true}]}}