{"id":47555,"date":"2024-04-18T16:29:38","date_gmt":"2024-04-18T19:29:38","guid":{"rendered":"https:\/\/p31noticias.com.br\/nova-linha-de-onibus-atende-passageiros-da-vila-cauhy\/"},"modified":"2024-04-18T16:29:38","modified_gmt":"2024-04-18T19:29:38","slug":"nova-linha-de-onibus-atende-passageiros-da-vila-cauhy","status":"publish","type":"post","link":"https:\/\/www.p31noticias.com.br\/?p=47555","title":{"rendered":"Nova linha de \u00f4nibus atende passageiros da Vila Cauhy"},"content":{"rendered":"<p>Os moradores da Vila Cauhy v\u00e3o ter acesso \u00e0 nova linha de \u00f4nibus 0.164 a partir desta segunda-feira (22). O servi\u00e7o vai fazer percurso circular entre o terminal do N\u00facleo Bandeirante e a localidade, com tarifa de R$ 2,70. Arte: Semob-DF A nova linha vai passar pelas avenidas Contorno, Central e Terceira at\u00e9 chegar \u00e0 [\u2026]<\/p>\n<p>O post <a href=\"https:\/\/www.delioandrade.com.br\/nova-linha-de-onibus-atende-passageiros-da-vila-cauhy\/\">Nova linha de \u00f4nibus atende passageiros da Vila Cauhy<\/a> apareceu primeiro em <a href=\"https:\/\/www.delioandrade.com.br\/\">Blog do D\u00c9LIO ANDRADE<\/a>.<\/p>\n","protected":false},"excerpt":{"rendered":"<p>Os moradores da Vila Cauhy v\u00e3o ter acesso \u00e0 nova linha de \u00f4nibus 0.164 a partir desta segunda-feira (22). O servi\u00e7o vai fazer percurso circular entre o terminal do N\u00facleo Bandeirante e a localidade, com tarifa de R$ 2,70. Arte: Semob-DF A nova linha vai passar pelas avenidas Contorno, Central e Terceira at\u00e9 chegar \u00e0 [&hellip;]<\/p>\n","protected":false},"author":0,"featured_media":47556,"comment_status":"open","ping_status":"open","sticky":false,"template":"","format":"standard","meta":{"footnotes":""},"categories":[21],"tags":[],"class_list":{"0":"post-47555","1":"post","2":"type-post","3":"status-publish","4":"format-standard","5":"has-post-thumbnail","7":"category-brasilia"},"yoast_head":"<!-- This site is optimized with the Yoast SEO Premium plugin v24.5 (Yoast SEO v27.5) - https:\/\/yoast.com\/product\/yoast-seo-premium-wordpress\/ -->\n<title>Nova linha de \u00f4nibus atende passageiros da Vila Cauhy - P31<\/title>\n<meta name=\"robots\" content=\"index, follow, max-snippet:-1, max-image-preview:large, max-video-preview:-1\" \/>\n<link rel=\"canonical\" href=\"https:\/\/www.p31noticias.com.br\/?p=47555\" \/>\n<meta property=\"og:locale\" content=\"pt_BR\" \/>\n<meta property=\"og:type\" content=\"article\" \/>\n<meta property=\"og:title\" content=\"Nova linha de \u00f4nibus atende passageiros da Vila Cauhy\" \/>\n<meta property=\"og:description\" content=\"Os moradores da Vila Cauhy v\u00e3o ter acesso \u00e0 nova linha de \u00f4nibus 0.164 a partir desta segunda-feira (22). O servi\u00e7o vai fazer percurso circular entre o terminal do N\u00facleo Bandeirante e a localidade, com tarifa de R$ 2,70. Arte: Semob-DF A nova linha vai passar pelas avenidas Contorno, Central e Terceira at\u00e9 chegar \u00e0 [&hellip;]\" \/>\n<meta property=\"og:url\" content=\"https:\/\/www.p31noticias.com.br\/?p=47555\" \/>\n<meta property=\"og:site_name\" content=\"P31\" \/>\n<meta property=\"article:published_time\" content=\"2024-04-18T19:29:38+00:00\" \/>\n<meta property=\"og:image\" content=\"https:\/\/www.p31noticias.com.br\/wp-content\/uploads\/2024\/04\/8ad4a128-f7c6-44c4-901f-c0cf31e964e2-RpzzOY-150x150-6rBvSg.jpeg\" \/>\n\t<meta property=\"og:image:width\" content=\"150\" \/>\n\t<meta property=\"og:image:height\" content=\"150\" \/>\n\t<meta property=\"og:image:type\" content=\"image\/jpeg\" \/>\n<meta name=\"twitter:card\" content=\"summary_large_image\" \/>\n<script type=\"application\/ld+json\" class=\"yoast-schema-graph\">{\"@context\":\"https:\\\/\\\/schema.org\",\"@graph\":[{\"@type\":\"Article\",\"@id\":\"https:\\\/\\\/www.p31noticias.com.br\\\/?p=47555#article\",\"isPartOf\":{\"@id\":\"https:\\\/\\\/www.p31noticias.com.br\\\/?p=47555\"},\"author\":{\"name\":\"\",\"@id\":\"\"},\"headline\":\"Nova linha de \u00f4nibus atende passageiros da Vila Cauhy\",\"datePublished\":\"2024-04-18T19:29:38+00:00\",\"mainEntityOfPage\":{\"@id\":\"https:\\\/\\\/www.p31noticias.com.br\\\/?p=47555\"},\"wordCount\":81,\"commentCount\":0,\"image\":{\"@id\":\"https:\\\/\\\/www.p31noticias.com.br\\\/?p=47555#primaryimage\"},\"thumbnailUrl\":\"https:\\\/\\\/www.p31noticias.com.br\\\/wp-content\\\/uploads\\\/2024\\\/04\\\/8ad4a128-f7c6-44c4-901f-c0cf31e964e2-RpzzOY-150x150-6rBvSg.jpeg\",\"articleSection\":[\"Bras\u00edlia\"],\"inLanguage\":\"pt-BR\",\"potentialAction\":[{\"@type\":\"CommentAction\",\"name\":\"Comment\",\"target\":[\"https:\\\/\\\/www.p31noticias.com.br\\\/?p=47555#respond\"]}],\"copyrightYear\":\"2024\",\"copyrightHolder\":{\"@id\":\"https:\\\/\\\/www.p31noticias.com.br\\\/#organization\"}},{\"@type\":\"WebPage\",\"@id\":\"https:\\\/\\\/www.p31noticias.com.br\\\/?p=47555\",\"url\":\"https:\\\/\\\/www.p31noticias.com.br\\\/?p=47555\",\"name\":\"Nova linha de \u00f4nibus atende passageiros da Vila Cauhy - P31\",\"isPartOf\":{\"@id\":\"https:\\\/\\\/www.p31noticias.com.br\\\/#website\"},\"primaryImageOfPage\":{\"@id\":\"https:\\\/\\\/www.p31noticias.com.br\\\/?p=47555#primaryimage\"},\"image\":{\"@id\":\"https:\\\/\\\/www.p31noticias.com.br\\\/?p=47555#primaryimage\"},\"thumbnailUrl\":\"https:\\\/\\\/www.p31noticias.com.br\\\/wp-content\\\/uploads\\\/2024\\\/04\\\/8ad4a128-f7c6-44c4-901f-c0cf31e964e2-RpzzOY-150x150-6rBvSg.jpeg\",\"datePublished\":\"2024-04-18T19:29:38+00:00\",\"author\":{\"@id\":\"\"},\"breadcrumb\":{\"@id\":\"https:\\\/\\\/www.p31noticias.com.br\\\/?p=47555#breadcrumb\"},\"inLanguage\":\"pt-BR\",\"potentialAction\":[{\"@type\":\"ReadAction\",\"target\":[\"https:\\\/\\\/www.p31noticias.com.br\\\/?p=47555\"]}]},{\"@type\":\"ImageObject\",\"inLanguage\":\"pt-BR\",\"@id\":\"https:\\\/\\\/www.p31noticias.com.br\\\/?p=47555#primaryimage\",\"url\":\"https:\\\/\\\/www.p31noticias.com.br\\\/wp-content\\\/uploads\\\/2024\\\/04\\\/8ad4a128-f7c6-44c4-901f-c0cf31e964e2-RpzzOY-150x150-6rBvSg.jpeg\",\"contentUrl\":\"https:\\\/\\\/www.p31noticias.com.br\\\/wp-content\\\/uploads\\\/2024\\\/04\\\/8ad4a128-f7c6-44c4-901f-c0cf31e964e2-RpzzOY-150x150-6rBvSg.jpeg\",\"width\":150,\"height\":150},{\"@type\":\"BreadcrumbList\",\"@id\":\"https:\\\/\\\/www.p31noticias.com.br\\\/?p=47555#breadcrumb\",\"itemListElement\":[{\"@type\":\"ListItem\",\"position\":1,\"name\":\"In\u00edcio\",\"item\":\"https:\\\/\\\/www.p31noticias.com.br\\\/\"},{\"@type\":\"ListItem\",\"position\":2,\"name\":\"Nova linha de \u00f4nibus atende passageiros da Vila Cauhy\"}]},{\"@type\":\"WebSite\",\"@id\":\"https:\\\/\\\/www.p31noticias.com.br\\\/#website\",\"url\":\"https:\\\/\\\/www.p31noticias.com.br\\\/\",\"name\":\"P31\",\"description\":\"NOT\u00cdCIAS\",\"potentialAction\":[{\"@type\":\"SearchAction\",\"target\":{\"@type\":\"EntryPoint\",\"urlTemplate\":\"https:\\\/\\\/www.p31noticias.com.br\\\/?s={search_term_string}\"},\"query-input\":{\"@type\":\"PropertyValueSpecification\",\"valueRequired\":true,\"valueName\":\"search_term_string\"}}],\"inLanguage\":\"pt-BR\"}]}<\/script>\n<!-- \/ Yoast SEO Premium plugin. -->","yoast_head_json":{"title":"Nova linha de \u00f4nibus atende passageiros da Vila Cauhy - P31","robots":{"index":"index","follow":"follow","max-snippet":"max-snippet:-1","max-image-preview":"max-image-preview:large","max-video-preview":"max-video-preview:-1"},"canonical":"https:\/\/www.p31noticias.com.br\/?p=47555","og_locale":"pt_BR","og_type":"article","og_title":"Nova linha de \u00f4nibus atende passageiros da Vila Cauhy","og_description":"Os moradores da Vila Cauhy v\u00e3o ter acesso \u00e0 nova linha de \u00f4nibus 0.164 a partir desta segunda-feira (22). O servi\u00e7o vai fazer percurso circular entre o terminal do N\u00facleo Bandeirante e a localidade, com tarifa de R$ 2,70. Arte: Semob-DF A nova linha vai passar pelas avenidas Contorno, Central e Terceira at\u00e9 chegar \u00e0 [&hellip;]","og_url":"https:\/\/www.p31noticias.com.br\/?p=47555","og_site_name":"P31","article_published_time":"2024-04-18T19:29:38+00:00","og_image":[{"width":150,"height":150,"url":"https:\/\/www.p31noticias.com.br\/wp-content\/uploads\/2024\/04\/8ad4a128-f7c6-44c4-901f-c0cf31e964e2-RpzzOY-150x150-6rBvSg.jpeg","type":"image\/jpeg"}],"twitter_card":"summary_large_image","schema":{"@context":"https:\/\/schema.org","@graph":[{"@type":"Article","@id":"https:\/\/www.p31noticias.com.br\/?p=47555#article","isPartOf":{"@id":"https:\/\/www.p31noticias.com.br\/?p=47555"},"author":{"name":"","@id":""},"headline":"Nova linha de \u00f4nibus atende passageiros da Vila Cauhy","datePublished":"2024-04-18T19:29:38+00:00","mainEntityOfPage":{"@id":"https:\/\/www.p31noticias.com.br\/?p=47555"},"wordCount":81,"commentCount":0,"image":{"@id":"https:\/\/www.p31noticias.com.br\/?p=47555#primaryimage"},"thumbnailUrl":"https:\/\/www.p31noticias.com.br\/wp-content\/uploads\/2024\/04\/8ad4a128-f7c6-44c4-901f-c0cf31e964e2-RpzzOY-150x150-6rBvSg.jpeg","articleSection":["Bras\u00edlia"],"inLanguage":"pt-BR","potentialAction":[{"@type":"CommentAction","name":"Comment","target":["https:\/\/www.p31noticias.com.br\/?p=47555#respond"]}],"copyrightYear":"2024","copyrightHolder":{"@id":"https:\/\/www.p31noticias.com.br\/#organization"}},{"@type":"WebPage","@id":"https:\/\/www.p31noticias.com.br\/?p=47555","url":"https:\/\/www.p31noticias.com.br\/?p=47555","name":"Nova linha de \u00f4nibus atende passageiros da Vila Cauhy - P31","isPartOf":{"@id":"https:\/\/www.p31noticias.com.br\/#website"},"primaryImageOfPage":{"@id":"https:\/\/www.p31noticias.com.br\/?p=47555#primaryimage"},"image":{"@id":"https:\/\/www.p31noticias.com.br\/?p=47555#primaryimage"},"thumbnailUrl":"https:\/\/www.p31noticias.com.br\/wp-content\/uploads\/2024\/04\/8ad4a128-f7c6-44c4-901f-c0cf31e964e2-RpzzOY-150x150-6rBvSg.jpeg","datePublished":"2024-04-18T19:29:38+00:00","author":{"@id":""},"breadcrumb":{"@id":"https:\/\/www.p31noticias.com.br\/?p=47555#breadcrumb"},"inLanguage":"pt-BR","potentialAction":[{"@type":"ReadAction","target":["https:\/\/www.p31noticias.com.br\/?p=47555"]}]},{"@type":"ImageObject","inLanguage":"pt-BR","@id":"https:\/\/www.p31noticias.com.br\/?p=47555#primaryimage","url":"https:\/\/www.p31noticias.com.br\/wp-content\/uploads\/2024\/04\/8ad4a128-f7c6-44c4-901f-c0cf31e964e2-RpzzOY-150x150-6rBvSg.jpeg","contentUrl":"https:\/\/www.p31noticias.com.br\/wp-content\/uploads\/2024\/04\/8ad4a128-f7c6-44c4-901f-c0cf31e964e2-RpzzOY-150x150-6rBvSg.jpeg","width":150,"height":150},{"@type":"BreadcrumbList","@id":"https:\/\/www.p31noticias.com.br\/?p=47555#breadcrumb","itemListElement":[{"@type":"ListItem","position":1,"name":"In\u00edcio","item":"https:\/\/www.p31noticias.com.br\/"},{"@type":"ListItem","position":2,"name":"Nova linha de \u00f4nibus atende passageiros da Vila Cauhy"}]},{"@type":"WebSite","@id":"https:\/\/www.p31noticias.com.br\/#website","url":"https:\/\/www.p31noticias.com.br\/","name":"P31","description":"NOT\u00cdCIAS","potentialAction":[{"@type":"SearchAction","target":{"@type":"EntryPoint","urlTemplate":"https:\/\/www.p31noticias.com.br\/?s={search_term_string}"},"query-input":{"@type":"PropertyValueSpecification","valueRequired":true,"valueName":"search_term_string"}}],"inLanguage":"pt-BR"}]}},"amp_enabled":true,"_links":{"self":[{"href":"https:\/\/www.p31noticias.com.br\/index.php?rest_route=\/wp\/v2\/posts\/47555","targetHints":{"allow":["GET"]}}],"collection":[{"href":"https:\/\/www.p31noticias.com.br\/index.php?rest_route=\/wp\/v2\/posts"}],"about":[{"href":"https:\/\/www.p31noticias.com.br\/index.php?rest_route=\/wp\/v2\/types\/post"}],"replies":[{"embeddable":true,"href":"https:\/\/www.p31noticias.com.br\/index.php?rest_route=%2Fwp%2Fv2%2Fcomments&post=47555"}],"version-history":[{"count":0,"href":"https:\/\/www.p31noticias.com.br\/index.php?rest_route=\/wp\/v2\/posts\/47555\/revisions"}],"wp:featuredmedia":[{"embeddable":true,"href":"https:\/\/www.p31noticias.com.br\/index.php?rest_route=\/wp\/v2\/media\/47556"}],"wp:attachment":[{"href":"https:\/\/www.p31noticias.com.br\/index.php?rest_route=%2Fwp%2Fv2%2Fmedia&parent=47555"}],"wp:term":[{"taxonomy":"category","embeddable":true,"href":"https:\/\/www.p31noticias.com.br\/index.php?rest_route=%2Fwp%2Fv2%2Fcategories&post=47555"},{"taxonomy":"post_tag","embeddable":true,"href":"https:\/\/www.p31noticias.com.br\/index.php?rest_route=%2Fwp%2Fv2%2Ftags&post=47555"}],"curies":[{"name":"wp","href":"https:\/\/api.w.org\/{rel}","templated":true}]}}