{"id":47508,"date":"2024-04-18T11:32:04","date_gmt":"2024-04-18T14:32:04","guid":{"rendered":"https:\/\/p31noticias.com.br\/festival-ao-ar-livre-reune-o-melhor-do-churrasco-e-da-musica-brasiliense\/"},"modified":"2024-04-18T11:32:04","modified_gmt":"2024-04-18T14:32:04","slug":"festival-ao-ar-livre-reune-o-melhor-do-churrasco-e-da-musica-brasiliense","status":"publish","type":"post","link":"https:\/\/www.p31noticias.com.br\/?p=47508","title":{"rendered":"Festival ao ar livre re\u00fane o melhor do churrasco e da m\u00fasica brasiliense"},"content":{"rendered":"<p>Em sua terceira edi\u00e7\u00e3o, Churrascada TGS tem entrada gratuita, mediante doa\u00e7\u00e3o de 1 kg de alimento n\u00e3o perec\u00edvel, e garante divers\u00e3o para toda a fam\u00edlia Com assinatura j\u00e1 registrada no DNA da capital, o Churrascada TGS retorna para mais uma temporada de experi\u00eancias gastron\u00f4micas. Ap\u00f3s duas edi\u00e7\u00f5es de muito sucesso e comida boa, o festival [\u2026]<\/p>\n<p>O post <a href=\"https:\/\/www.delioandrade.com.br\/festival-ao-ar-livre-reune-o-melhor-do-churrasco-e-da-musica-brasiliense\/\">Festival ao ar livre re\u00fane o melhor do churrasco e da m\u00fasica brasiliense<\/a> apareceu primeiro em <a href=\"https:\/\/www.delioandrade.com.br\/\">Blog do D\u00c9LIO ANDRADE<\/a>.<\/p>\n","protected":false},"excerpt":{"rendered":"<p>Em sua terceira edi\u00e7\u00e3o, Churrascada TGS tem entrada gratuita, mediante doa\u00e7\u00e3o de 1 kg de alimento n\u00e3o perec\u00edvel, e garante divers\u00e3o para toda a fam\u00edlia Com assinatura j\u00e1 registrada no DNA da capital, o Churrascada TGS retorna para mais uma temporada de experi\u00eancias gastron\u00f4micas. Ap\u00f3s duas edi\u00e7\u00f5es de muito sucesso e comida boa, o festival [&hellip;]<\/p>\n","protected":false},"author":0,"featured_media":47509,"comment_status":"open","ping_status":"open","sticky":false,"template":"","format":"standard","meta":{"footnotes":""},"categories":[21],"tags":[],"class_list":{"0":"post-47508","1":"post","2":"type-post","3":"status-publish","4":"format-standard","5":"has-post-thumbnail","7":"category-brasilia"},"yoast_head":"<!-- This site is optimized with the Yoast SEO Premium plugin v24.5 (Yoast SEO v27.5) - https:\/\/yoast.com\/product\/yoast-seo-premium-wordpress\/ -->\n<title>Festival ao ar livre re\u00fane o melhor do churrasco e da m\u00fasica brasiliense - P31<\/title>\n<meta name=\"robots\" content=\"index, follow, max-snippet:-1, max-image-preview:large, max-video-preview:-1\" \/>\n<link rel=\"canonical\" href=\"https:\/\/www.p31noticias.com.br\/?p=47508\" \/>\n<meta property=\"og:locale\" content=\"pt_BR\" \/>\n<meta property=\"og:type\" content=\"article\" \/>\n<meta property=\"og:title\" content=\"Festival ao ar livre re\u00fane o melhor do churrasco e da m\u00fasica brasiliense\" \/>\n<meta property=\"og:description\" content=\"Em sua terceira edi\u00e7\u00e3o, Churrascada TGS tem entrada gratuita, mediante doa\u00e7\u00e3o de 1 kg de alimento n\u00e3o perec\u00edvel, e garante divers\u00e3o para toda a fam\u00edlia Com assinatura j\u00e1 registrada no DNA da capital, o Churrascada TGS retorna para mais uma temporada de experi\u00eancias gastron\u00f4micas. Ap\u00f3s duas edi\u00e7\u00f5es de muito sucesso e comida boa, o festival [&hellip;]\" \/>\n<meta property=\"og:url\" content=\"https:\/\/www.p31noticias.com.br\/?p=47508\" \/>\n<meta property=\"og:site_name\" content=\"P31\" \/>\n<meta property=\"article:published_time\" content=\"2024-04-18T14:32:04+00:00\" \/>\n<meta property=\"og:image\" content=\"https:\/\/www.p31noticias.com.br\/wp-content\/uploads\/2024\/04\/atgs5-p3rzjb-150x150-8bNGVM.png\" \/>\n\t<meta property=\"og:image:width\" content=\"150\" \/>\n\t<meta property=\"og:image:height\" content=\"150\" \/>\n\t<meta property=\"og:image:type\" content=\"image\/png\" \/>\n<meta name=\"twitter:card\" content=\"summary_large_image\" \/>\n<script type=\"application\/ld+json\" class=\"yoast-schema-graph\">{\"@context\":\"https:\\\/\\\/schema.org\",\"@graph\":[{\"@type\":\"Article\",\"@id\":\"https:\\\/\\\/www.p31noticias.com.br\\\/?p=47508#article\",\"isPartOf\":{\"@id\":\"https:\\\/\\\/www.p31noticias.com.br\\\/?p=47508\"},\"author\":{\"name\":\"\",\"@id\":\"\"},\"headline\":\"Festival ao ar livre re\u00fane o melhor do churrasco e da m\u00fasica brasiliense\",\"datePublished\":\"2024-04-18T14:32:04+00:00\",\"mainEntityOfPage\":{\"@id\":\"https:\\\/\\\/www.p31noticias.com.br\\\/?p=47508\"},\"wordCount\":104,\"commentCount\":0,\"image\":{\"@id\":\"https:\\\/\\\/www.p31noticias.com.br\\\/?p=47508#primaryimage\"},\"thumbnailUrl\":\"https:\\\/\\\/www.p31noticias.com.br\\\/wp-content\\\/uploads\\\/2024\\\/04\\\/atgs5-p3rzjb-150x150-8bNGVM.png\",\"articleSection\":[\"Bras\u00edlia\"],\"inLanguage\":\"pt-BR\",\"potentialAction\":[{\"@type\":\"CommentAction\",\"name\":\"Comment\",\"target\":[\"https:\\\/\\\/www.p31noticias.com.br\\\/?p=47508#respond\"]}],\"copyrightYear\":\"2024\",\"copyrightHolder\":{\"@id\":\"https:\\\/\\\/www.p31noticias.com.br\\\/#organization\"}},{\"@type\":\"WebPage\",\"@id\":\"https:\\\/\\\/www.p31noticias.com.br\\\/?p=47508\",\"url\":\"https:\\\/\\\/www.p31noticias.com.br\\\/?p=47508\",\"name\":\"Festival ao ar livre re\u00fane o melhor do churrasco e da m\u00fasica brasiliense - P31\",\"isPartOf\":{\"@id\":\"https:\\\/\\\/www.p31noticias.com.br\\\/#website\"},\"primaryImageOfPage\":{\"@id\":\"https:\\\/\\\/www.p31noticias.com.br\\\/?p=47508#primaryimage\"},\"image\":{\"@id\":\"https:\\\/\\\/www.p31noticias.com.br\\\/?p=47508#primaryimage\"},\"thumbnailUrl\":\"https:\\\/\\\/www.p31noticias.com.br\\\/wp-content\\\/uploads\\\/2024\\\/04\\\/atgs5-p3rzjb-150x150-8bNGVM.png\",\"datePublished\":\"2024-04-18T14:32:04+00:00\",\"author\":{\"@id\":\"\"},\"breadcrumb\":{\"@id\":\"https:\\\/\\\/www.p31noticias.com.br\\\/?p=47508#breadcrumb\"},\"inLanguage\":\"pt-BR\",\"potentialAction\":[{\"@type\":\"ReadAction\",\"target\":[\"https:\\\/\\\/www.p31noticias.com.br\\\/?p=47508\"]}]},{\"@type\":\"ImageObject\",\"inLanguage\":\"pt-BR\",\"@id\":\"https:\\\/\\\/www.p31noticias.com.br\\\/?p=47508#primaryimage\",\"url\":\"https:\\\/\\\/www.p31noticias.com.br\\\/wp-content\\\/uploads\\\/2024\\\/04\\\/atgs5-p3rzjb-150x150-8bNGVM.png\",\"contentUrl\":\"https:\\\/\\\/www.p31noticias.com.br\\\/wp-content\\\/uploads\\\/2024\\\/04\\\/atgs5-p3rzjb-150x150-8bNGVM.png\",\"width\":150,\"height\":150},{\"@type\":\"BreadcrumbList\",\"@id\":\"https:\\\/\\\/www.p31noticias.com.br\\\/?p=47508#breadcrumb\",\"itemListElement\":[{\"@type\":\"ListItem\",\"position\":1,\"name\":\"In\u00edcio\",\"item\":\"https:\\\/\\\/www.p31noticias.com.br\\\/\"},{\"@type\":\"ListItem\",\"position\":2,\"name\":\"Festival ao ar livre re\u00fane o melhor do churrasco e da m\u00fasica brasiliense\"}]},{\"@type\":\"WebSite\",\"@id\":\"https:\\\/\\\/www.p31noticias.com.br\\\/#website\",\"url\":\"https:\\\/\\\/www.p31noticias.com.br\\\/\",\"name\":\"P31\",\"description\":\"NOT\u00cdCIAS\",\"potentialAction\":[{\"@type\":\"SearchAction\",\"target\":{\"@type\":\"EntryPoint\",\"urlTemplate\":\"https:\\\/\\\/www.p31noticias.com.br\\\/?s={search_term_string}\"},\"query-input\":{\"@type\":\"PropertyValueSpecification\",\"valueRequired\":true,\"valueName\":\"search_term_string\"}}],\"inLanguage\":\"pt-BR\"}]}<\/script>\n<!-- \/ Yoast SEO Premium plugin. -->","yoast_head_json":{"title":"Festival ao ar livre re\u00fane o melhor do churrasco e da m\u00fasica brasiliense - P31","robots":{"index":"index","follow":"follow","max-snippet":"max-snippet:-1","max-image-preview":"max-image-preview:large","max-video-preview":"max-video-preview:-1"},"canonical":"https:\/\/www.p31noticias.com.br\/?p=47508","og_locale":"pt_BR","og_type":"article","og_title":"Festival ao ar livre re\u00fane o melhor do churrasco e da m\u00fasica brasiliense","og_description":"Em sua terceira edi\u00e7\u00e3o, Churrascada TGS tem entrada gratuita, mediante doa\u00e7\u00e3o de 1 kg de alimento n\u00e3o perec\u00edvel, e garante divers\u00e3o para toda a fam\u00edlia Com assinatura j\u00e1 registrada no DNA da capital, o Churrascada TGS retorna para mais uma temporada de experi\u00eancias gastron\u00f4micas. Ap\u00f3s duas edi\u00e7\u00f5es de muito sucesso e comida boa, o festival [&hellip;]","og_url":"https:\/\/www.p31noticias.com.br\/?p=47508","og_site_name":"P31","article_published_time":"2024-04-18T14:32:04+00:00","og_image":[{"width":150,"height":150,"url":"https:\/\/www.p31noticias.com.br\/wp-content\/uploads\/2024\/04\/atgs5-p3rzjb-150x150-8bNGVM.png","type":"image\/png"}],"twitter_card":"summary_large_image","schema":{"@context":"https:\/\/schema.org","@graph":[{"@type":"Article","@id":"https:\/\/www.p31noticias.com.br\/?p=47508#article","isPartOf":{"@id":"https:\/\/www.p31noticias.com.br\/?p=47508"},"author":{"name":"","@id":""},"headline":"Festival ao ar livre re\u00fane o melhor do churrasco e da m\u00fasica brasiliense","datePublished":"2024-04-18T14:32:04+00:00","mainEntityOfPage":{"@id":"https:\/\/www.p31noticias.com.br\/?p=47508"},"wordCount":104,"commentCount":0,"image":{"@id":"https:\/\/www.p31noticias.com.br\/?p=47508#primaryimage"},"thumbnailUrl":"https:\/\/www.p31noticias.com.br\/wp-content\/uploads\/2024\/04\/atgs5-p3rzjb-150x150-8bNGVM.png","articleSection":["Bras\u00edlia"],"inLanguage":"pt-BR","potentialAction":[{"@type":"CommentAction","name":"Comment","target":["https:\/\/www.p31noticias.com.br\/?p=47508#respond"]}],"copyrightYear":"2024","copyrightHolder":{"@id":"https:\/\/www.p31noticias.com.br\/#organization"}},{"@type":"WebPage","@id":"https:\/\/www.p31noticias.com.br\/?p=47508","url":"https:\/\/www.p31noticias.com.br\/?p=47508","name":"Festival ao ar livre re\u00fane o melhor do churrasco e da m\u00fasica brasiliense - P31","isPartOf":{"@id":"https:\/\/www.p31noticias.com.br\/#website"},"primaryImageOfPage":{"@id":"https:\/\/www.p31noticias.com.br\/?p=47508#primaryimage"},"image":{"@id":"https:\/\/www.p31noticias.com.br\/?p=47508#primaryimage"},"thumbnailUrl":"https:\/\/www.p31noticias.com.br\/wp-content\/uploads\/2024\/04\/atgs5-p3rzjb-150x150-8bNGVM.png","datePublished":"2024-04-18T14:32:04+00:00","author":{"@id":""},"breadcrumb":{"@id":"https:\/\/www.p31noticias.com.br\/?p=47508#breadcrumb"},"inLanguage":"pt-BR","potentialAction":[{"@type":"ReadAction","target":["https:\/\/www.p31noticias.com.br\/?p=47508"]}]},{"@type":"ImageObject","inLanguage":"pt-BR","@id":"https:\/\/www.p31noticias.com.br\/?p=47508#primaryimage","url":"https:\/\/www.p31noticias.com.br\/wp-content\/uploads\/2024\/04\/atgs5-p3rzjb-150x150-8bNGVM.png","contentUrl":"https:\/\/www.p31noticias.com.br\/wp-content\/uploads\/2024\/04\/atgs5-p3rzjb-150x150-8bNGVM.png","width":150,"height":150},{"@type":"BreadcrumbList","@id":"https:\/\/www.p31noticias.com.br\/?p=47508#breadcrumb","itemListElement":[{"@type":"ListItem","position":1,"name":"In\u00edcio","item":"https:\/\/www.p31noticias.com.br\/"},{"@type":"ListItem","position":2,"name":"Festival ao ar livre re\u00fane o melhor do churrasco e da m\u00fasica brasiliense"}]},{"@type":"WebSite","@id":"https:\/\/www.p31noticias.com.br\/#website","url":"https:\/\/www.p31noticias.com.br\/","name":"P31","description":"NOT\u00cdCIAS","potentialAction":[{"@type":"SearchAction","target":{"@type":"EntryPoint","urlTemplate":"https:\/\/www.p31noticias.com.br\/?s={search_term_string}"},"query-input":{"@type":"PropertyValueSpecification","valueRequired":true,"valueName":"search_term_string"}}],"inLanguage":"pt-BR"}]}},"amp_enabled":true,"_links":{"self":[{"href":"https:\/\/www.p31noticias.com.br\/index.php?rest_route=\/wp\/v2\/posts\/47508","targetHints":{"allow":["GET"]}}],"collection":[{"href":"https:\/\/www.p31noticias.com.br\/index.php?rest_route=\/wp\/v2\/posts"}],"about":[{"href":"https:\/\/www.p31noticias.com.br\/index.php?rest_route=\/wp\/v2\/types\/post"}],"replies":[{"embeddable":true,"href":"https:\/\/www.p31noticias.com.br\/index.php?rest_route=%2Fwp%2Fv2%2Fcomments&post=47508"}],"version-history":[{"count":0,"href":"https:\/\/www.p31noticias.com.br\/index.php?rest_route=\/wp\/v2\/posts\/47508\/revisions"}],"wp:featuredmedia":[{"embeddable":true,"href":"https:\/\/www.p31noticias.com.br\/index.php?rest_route=\/wp\/v2\/media\/47509"}],"wp:attachment":[{"href":"https:\/\/www.p31noticias.com.br\/index.php?rest_route=%2Fwp%2Fv2%2Fmedia&parent=47508"}],"wp:term":[{"taxonomy":"category","embeddable":true,"href":"https:\/\/www.p31noticias.com.br\/index.php?rest_route=%2Fwp%2Fv2%2Fcategories&post=47508"},{"taxonomy":"post_tag","embeddable":true,"href":"https:\/\/www.p31noticias.com.br\/index.php?rest_route=%2Fwp%2Fv2%2Ftags&post=47508"}],"curies":[{"name":"wp","href":"https:\/\/api.w.org\/{rel}","templated":true}]}}