{"id":47489,"date":"2024-04-18T09:30:34","date_gmt":"2024-04-18T12:30:34","guid":{"rendered":"https:\/\/p31noticias.com.br\/tatuagem-e-ataques-a-wagner-moura-quem-e-o-politico-preso-pela-pf\/"},"modified":"2024-04-18T09:30:34","modified_gmt":"2024-04-18T12:30:34","slug":"tatuagem-e-ataques-a-wagner-moura-quem-e-o-politico-preso-pela-pf","status":"publish","type":"post","link":"https:\/\/www.p31noticias.com.br\/?p=47489","title":{"rendered":"Tatuagem e ataques a Wagner Moura. Quem \u00e9 o pol\u00edtico preso pela PF"},"content":{"rendered":"<p>Preso pela Pol\u00edcia Federal (PF), na manh\u00e3 desta quinta-feira (18\/4), o ex-deputado federal Wladimir Costa \u00e9 conhecido por se envolver em pol\u00eamicas e cometer inj\u00faria contra jornalistas e personalidades brasileiras. Conforme a coluna noticiou, o pol\u00edtico foi surpreendido pelos agentes no momento em que desembarcava no Aeroporto Internacional de Bel\u00e9m. O pol\u00edtico \u00e9 investigado por [\u2026]<\/p>\n<p>O post <a href=\"https:\/\/www.delioandrade.com.br\/tatuagem-e-ataques-a-wagner-moura-quem-e-o-politico-preso-pela-pf\/\">Tatuagem e ataques a Wagner Moura. Quem \u00e9 o pol\u00edtico preso pela PF<\/a> apareceu primeiro em <a href=\"https:\/\/www.delioandrade.com.br\/\">Blog do D\u00c9LIO ANDRADE<\/a>.<\/p>\n","protected":false},"excerpt":{"rendered":"<p>Preso pela Pol\u00edcia Federal (PF), na manh\u00e3 desta quinta-feira (18\/4), o ex-deputado federal Wladimir Costa \u00e9 conhecido por se envolver em pol\u00eamicas e cometer inj\u00faria contra jornalistas e personalidades brasileiras. Conforme a coluna noticiou, o pol\u00edtico foi surpreendido pelos agentes no momento em que desembarcava no Aeroporto Internacional de Bel\u00e9m. O pol\u00edtico \u00e9 investigado por [&hellip;]<\/p>\n","protected":false},"author":0,"featured_media":0,"comment_status":"open","ping_status":"open","sticky":false,"template":"","format":"standard","meta":{"footnotes":""},"categories":[21],"tags":[],"class_list":{"0":"post-47489","1":"post","2":"type-post","3":"status-publish","4":"format-standard","6":"category-brasilia"},"yoast_head":"<!-- This site is optimized with the Yoast SEO Premium plugin v24.5 (Yoast SEO v27.5) - https:\/\/yoast.com\/product\/yoast-seo-premium-wordpress\/ -->\n<title>Tatuagem e ataques a Wagner Moura. Quem \u00e9 o pol\u00edtico preso pela PF - P31<\/title>\n<meta name=\"robots\" content=\"index, follow, max-snippet:-1, max-image-preview:large, max-video-preview:-1\" \/>\n<link rel=\"canonical\" href=\"https:\/\/www.p31noticias.com.br\/?p=47489\" \/>\n<meta property=\"og:locale\" content=\"pt_BR\" \/>\n<meta property=\"og:type\" content=\"article\" \/>\n<meta property=\"og:title\" content=\"Tatuagem e ataques a Wagner Moura. Quem \u00e9 o pol\u00edtico preso pela PF\" \/>\n<meta property=\"og:description\" content=\"Preso pela Pol\u00edcia Federal (PF), na manh\u00e3 desta quinta-feira (18\/4), o ex-deputado federal Wladimir Costa \u00e9 conhecido por se envolver em pol\u00eamicas e cometer inj\u00faria contra jornalistas e personalidades brasileiras. Conforme a coluna noticiou, o pol\u00edtico foi surpreendido pelos agentes no momento em que desembarcava no Aeroporto Internacional de Bel\u00e9m. O pol\u00edtico \u00e9 investigado por [&hellip;]\" \/>\n<meta property=\"og:url\" content=\"https:\/\/www.p31noticias.com.br\/?p=47489\" \/>\n<meta property=\"og:site_name\" content=\"P31\" \/>\n<meta property=\"article:published_time\" content=\"2024-04-18T12:30:34+00:00\" \/>\n<meta name=\"twitter:card\" content=\"summary_large_image\" \/>\n<script type=\"application\/ld+json\" class=\"yoast-schema-graph\">{\"@context\":\"https:\\\/\\\/schema.org\",\"@graph\":[{\"@type\":\"Article\",\"@id\":\"https:\\\/\\\/www.p31noticias.com.br\\\/?p=47489#article\",\"isPartOf\":{\"@id\":\"https:\\\/\\\/www.p31noticias.com.br\\\/?p=47489\"},\"author\":{\"name\":\"\",\"@id\":\"\"},\"headline\":\"Tatuagem e ataques a Wagner Moura. Quem \u00e9 o pol\u00edtico preso pela PF\",\"datePublished\":\"2024-04-18T12:30:34+00:00\",\"mainEntityOfPage\":{\"@id\":\"https:\\\/\\\/www.p31noticias.com.br\\\/?p=47489\"},\"wordCount\":94,\"commentCount\":0,\"articleSection\":[\"Bras\u00edlia\"],\"inLanguage\":\"pt-BR\",\"potentialAction\":[{\"@type\":\"CommentAction\",\"name\":\"Comment\",\"target\":[\"https:\\\/\\\/www.p31noticias.com.br\\\/?p=47489#respond\"]}],\"copyrightYear\":\"2024\",\"copyrightHolder\":{\"@id\":\"https:\\\/\\\/www.p31noticias.com.br\\\/#organization\"}},{\"@type\":\"WebPage\",\"@id\":\"https:\\\/\\\/www.p31noticias.com.br\\\/?p=47489\",\"url\":\"https:\\\/\\\/www.p31noticias.com.br\\\/?p=47489\",\"name\":\"Tatuagem e ataques a Wagner Moura. Quem \u00e9 o pol\u00edtico preso pela PF - P31\",\"isPartOf\":{\"@id\":\"https:\\\/\\\/www.p31noticias.com.br\\\/#website\"},\"datePublished\":\"2024-04-18T12:30:34+00:00\",\"author\":{\"@id\":\"\"},\"breadcrumb\":{\"@id\":\"https:\\\/\\\/www.p31noticias.com.br\\\/?p=47489#breadcrumb\"},\"inLanguage\":\"pt-BR\",\"potentialAction\":[{\"@type\":\"ReadAction\",\"target\":[\"https:\\\/\\\/www.p31noticias.com.br\\\/?p=47489\"]}]},{\"@type\":\"BreadcrumbList\",\"@id\":\"https:\\\/\\\/www.p31noticias.com.br\\\/?p=47489#breadcrumb\",\"itemListElement\":[{\"@type\":\"ListItem\",\"position\":1,\"name\":\"In\u00edcio\",\"item\":\"https:\\\/\\\/www.p31noticias.com.br\\\/\"},{\"@type\":\"ListItem\",\"position\":2,\"name\":\"Tatuagem e ataques a Wagner Moura. Quem \u00e9 o pol\u00edtico preso pela PF\"}]},{\"@type\":\"WebSite\",\"@id\":\"https:\\\/\\\/www.p31noticias.com.br\\\/#website\",\"url\":\"https:\\\/\\\/www.p31noticias.com.br\\\/\",\"name\":\"P31\",\"description\":\"NOT\u00cdCIAS\",\"potentialAction\":[{\"@type\":\"SearchAction\",\"target\":{\"@type\":\"EntryPoint\",\"urlTemplate\":\"https:\\\/\\\/www.p31noticias.com.br\\\/?s={search_term_string}\"},\"query-input\":{\"@type\":\"PropertyValueSpecification\",\"valueRequired\":true,\"valueName\":\"search_term_string\"}}],\"inLanguage\":\"pt-BR\"}]}<\/script>\n<!-- \/ Yoast SEO Premium plugin. -->","yoast_head_json":{"title":"Tatuagem e ataques a Wagner Moura. Quem \u00e9 o pol\u00edtico preso pela PF - P31","robots":{"index":"index","follow":"follow","max-snippet":"max-snippet:-1","max-image-preview":"max-image-preview:large","max-video-preview":"max-video-preview:-1"},"canonical":"https:\/\/www.p31noticias.com.br\/?p=47489","og_locale":"pt_BR","og_type":"article","og_title":"Tatuagem e ataques a Wagner Moura. Quem \u00e9 o pol\u00edtico preso pela PF","og_description":"Preso pela Pol\u00edcia Federal (PF), na manh\u00e3 desta quinta-feira (18\/4), o ex-deputado federal Wladimir Costa \u00e9 conhecido por se envolver em pol\u00eamicas e cometer inj\u00faria contra jornalistas e personalidades brasileiras. Conforme a coluna noticiou, o pol\u00edtico foi surpreendido pelos agentes no momento em que desembarcava no Aeroporto Internacional de Bel\u00e9m. O pol\u00edtico \u00e9 investigado por [&hellip;]","og_url":"https:\/\/www.p31noticias.com.br\/?p=47489","og_site_name":"P31","article_published_time":"2024-04-18T12:30:34+00:00","twitter_card":"summary_large_image","schema":{"@context":"https:\/\/schema.org","@graph":[{"@type":"Article","@id":"https:\/\/www.p31noticias.com.br\/?p=47489#article","isPartOf":{"@id":"https:\/\/www.p31noticias.com.br\/?p=47489"},"author":{"name":"","@id":""},"headline":"Tatuagem e ataques a Wagner Moura. Quem \u00e9 o pol\u00edtico preso pela PF","datePublished":"2024-04-18T12:30:34+00:00","mainEntityOfPage":{"@id":"https:\/\/www.p31noticias.com.br\/?p=47489"},"wordCount":94,"commentCount":0,"articleSection":["Bras\u00edlia"],"inLanguage":"pt-BR","potentialAction":[{"@type":"CommentAction","name":"Comment","target":["https:\/\/www.p31noticias.com.br\/?p=47489#respond"]}],"copyrightYear":"2024","copyrightHolder":{"@id":"https:\/\/www.p31noticias.com.br\/#organization"}},{"@type":"WebPage","@id":"https:\/\/www.p31noticias.com.br\/?p=47489","url":"https:\/\/www.p31noticias.com.br\/?p=47489","name":"Tatuagem e ataques a Wagner Moura. Quem \u00e9 o pol\u00edtico preso pela PF - P31","isPartOf":{"@id":"https:\/\/www.p31noticias.com.br\/#website"},"datePublished":"2024-04-18T12:30:34+00:00","author":{"@id":""},"breadcrumb":{"@id":"https:\/\/www.p31noticias.com.br\/?p=47489#breadcrumb"},"inLanguage":"pt-BR","potentialAction":[{"@type":"ReadAction","target":["https:\/\/www.p31noticias.com.br\/?p=47489"]}]},{"@type":"BreadcrumbList","@id":"https:\/\/www.p31noticias.com.br\/?p=47489#breadcrumb","itemListElement":[{"@type":"ListItem","position":1,"name":"In\u00edcio","item":"https:\/\/www.p31noticias.com.br\/"},{"@type":"ListItem","position":2,"name":"Tatuagem e ataques a Wagner Moura. Quem \u00e9 o pol\u00edtico preso pela PF"}]},{"@type":"WebSite","@id":"https:\/\/www.p31noticias.com.br\/#website","url":"https:\/\/www.p31noticias.com.br\/","name":"P31","description":"NOT\u00cdCIAS","potentialAction":[{"@type":"SearchAction","target":{"@type":"EntryPoint","urlTemplate":"https:\/\/www.p31noticias.com.br\/?s={search_term_string}"},"query-input":{"@type":"PropertyValueSpecification","valueRequired":true,"valueName":"search_term_string"}}],"inLanguage":"pt-BR"}]}},"amp_enabled":true,"_links":{"self":[{"href":"https:\/\/www.p31noticias.com.br\/index.php?rest_route=\/wp\/v2\/posts\/47489","targetHints":{"allow":["GET"]}}],"collection":[{"href":"https:\/\/www.p31noticias.com.br\/index.php?rest_route=\/wp\/v2\/posts"}],"about":[{"href":"https:\/\/www.p31noticias.com.br\/index.php?rest_route=\/wp\/v2\/types\/post"}],"replies":[{"embeddable":true,"href":"https:\/\/www.p31noticias.com.br\/index.php?rest_route=%2Fwp%2Fv2%2Fcomments&post=47489"}],"version-history":[{"count":0,"href":"https:\/\/www.p31noticias.com.br\/index.php?rest_route=\/wp\/v2\/posts\/47489\/revisions"}],"wp:attachment":[{"href":"https:\/\/www.p31noticias.com.br\/index.php?rest_route=%2Fwp%2Fv2%2Fmedia&parent=47489"}],"wp:term":[{"taxonomy":"category","embeddable":true,"href":"https:\/\/www.p31noticias.com.br\/index.php?rest_route=%2Fwp%2Fv2%2Fcategories&post=47489"},{"taxonomy":"post_tag","embeddable":true,"href":"https:\/\/www.p31noticias.com.br\/index.php?rest_route=%2Fwp%2Fv2%2Ftags&post=47489"}],"curies":[{"name":"wp","href":"https:\/\/api.w.org\/{rel}","templated":true}]}}