{"id":47453,"date":"2024-04-17T21:29:45","date_gmt":"2024-04-18T00:29:45","guid":{"rendered":"https:\/\/p31noticias.com.br\/eventos-esportivos-vao-marcar-presenca-no-aniversario-de-brasilia\/"},"modified":"2024-04-17T21:29:45","modified_gmt":"2024-04-18T00:29:45","slug":"eventos-esportivos-vao-marcar-presenca-no-aniversario-de-brasilia","status":"publish","type":"post","link":"https:\/\/www.p31noticias.com.br\/?p=47453","title":{"rendered":"Eventos esportivos v\u00e3o marcar presen\u00e7a no anivers\u00e1rio de Bras\u00edlia\u00a0"},"content":{"rendered":"<p>Pelos quatro cantos de Bras\u00edlia, al\u00e9m de muito verde, \u00e9 poss\u00edvel observar muita gente praticando atividades f\u00edsicas, que v\u00e3o desde a caminhada at\u00e9 o stand up paddle, no Lago Parano\u00e1. Assim, a Secretaria de Esporte e Lazer do DF (SEL) mant\u00e9m a tradi\u00e7\u00e3o de apoiar e promover eventos esportivos, em especial no anivers\u00e1rio da cidade, [\u2026]<\/p>\n<p>O post <a href=\"https:\/\/www.delioandrade.com.br\/eventos-esportivos-vao-marcar-presenca-no-aniversario-de-brasilia\/\">Eventos esportivos v\u00e3o marcar presen\u00e7a no anivers\u00e1rio de Bras\u00edlia\u00a0<\/a> apareceu primeiro em <a href=\"https:\/\/www.delioandrade.com.br\/\">Blog do D\u00c9LIO ANDRADE<\/a>.<\/p>\n","protected":false},"excerpt":{"rendered":"<p>Pelos quatro cantos de Bras\u00edlia, al\u00e9m de muito verde, \u00e9 poss\u00edvel observar muita gente praticando atividades f\u00edsicas, que v\u00e3o desde a caminhada at\u00e9 o stand up paddle, no Lago Parano\u00e1. Assim, a Secretaria de Esporte e Lazer do DF (SEL) mant\u00e9m a tradi\u00e7\u00e3o de apoiar e promover eventos esportivos, em especial no anivers\u00e1rio da cidade, [&hellip;]<\/p>\n","protected":false},"author":0,"featured_media":47454,"comment_status":"open","ping_status":"open","sticky":false,"template":"","format":"standard","meta":{"footnotes":""},"categories":[21],"tags":[],"class_list":{"0":"post-47453","1":"post","2":"type-post","3":"status-publish","4":"format-standard","5":"has-post-thumbnail","7":"category-brasilia"},"yoast_head":"<!-- This site is optimized with the Yoast SEO Premium plugin v24.5 (Yoast SEO v27.5) - https:\/\/yoast.com\/product\/yoast-seo-premium-wordpress\/ -->\n<title>Eventos esportivos v\u00e3o marcar presen\u00e7a no anivers\u00e1rio de Bras\u00edlia\u00a0 - P31<\/title>\n<meta name=\"robots\" content=\"index, follow, max-snippet:-1, max-image-preview:large, max-video-preview:-1\" \/>\n<link rel=\"canonical\" href=\"https:\/\/www.p31noticias.com.br\/?p=47453\" \/>\n<meta property=\"og:locale\" content=\"pt_BR\" \/>\n<meta property=\"og:type\" content=\"article\" \/>\n<meta property=\"og:title\" content=\"Eventos esportivos v\u00e3o marcar presen\u00e7a no anivers\u00e1rio de Bras\u00edlia\u00a0\" \/>\n<meta property=\"og:description\" content=\"Pelos quatro cantos de Bras\u00edlia, al\u00e9m de muito verde, \u00e9 poss\u00edvel observar muita gente praticando atividades f\u00edsicas, que v\u00e3o desde a caminhada at\u00e9 o stand up paddle, no Lago Parano\u00e1. Assim, a Secretaria de Esporte e Lazer do DF (SEL) mant\u00e9m a tradi\u00e7\u00e3o de apoiar e promover eventos esportivos, em especial no anivers\u00e1rio da cidade, [&hellip;]\" \/>\n<meta property=\"og:url\" content=\"https:\/\/www.p31noticias.com.br\/?p=47453\" \/>\n<meta property=\"og:site_name\" content=\"P31\" \/>\n<meta property=\"article:published_time\" content=\"2024-04-18T00:29:45+00:00\" \/>\n<meta property=\"og:image\" content=\"https:\/\/www.p31noticias.com.br\/wp-content\/uploads\/2024\/04\/NIVER-BSB-BANNER-1-LyL9lP-150x150-kiKidH.png\" \/>\n\t<meta property=\"og:image:width\" content=\"150\" \/>\n\t<meta property=\"og:image:height\" content=\"150\" \/>\n\t<meta property=\"og:image:type\" content=\"image\/png\" \/>\n<meta name=\"twitter:card\" content=\"summary_large_image\" \/>\n<script type=\"application\/ld+json\" class=\"yoast-schema-graph\">{\"@context\":\"https:\\\/\\\/schema.org\",\"@graph\":[{\"@type\":\"Article\",\"@id\":\"https:\\\/\\\/www.p31noticias.com.br\\\/?p=47453#article\",\"isPartOf\":{\"@id\":\"https:\\\/\\\/www.p31noticias.com.br\\\/?p=47453\"},\"author\":{\"name\":\"\",\"@id\":\"\"},\"headline\":\"Eventos esportivos v\u00e3o marcar presen\u00e7a no anivers\u00e1rio de Bras\u00edlia\u00a0\",\"datePublished\":\"2024-04-18T00:29:45+00:00\",\"mainEntityOfPage\":{\"@id\":\"https:\\\/\\\/www.p31noticias.com.br\\\/?p=47453\"},\"wordCount\":98,\"commentCount\":0,\"image\":{\"@id\":\"https:\\\/\\\/www.p31noticias.com.br\\\/?p=47453#primaryimage\"},\"thumbnailUrl\":\"https:\\\/\\\/www.p31noticias.com.br\\\/wp-content\\\/uploads\\\/2024\\\/04\\\/NIVER-BSB-BANNER-1-LyL9lP-150x150-kiKidH.png\",\"articleSection\":[\"Bras\u00edlia\"],\"inLanguage\":\"pt-BR\",\"potentialAction\":[{\"@type\":\"CommentAction\",\"name\":\"Comment\",\"target\":[\"https:\\\/\\\/www.p31noticias.com.br\\\/?p=47453#respond\"]}],\"copyrightYear\":\"2024\",\"copyrightHolder\":{\"@id\":\"https:\\\/\\\/www.p31noticias.com.br\\\/#organization\"}},{\"@type\":\"WebPage\",\"@id\":\"https:\\\/\\\/www.p31noticias.com.br\\\/?p=47453\",\"url\":\"https:\\\/\\\/www.p31noticias.com.br\\\/?p=47453\",\"name\":\"Eventos esportivos v\u00e3o marcar presen\u00e7a no anivers\u00e1rio de Bras\u00edlia\u00a0 - P31\",\"isPartOf\":{\"@id\":\"https:\\\/\\\/www.p31noticias.com.br\\\/#website\"},\"primaryImageOfPage\":{\"@id\":\"https:\\\/\\\/www.p31noticias.com.br\\\/?p=47453#primaryimage\"},\"image\":{\"@id\":\"https:\\\/\\\/www.p31noticias.com.br\\\/?p=47453#primaryimage\"},\"thumbnailUrl\":\"https:\\\/\\\/www.p31noticias.com.br\\\/wp-content\\\/uploads\\\/2024\\\/04\\\/NIVER-BSB-BANNER-1-LyL9lP-150x150-kiKidH.png\",\"datePublished\":\"2024-04-18T00:29:45+00:00\",\"author\":{\"@id\":\"\"},\"breadcrumb\":{\"@id\":\"https:\\\/\\\/www.p31noticias.com.br\\\/?p=47453#breadcrumb\"},\"inLanguage\":\"pt-BR\",\"potentialAction\":[{\"@type\":\"ReadAction\",\"target\":[\"https:\\\/\\\/www.p31noticias.com.br\\\/?p=47453\"]}]},{\"@type\":\"ImageObject\",\"inLanguage\":\"pt-BR\",\"@id\":\"https:\\\/\\\/www.p31noticias.com.br\\\/?p=47453#primaryimage\",\"url\":\"https:\\\/\\\/www.p31noticias.com.br\\\/wp-content\\\/uploads\\\/2024\\\/04\\\/NIVER-BSB-BANNER-1-LyL9lP-150x150-kiKidH.png\",\"contentUrl\":\"https:\\\/\\\/www.p31noticias.com.br\\\/wp-content\\\/uploads\\\/2024\\\/04\\\/NIVER-BSB-BANNER-1-LyL9lP-150x150-kiKidH.png\",\"width\":150,\"height\":150},{\"@type\":\"BreadcrumbList\",\"@id\":\"https:\\\/\\\/www.p31noticias.com.br\\\/?p=47453#breadcrumb\",\"itemListElement\":[{\"@type\":\"ListItem\",\"position\":1,\"name\":\"In\u00edcio\",\"item\":\"https:\\\/\\\/www.p31noticias.com.br\\\/\"},{\"@type\":\"ListItem\",\"position\":2,\"name\":\"Eventos esportivos v\u00e3o marcar presen\u00e7a no anivers\u00e1rio de Bras\u00edlia\u00a0\"}]},{\"@type\":\"WebSite\",\"@id\":\"https:\\\/\\\/www.p31noticias.com.br\\\/#website\",\"url\":\"https:\\\/\\\/www.p31noticias.com.br\\\/\",\"name\":\"P31\",\"description\":\"NOT\u00cdCIAS\",\"potentialAction\":[{\"@type\":\"SearchAction\",\"target\":{\"@type\":\"EntryPoint\",\"urlTemplate\":\"https:\\\/\\\/www.p31noticias.com.br\\\/?s={search_term_string}\"},\"query-input\":{\"@type\":\"PropertyValueSpecification\",\"valueRequired\":true,\"valueName\":\"search_term_string\"}}],\"inLanguage\":\"pt-BR\"}]}<\/script>\n<!-- \/ Yoast SEO Premium plugin. -->","yoast_head_json":{"title":"Eventos esportivos v\u00e3o marcar presen\u00e7a no anivers\u00e1rio de Bras\u00edlia\u00a0 - P31","robots":{"index":"index","follow":"follow","max-snippet":"max-snippet:-1","max-image-preview":"max-image-preview:large","max-video-preview":"max-video-preview:-1"},"canonical":"https:\/\/www.p31noticias.com.br\/?p=47453","og_locale":"pt_BR","og_type":"article","og_title":"Eventos esportivos v\u00e3o marcar presen\u00e7a no anivers\u00e1rio de Bras\u00edlia\u00a0","og_description":"Pelos quatro cantos de Bras\u00edlia, al\u00e9m de muito verde, \u00e9 poss\u00edvel observar muita gente praticando atividades f\u00edsicas, que v\u00e3o desde a caminhada at\u00e9 o stand up paddle, no Lago Parano\u00e1. Assim, a Secretaria de Esporte e Lazer do DF (SEL) mant\u00e9m a tradi\u00e7\u00e3o de apoiar e promover eventos esportivos, em especial no anivers\u00e1rio da cidade, [&hellip;]","og_url":"https:\/\/www.p31noticias.com.br\/?p=47453","og_site_name":"P31","article_published_time":"2024-04-18T00:29:45+00:00","og_image":[{"width":150,"height":150,"url":"https:\/\/www.p31noticias.com.br\/wp-content\/uploads\/2024\/04\/NIVER-BSB-BANNER-1-LyL9lP-150x150-kiKidH.png","type":"image\/png"}],"twitter_card":"summary_large_image","schema":{"@context":"https:\/\/schema.org","@graph":[{"@type":"Article","@id":"https:\/\/www.p31noticias.com.br\/?p=47453#article","isPartOf":{"@id":"https:\/\/www.p31noticias.com.br\/?p=47453"},"author":{"name":"","@id":""},"headline":"Eventos esportivos v\u00e3o marcar presen\u00e7a no anivers\u00e1rio de Bras\u00edlia\u00a0","datePublished":"2024-04-18T00:29:45+00:00","mainEntityOfPage":{"@id":"https:\/\/www.p31noticias.com.br\/?p=47453"},"wordCount":98,"commentCount":0,"image":{"@id":"https:\/\/www.p31noticias.com.br\/?p=47453#primaryimage"},"thumbnailUrl":"https:\/\/www.p31noticias.com.br\/wp-content\/uploads\/2024\/04\/NIVER-BSB-BANNER-1-LyL9lP-150x150-kiKidH.png","articleSection":["Bras\u00edlia"],"inLanguage":"pt-BR","potentialAction":[{"@type":"CommentAction","name":"Comment","target":["https:\/\/www.p31noticias.com.br\/?p=47453#respond"]}],"copyrightYear":"2024","copyrightHolder":{"@id":"https:\/\/www.p31noticias.com.br\/#organization"}},{"@type":"WebPage","@id":"https:\/\/www.p31noticias.com.br\/?p=47453","url":"https:\/\/www.p31noticias.com.br\/?p=47453","name":"Eventos esportivos v\u00e3o marcar presen\u00e7a no anivers\u00e1rio de Bras\u00edlia\u00a0 - P31","isPartOf":{"@id":"https:\/\/www.p31noticias.com.br\/#website"},"primaryImageOfPage":{"@id":"https:\/\/www.p31noticias.com.br\/?p=47453#primaryimage"},"image":{"@id":"https:\/\/www.p31noticias.com.br\/?p=47453#primaryimage"},"thumbnailUrl":"https:\/\/www.p31noticias.com.br\/wp-content\/uploads\/2024\/04\/NIVER-BSB-BANNER-1-LyL9lP-150x150-kiKidH.png","datePublished":"2024-04-18T00:29:45+00:00","author":{"@id":""},"breadcrumb":{"@id":"https:\/\/www.p31noticias.com.br\/?p=47453#breadcrumb"},"inLanguage":"pt-BR","potentialAction":[{"@type":"ReadAction","target":["https:\/\/www.p31noticias.com.br\/?p=47453"]}]},{"@type":"ImageObject","inLanguage":"pt-BR","@id":"https:\/\/www.p31noticias.com.br\/?p=47453#primaryimage","url":"https:\/\/www.p31noticias.com.br\/wp-content\/uploads\/2024\/04\/NIVER-BSB-BANNER-1-LyL9lP-150x150-kiKidH.png","contentUrl":"https:\/\/www.p31noticias.com.br\/wp-content\/uploads\/2024\/04\/NIVER-BSB-BANNER-1-LyL9lP-150x150-kiKidH.png","width":150,"height":150},{"@type":"BreadcrumbList","@id":"https:\/\/www.p31noticias.com.br\/?p=47453#breadcrumb","itemListElement":[{"@type":"ListItem","position":1,"name":"In\u00edcio","item":"https:\/\/www.p31noticias.com.br\/"},{"@type":"ListItem","position":2,"name":"Eventos esportivos v\u00e3o marcar presen\u00e7a no anivers\u00e1rio de Bras\u00edlia\u00a0"}]},{"@type":"WebSite","@id":"https:\/\/www.p31noticias.com.br\/#website","url":"https:\/\/www.p31noticias.com.br\/","name":"P31","description":"NOT\u00cdCIAS","potentialAction":[{"@type":"SearchAction","target":{"@type":"EntryPoint","urlTemplate":"https:\/\/www.p31noticias.com.br\/?s={search_term_string}"},"query-input":{"@type":"PropertyValueSpecification","valueRequired":true,"valueName":"search_term_string"}}],"inLanguage":"pt-BR"}]}},"amp_enabled":true,"_links":{"self":[{"href":"https:\/\/www.p31noticias.com.br\/index.php?rest_route=\/wp\/v2\/posts\/47453","targetHints":{"allow":["GET"]}}],"collection":[{"href":"https:\/\/www.p31noticias.com.br\/index.php?rest_route=\/wp\/v2\/posts"}],"about":[{"href":"https:\/\/www.p31noticias.com.br\/index.php?rest_route=\/wp\/v2\/types\/post"}],"replies":[{"embeddable":true,"href":"https:\/\/www.p31noticias.com.br\/index.php?rest_route=%2Fwp%2Fv2%2Fcomments&post=47453"}],"version-history":[{"count":0,"href":"https:\/\/www.p31noticias.com.br\/index.php?rest_route=\/wp\/v2\/posts\/47453\/revisions"}],"wp:featuredmedia":[{"embeddable":true,"href":"https:\/\/www.p31noticias.com.br\/index.php?rest_route=\/wp\/v2\/media\/47454"}],"wp:attachment":[{"href":"https:\/\/www.p31noticias.com.br\/index.php?rest_route=%2Fwp%2Fv2%2Fmedia&parent=47453"}],"wp:term":[{"taxonomy":"category","embeddable":true,"href":"https:\/\/www.p31noticias.com.br\/index.php?rest_route=%2Fwp%2Fv2%2Fcategories&post=47453"},{"taxonomy":"post_tag","embeddable":true,"href":"https:\/\/www.p31noticias.com.br\/index.php?rest_route=%2Fwp%2Fv2%2Ftags&post=47453"}],"curies":[{"name":"wp","href":"https:\/\/api.w.org\/{rel}","templated":true}]}}