{"id":47425,"date":"2024-04-17T19:30:16","date_gmt":"2024-04-17T22:30:16","guid":{"rendered":"https:\/\/p31noticias.com.br\/area-de-descarte-irregular-de-entulho-e-renovada-em-sao-sebastiao\/"},"modified":"2024-04-17T19:30:16","modified_gmt":"2024-04-17T22:30:16","slug":"area-de-descarte-irregular-de-entulho-e-renovada-em-sao-sebastiao","status":"publish","type":"post","link":"https:\/\/www.p31noticias.com.br\/?p=47425","title":{"rendered":"\u00c1rea de descarte irregular de entulho \u00e9 renovada em S\u00e3o Sebasti\u00e3o"},"content":{"rendered":"<p>Nesta quinta-feira (18), \u00e0s 10h, o Servi\u00e7o de Limpeza Urbana (SLU) entregar\u00e1 mais um ponto de descarte irregular restaurado pelo projeto De Cara Nova, que tem como objetivo eliminar os maiores lix\u00f5es do Distrito Federal. De janeiro at\u00e9 o in\u00edcio de mar\u00e7o, o projeto j\u00e1 retirou quase 4 mil toneladas de entulho de locais espalhados [\u2026]<\/p>\n<p>O post <a href=\"https:\/\/www.delioandrade.com.br\/area-de-descarte-irregular-de-entulho-e-renovada-em-sao-sebastiao\/\">\u00c1rea de descarte irregular de entulho \u00e9 renovada em S\u00e3o Sebasti\u00e3o<\/a> apareceu primeiro em <a href=\"https:\/\/www.delioandrade.com.br\/\">Blog do D\u00c9LIO ANDRADE<\/a>.<\/p>\n","protected":false},"excerpt":{"rendered":"<p>Nesta quinta-feira (18), \u00e0s 10h, o Servi\u00e7o de Limpeza Urbana (SLU) entregar\u00e1 mais um ponto de descarte irregular restaurado pelo projeto De Cara Nova, que tem como objetivo eliminar os maiores lix\u00f5es do Distrito Federal. De janeiro at\u00e9 o in\u00edcio de mar\u00e7o, o projeto j\u00e1 retirou quase 4 mil toneladas de entulho de locais espalhados [&hellip;]<\/p>\n","protected":false},"author":0,"featured_media":47426,"comment_status":"open","ping_status":"open","sticky":false,"template":"","format":"standard","meta":{"footnotes":""},"categories":[21],"tags":[],"class_list":{"0":"post-47425","1":"post","2":"type-post","3":"status-publish","4":"format-standard","5":"has-post-thumbnail","7":"category-brasilia"},"yoast_head":"<!-- This site is optimized with the Yoast SEO Premium plugin v24.5 (Yoast SEO v27.4) - https:\/\/yoast.com\/product\/yoast-seo-premium-wordpress\/ -->\n<title>\u00c1rea de descarte irregular de entulho \u00e9 renovada em S\u00e3o Sebasti\u00e3o - P31<\/title>\n<meta name=\"robots\" content=\"index, follow, max-snippet:-1, max-image-preview:large, max-video-preview:-1\" \/>\n<link rel=\"canonical\" href=\"https:\/\/www.p31noticias.com.br\/?p=47425\" \/>\n<meta property=\"og:locale\" content=\"pt_BR\" \/>\n<meta property=\"og:type\" content=\"article\" \/>\n<meta property=\"og:title\" content=\"\u00c1rea de descarte irregular de entulho \u00e9 renovada em S\u00e3o Sebasti\u00e3o\" \/>\n<meta property=\"og:description\" content=\"Nesta quinta-feira (18), \u00e0s 10h, o Servi\u00e7o de Limpeza Urbana (SLU) entregar\u00e1 mais um ponto de descarte irregular restaurado pelo projeto De Cara Nova, que tem como objetivo eliminar os maiores lix\u00f5es do Distrito Federal. De janeiro at\u00e9 o in\u00edcio de mar\u00e7o, o projeto j\u00e1 retirou quase 4 mil toneladas de entulho de locais espalhados [&hellip;]\" \/>\n<meta property=\"og:url\" content=\"https:\/\/www.p31noticias.com.br\/?p=47425\" \/>\n<meta property=\"og:site_name\" content=\"P31\" \/>\n<meta property=\"article:published_time\" content=\"2024-04-17T22:30:16+00:00\" \/>\n<meta property=\"og:image\" content=\"https:\/\/www.p31noticias.com.br\/wp-content\/uploads\/2024\/04\/Paulo-H.-Carvalho-Agencia-Brasilia-1-WjF1GQ-150x150-BDqwjR.jpeg\" \/>\n\t<meta property=\"og:image:width\" content=\"150\" \/>\n\t<meta property=\"og:image:height\" content=\"150\" \/>\n\t<meta property=\"og:image:type\" content=\"image\/jpeg\" \/>\n<meta name=\"twitter:card\" content=\"summary_large_image\" \/>\n<script type=\"application\/ld+json\" class=\"yoast-schema-graph\">{\"@context\":\"https:\\\/\\\/schema.org\",\"@graph\":[{\"@type\":\"Article\",\"@id\":\"https:\\\/\\\/www.p31noticias.com.br\\\/?p=47425#article\",\"isPartOf\":{\"@id\":\"https:\\\/\\\/www.p31noticias.com.br\\\/?p=47425\"},\"author\":{\"name\":\"\",\"@id\":\"\"},\"headline\":\"\u00c1rea de descarte irregular de entulho \u00e9 renovada em S\u00e3o Sebasti\u00e3o\",\"datePublished\":\"2024-04-17T22:30:16+00:00\",\"mainEntityOfPage\":{\"@id\":\"https:\\\/\\\/www.p31noticias.com.br\\\/?p=47425\"},\"wordCount\":91,\"commentCount\":0,\"image\":{\"@id\":\"https:\\\/\\\/www.p31noticias.com.br\\\/?p=47425#primaryimage\"},\"thumbnailUrl\":\"https:\\\/\\\/www.p31noticias.com.br\\\/wp-content\\\/uploads\\\/2024\\\/04\\\/Paulo-H.-Carvalho-Agencia-Brasilia-1-WjF1GQ-150x150-BDqwjR.jpeg\",\"articleSection\":[\"Bras\u00edlia\"],\"inLanguage\":\"pt-BR\",\"potentialAction\":[{\"@type\":\"CommentAction\",\"name\":\"Comment\",\"target\":[\"https:\\\/\\\/www.p31noticias.com.br\\\/?p=47425#respond\"]}],\"copyrightYear\":\"2024\",\"copyrightHolder\":{\"@id\":\"https:\\\/\\\/www.p31noticias.com.br\\\/#organization\"}},{\"@type\":\"WebPage\",\"@id\":\"https:\\\/\\\/www.p31noticias.com.br\\\/?p=47425\",\"url\":\"https:\\\/\\\/www.p31noticias.com.br\\\/?p=47425\",\"name\":\"\u00c1rea de descarte irregular de entulho \u00e9 renovada em S\u00e3o Sebasti\u00e3o - P31\",\"isPartOf\":{\"@id\":\"https:\\\/\\\/www.p31noticias.com.br\\\/#website\"},\"primaryImageOfPage\":{\"@id\":\"https:\\\/\\\/www.p31noticias.com.br\\\/?p=47425#primaryimage\"},\"image\":{\"@id\":\"https:\\\/\\\/www.p31noticias.com.br\\\/?p=47425#primaryimage\"},\"thumbnailUrl\":\"https:\\\/\\\/www.p31noticias.com.br\\\/wp-content\\\/uploads\\\/2024\\\/04\\\/Paulo-H.-Carvalho-Agencia-Brasilia-1-WjF1GQ-150x150-BDqwjR.jpeg\",\"datePublished\":\"2024-04-17T22:30:16+00:00\",\"author\":{\"@id\":\"\"},\"breadcrumb\":{\"@id\":\"https:\\\/\\\/www.p31noticias.com.br\\\/?p=47425#breadcrumb\"},\"inLanguage\":\"pt-BR\",\"potentialAction\":[{\"@type\":\"ReadAction\",\"target\":[\"https:\\\/\\\/www.p31noticias.com.br\\\/?p=47425\"]}]},{\"@type\":\"ImageObject\",\"inLanguage\":\"pt-BR\",\"@id\":\"https:\\\/\\\/www.p31noticias.com.br\\\/?p=47425#primaryimage\",\"url\":\"https:\\\/\\\/www.p31noticias.com.br\\\/wp-content\\\/uploads\\\/2024\\\/04\\\/Paulo-H.-Carvalho-Agencia-Brasilia-1-WjF1GQ-150x150-BDqwjR.jpeg\",\"contentUrl\":\"https:\\\/\\\/www.p31noticias.com.br\\\/wp-content\\\/uploads\\\/2024\\\/04\\\/Paulo-H.-Carvalho-Agencia-Brasilia-1-WjF1GQ-150x150-BDqwjR.jpeg\",\"width\":150,\"height\":150},{\"@type\":\"BreadcrumbList\",\"@id\":\"https:\\\/\\\/www.p31noticias.com.br\\\/?p=47425#breadcrumb\",\"itemListElement\":[{\"@type\":\"ListItem\",\"position\":1,\"name\":\"In\u00edcio\",\"item\":\"https:\\\/\\\/www.p31noticias.com.br\\\/\"},{\"@type\":\"ListItem\",\"position\":2,\"name\":\"\u00c1rea de descarte irregular de entulho \u00e9 renovada em S\u00e3o Sebasti\u00e3o\"}]},{\"@type\":\"WebSite\",\"@id\":\"https:\\\/\\\/www.p31noticias.com.br\\\/#website\",\"url\":\"https:\\\/\\\/www.p31noticias.com.br\\\/\",\"name\":\"P31\",\"description\":\"NOT\u00cdCIAS\",\"potentialAction\":[{\"@type\":\"SearchAction\",\"target\":{\"@type\":\"EntryPoint\",\"urlTemplate\":\"https:\\\/\\\/www.p31noticias.com.br\\\/?s={search_term_string}\"},\"query-input\":{\"@type\":\"PropertyValueSpecification\",\"valueRequired\":true,\"valueName\":\"search_term_string\"}}],\"inLanguage\":\"pt-BR\"}]}<\/script>\n<!-- \/ Yoast SEO Premium plugin. -->","yoast_head_json":{"title":"\u00c1rea de descarte irregular de entulho \u00e9 renovada em S\u00e3o Sebasti\u00e3o - P31","robots":{"index":"index","follow":"follow","max-snippet":"max-snippet:-1","max-image-preview":"max-image-preview:large","max-video-preview":"max-video-preview:-1"},"canonical":"https:\/\/www.p31noticias.com.br\/?p=47425","og_locale":"pt_BR","og_type":"article","og_title":"\u00c1rea de descarte irregular de entulho \u00e9 renovada em S\u00e3o Sebasti\u00e3o","og_description":"Nesta quinta-feira (18), \u00e0s 10h, o Servi\u00e7o de Limpeza Urbana (SLU) entregar\u00e1 mais um ponto de descarte irregular restaurado pelo projeto De Cara Nova, que tem como objetivo eliminar os maiores lix\u00f5es do Distrito Federal. De janeiro at\u00e9 o in\u00edcio de mar\u00e7o, o projeto j\u00e1 retirou quase 4 mil toneladas de entulho de locais espalhados [&hellip;]","og_url":"https:\/\/www.p31noticias.com.br\/?p=47425","og_site_name":"P31","article_published_time":"2024-04-17T22:30:16+00:00","og_image":[{"width":150,"height":150,"url":"https:\/\/www.p31noticias.com.br\/wp-content\/uploads\/2024\/04\/Paulo-H.-Carvalho-Agencia-Brasilia-1-WjF1GQ-150x150-BDqwjR.jpeg","type":"image\/jpeg"}],"twitter_card":"summary_large_image","schema":{"@context":"https:\/\/schema.org","@graph":[{"@type":"Article","@id":"https:\/\/www.p31noticias.com.br\/?p=47425#article","isPartOf":{"@id":"https:\/\/www.p31noticias.com.br\/?p=47425"},"author":{"name":"","@id":""},"headline":"\u00c1rea de descarte irregular de entulho \u00e9 renovada em S\u00e3o Sebasti\u00e3o","datePublished":"2024-04-17T22:30:16+00:00","mainEntityOfPage":{"@id":"https:\/\/www.p31noticias.com.br\/?p=47425"},"wordCount":91,"commentCount":0,"image":{"@id":"https:\/\/www.p31noticias.com.br\/?p=47425#primaryimage"},"thumbnailUrl":"https:\/\/www.p31noticias.com.br\/wp-content\/uploads\/2024\/04\/Paulo-H.-Carvalho-Agencia-Brasilia-1-WjF1GQ-150x150-BDqwjR.jpeg","articleSection":["Bras\u00edlia"],"inLanguage":"pt-BR","potentialAction":[{"@type":"CommentAction","name":"Comment","target":["https:\/\/www.p31noticias.com.br\/?p=47425#respond"]}],"copyrightYear":"2024","copyrightHolder":{"@id":"https:\/\/www.p31noticias.com.br\/#organization"}},{"@type":"WebPage","@id":"https:\/\/www.p31noticias.com.br\/?p=47425","url":"https:\/\/www.p31noticias.com.br\/?p=47425","name":"\u00c1rea de descarte irregular de entulho \u00e9 renovada em S\u00e3o Sebasti\u00e3o - P31","isPartOf":{"@id":"https:\/\/www.p31noticias.com.br\/#website"},"primaryImageOfPage":{"@id":"https:\/\/www.p31noticias.com.br\/?p=47425#primaryimage"},"image":{"@id":"https:\/\/www.p31noticias.com.br\/?p=47425#primaryimage"},"thumbnailUrl":"https:\/\/www.p31noticias.com.br\/wp-content\/uploads\/2024\/04\/Paulo-H.-Carvalho-Agencia-Brasilia-1-WjF1GQ-150x150-BDqwjR.jpeg","datePublished":"2024-04-17T22:30:16+00:00","author":{"@id":""},"breadcrumb":{"@id":"https:\/\/www.p31noticias.com.br\/?p=47425#breadcrumb"},"inLanguage":"pt-BR","potentialAction":[{"@type":"ReadAction","target":["https:\/\/www.p31noticias.com.br\/?p=47425"]}]},{"@type":"ImageObject","inLanguage":"pt-BR","@id":"https:\/\/www.p31noticias.com.br\/?p=47425#primaryimage","url":"https:\/\/www.p31noticias.com.br\/wp-content\/uploads\/2024\/04\/Paulo-H.-Carvalho-Agencia-Brasilia-1-WjF1GQ-150x150-BDqwjR.jpeg","contentUrl":"https:\/\/www.p31noticias.com.br\/wp-content\/uploads\/2024\/04\/Paulo-H.-Carvalho-Agencia-Brasilia-1-WjF1GQ-150x150-BDqwjR.jpeg","width":150,"height":150},{"@type":"BreadcrumbList","@id":"https:\/\/www.p31noticias.com.br\/?p=47425#breadcrumb","itemListElement":[{"@type":"ListItem","position":1,"name":"In\u00edcio","item":"https:\/\/www.p31noticias.com.br\/"},{"@type":"ListItem","position":2,"name":"\u00c1rea de descarte irregular de entulho \u00e9 renovada em S\u00e3o Sebasti\u00e3o"}]},{"@type":"WebSite","@id":"https:\/\/www.p31noticias.com.br\/#website","url":"https:\/\/www.p31noticias.com.br\/","name":"P31","description":"NOT\u00cdCIAS","potentialAction":[{"@type":"SearchAction","target":{"@type":"EntryPoint","urlTemplate":"https:\/\/www.p31noticias.com.br\/?s={search_term_string}"},"query-input":{"@type":"PropertyValueSpecification","valueRequired":true,"valueName":"search_term_string"}}],"inLanguage":"pt-BR"}]}},"amp_enabled":true,"_links":{"self":[{"href":"https:\/\/www.p31noticias.com.br\/index.php?rest_route=\/wp\/v2\/posts\/47425","targetHints":{"allow":["GET"]}}],"collection":[{"href":"https:\/\/www.p31noticias.com.br\/index.php?rest_route=\/wp\/v2\/posts"}],"about":[{"href":"https:\/\/www.p31noticias.com.br\/index.php?rest_route=\/wp\/v2\/types\/post"}],"replies":[{"embeddable":true,"href":"https:\/\/www.p31noticias.com.br\/index.php?rest_route=%2Fwp%2Fv2%2Fcomments&post=47425"}],"version-history":[{"count":0,"href":"https:\/\/www.p31noticias.com.br\/index.php?rest_route=\/wp\/v2\/posts\/47425\/revisions"}],"wp:featuredmedia":[{"embeddable":true,"href":"https:\/\/www.p31noticias.com.br\/index.php?rest_route=\/wp\/v2\/media\/47426"}],"wp:attachment":[{"href":"https:\/\/www.p31noticias.com.br\/index.php?rest_route=%2Fwp%2Fv2%2Fmedia&parent=47425"}],"wp:term":[{"taxonomy":"category","embeddable":true,"href":"https:\/\/www.p31noticias.com.br\/index.php?rest_route=%2Fwp%2Fv2%2Fcategories&post=47425"},{"taxonomy":"post_tag","embeddable":true,"href":"https:\/\/www.p31noticias.com.br\/index.php?rest_route=%2Fwp%2Fv2%2Ftags&post=47425"}],"curies":[{"name":"wp","href":"https:\/\/api.w.org\/{rel}","templated":true}]}}