{"id":47404,"date":"2024-04-17T18:29:46","date_gmt":"2024-04-17T21:29:46","guid":{"rendered":"https:\/\/p31noticias.com.br\/governo-deve-anunciar-novas-demarcacoes-mas-segue-lento-em-avancar-com-politica-indigena\/"},"modified":"2024-04-17T18:29:46","modified_gmt":"2024-04-17T21:29:46","slug":"governo-deve-anunciar-novas-demarcacoes-mas-segue-lento-em-avancar-com-politica-indigena","status":"publish","type":"post","link":"https:\/\/www.p31noticias.com.br\/?p=47404","title":{"rendered":"Governo deve anunciar novas demarca\u00e7\u00f5es, mas segue lento em avan\u00e7ar com pol\u00edtica ind\u00edgena"},"content":{"rendered":"<p>Bras\u00edlia \u2013 Quando o cacique Raoni Metuktire subiu a rampa do Pal\u00e1cio do Planalto ao lado do presidente eleito Luiz In\u00e1cio Lula da Silva, no dia 1\u00ba de janeiro de 2023, o governo dava um recado claro sobre o espa\u00e7o que os povos ind\u00edgenas passariam a ocupar na gest\u00e3o federal. Depois de quatro anos de [\u2026]<\/p>\n<p>O post <a href=\"https:\/\/www.delioandrade.com.br\/governo-deve-anunciar-novas-demarcacoes-mas-segue-lento-em-avancar-com-politica-indigena\/\">Governo deve anunciar novas demarca\u00e7\u00f5es, mas segue lento em avan\u00e7ar com pol\u00edtica ind\u00edgena<\/a> apareceu primeiro em <a href=\"https:\/\/www.delioandrade.com.br\/\">Blog do D\u00c9LIO ANDRADE<\/a>.<\/p>\n","protected":false},"excerpt":{"rendered":"<p>Bras\u00edlia \u2013 Quando o cacique Raoni Metuktire subiu a rampa do Pal\u00e1cio do Planalto ao lado do presidente eleito Luiz In\u00e1cio Lula da Silva, no dia 1\u00ba de janeiro de 2023, o governo dava um recado claro sobre o espa\u00e7o que os povos ind\u00edgenas passariam a ocupar na gest\u00e3o federal. Depois de quatro anos de [&hellip;]<\/p>\n","protected":false},"author":0,"featured_media":47405,"comment_status":"open","ping_status":"open","sticky":false,"template":"","format":"standard","meta":{"footnotes":""},"categories":[21],"tags":[],"class_list":{"0":"post-47404","1":"post","2":"type-post","3":"status-publish","4":"format-standard","5":"has-post-thumbnail","7":"category-brasilia"},"yoast_head":"<!-- This site is optimized with the Yoast SEO Premium plugin v24.5 (Yoast SEO v27.4) - https:\/\/yoast.com\/product\/yoast-seo-premium-wordpress\/ -->\n<title>Governo deve anunciar novas demarca\u00e7\u00f5es, mas segue lento em avan\u00e7ar com pol\u00edtica ind\u00edgena - P31<\/title>\n<meta name=\"robots\" content=\"index, follow, max-snippet:-1, max-image-preview:large, max-video-preview:-1\" \/>\n<link rel=\"canonical\" href=\"https:\/\/www.p31noticias.com.br\/?p=47404\" \/>\n<meta property=\"og:locale\" content=\"pt_BR\" \/>\n<meta property=\"og:type\" content=\"article\" \/>\n<meta property=\"og:title\" content=\"Governo deve anunciar novas demarca\u00e7\u00f5es, mas segue lento em avan\u00e7ar com pol\u00edtica ind\u00edgena\" \/>\n<meta property=\"og:description\" content=\"Bras\u00edlia \u2013 Quando o cacique Raoni Metuktire subiu a rampa do Pal\u00e1cio do Planalto ao lado do presidente eleito Luiz In\u00e1cio Lula da Silva, no dia 1\u00ba de janeiro de 2023, o governo dava um recado claro sobre o espa\u00e7o que os povos ind\u00edgenas passariam a ocupar na gest\u00e3o federal. Depois de quatro anos de [&hellip;]\" \/>\n<meta property=\"og:url\" content=\"https:\/\/www.p31noticias.com.br\/?p=47404\" \/>\n<meta property=\"og:site_name\" content=\"P31\" \/>\n<meta property=\"article:published_time\" content=\"2024-04-17T21:29:46+00:00\" \/>\n<meta property=\"og:image\" content=\"https:\/\/www.p31noticias.com.br\/wp-content\/uploads\/2024\/04\/Capa-alt_Governo-deve-anunciar-novas-demarcacoes-mas-segue-lento-em-avancar-com-politica-indigena-yhR1pU-150x150-xhhXIK.jpeg\" \/>\n\t<meta property=\"og:image:width\" content=\"150\" \/>\n\t<meta property=\"og:image:height\" content=\"150\" \/>\n\t<meta property=\"og:image:type\" content=\"image\/jpeg\" \/>\n<meta name=\"twitter:card\" content=\"summary_large_image\" \/>\n<script type=\"application\/ld+json\" class=\"yoast-schema-graph\">{\"@context\":\"https:\\\/\\\/schema.org\",\"@graph\":[{\"@type\":\"Article\",\"@id\":\"https:\\\/\\\/www.p31noticias.com.br\\\/?p=47404#article\",\"isPartOf\":{\"@id\":\"https:\\\/\\\/www.p31noticias.com.br\\\/?p=47404\"},\"author\":{\"name\":\"\",\"@id\":\"\"},\"headline\":\"Governo deve anunciar novas demarca\u00e7\u00f5es, mas segue lento em avan\u00e7ar com pol\u00edtica ind\u00edgena\",\"datePublished\":\"2024-04-17T21:29:46+00:00\",\"mainEntityOfPage\":{\"@id\":\"https:\\\/\\\/www.p31noticias.com.br\\\/?p=47404\"},\"wordCount\":102,\"commentCount\":0,\"image\":{\"@id\":\"https:\\\/\\\/www.p31noticias.com.br\\\/?p=47404#primaryimage\"},\"thumbnailUrl\":\"https:\\\/\\\/www.p31noticias.com.br\\\/wp-content\\\/uploads\\\/2024\\\/04\\\/Capa-alt_Governo-deve-anunciar-novas-demarcacoes-mas-segue-lento-em-avancar-com-politica-indigena-yhR1pU-150x150-xhhXIK.jpeg\",\"articleSection\":[\"Bras\u00edlia\"],\"inLanguage\":\"pt-BR\",\"potentialAction\":[{\"@type\":\"CommentAction\",\"name\":\"Comment\",\"target\":[\"https:\\\/\\\/www.p31noticias.com.br\\\/?p=47404#respond\"]}],\"copyrightYear\":\"2024\",\"copyrightHolder\":{\"@id\":\"https:\\\/\\\/www.p31noticias.com.br\\\/#organization\"}},{\"@type\":\"WebPage\",\"@id\":\"https:\\\/\\\/www.p31noticias.com.br\\\/?p=47404\",\"url\":\"https:\\\/\\\/www.p31noticias.com.br\\\/?p=47404\",\"name\":\"Governo deve anunciar novas demarca\u00e7\u00f5es, mas segue lento em avan\u00e7ar com pol\u00edtica ind\u00edgena - P31\",\"isPartOf\":{\"@id\":\"https:\\\/\\\/www.p31noticias.com.br\\\/#website\"},\"primaryImageOfPage\":{\"@id\":\"https:\\\/\\\/www.p31noticias.com.br\\\/?p=47404#primaryimage\"},\"image\":{\"@id\":\"https:\\\/\\\/www.p31noticias.com.br\\\/?p=47404#primaryimage\"},\"thumbnailUrl\":\"https:\\\/\\\/www.p31noticias.com.br\\\/wp-content\\\/uploads\\\/2024\\\/04\\\/Capa-alt_Governo-deve-anunciar-novas-demarcacoes-mas-segue-lento-em-avancar-com-politica-indigena-yhR1pU-150x150-xhhXIK.jpeg\",\"datePublished\":\"2024-04-17T21:29:46+00:00\",\"author\":{\"@id\":\"\"},\"breadcrumb\":{\"@id\":\"https:\\\/\\\/www.p31noticias.com.br\\\/?p=47404#breadcrumb\"},\"inLanguage\":\"pt-BR\",\"potentialAction\":[{\"@type\":\"ReadAction\",\"target\":[\"https:\\\/\\\/www.p31noticias.com.br\\\/?p=47404\"]}]},{\"@type\":\"ImageObject\",\"inLanguage\":\"pt-BR\",\"@id\":\"https:\\\/\\\/www.p31noticias.com.br\\\/?p=47404#primaryimage\",\"url\":\"https:\\\/\\\/www.p31noticias.com.br\\\/wp-content\\\/uploads\\\/2024\\\/04\\\/Capa-alt_Governo-deve-anunciar-novas-demarcacoes-mas-segue-lento-em-avancar-com-politica-indigena-yhR1pU-150x150-xhhXIK.jpeg\",\"contentUrl\":\"https:\\\/\\\/www.p31noticias.com.br\\\/wp-content\\\/uploads\\\/2024\\\/04\\\/Capa-alt_Governo-deve-anunciar-novas-demarcacoes-mas-segue-lento-em-avancar-com-politica-indigena-yhR1pU-150x150-xhhXIK.jpeg\",\"width\":150,\"height\":150},{\"@type\":\"BreadcrumbList\",\"@id\":\"https:\\\/\\\/www.p31noticias.com.br\\\/?p=47404#breadcrumb\",\"itemListElement\":[{\"@type\":\"ListItem\",\"position\":1,\"name\":\"In\u00edcio\",\"item\":\"https:\\\/\\\/www.p31noticias.com.br\\\/\"},{\"@type\":\"ListItem\",\"position\":2,\"name\":\"Governo deve anunciar novas demarca\u00e7\u00f5es, mas segue lento em avan\u00e7ar com pol\u00edtica ind\u00edgena\"}]},{\"@type\":\"WebSite\",\"@id\":\"https:\\\/\\\/www.p31noticias.com.br\\\/#website\",\"url\":\"https:\\\/\\\/www.p31noticias.com.br\\\/\",\"name\":\"P31\",\"description\":\"NOT\u00cdCIAS\",\"potentialAction\":[{\"@type\":\"SearchAction\",\"target\":{\"@type\":\"EntryPoint\",\"urlTemplate\":\"https:\\\/\\\/www.p31noticias.com.br\\\/?s={search_term_string}\"},\"query-input\":{\"@type\":\"PropertyValueSpecification\",\"valueRequired\":true,\"valueName\":\"search_term_string\"}}],\"inLanguage\":\"pt-BR\"}]}<\/script>\n<!-- \/ Yoast SEO Premium plugin. -->","yoast_head_json":{"title":"Governo deve anunciar novas demarca\u00e7\u00f5es, mas segue lento em avan\u00e7ar com pol\u00edtica ind\u00edgena - P31","robots":{"index":"index","follow":"follow","max-snippet":"max-snippet:-1","max-image-preview":"max-image-preview:large","max-video-preview":"max-video-preview:-1"},"canonical":"https:\/\/www.p31noticias.com.br\/?p=47404","og_locale":"pt_BR","og_type":"article","og_title":"Governo deve anunciar novas demarca\u00e7\u00f5es, mas segue lento em avan\u00e7ar com pol\u00edtica ind\u00edgena","og_description":"Bras\u00edlia \u2013 Quando o cacique Raoni Metuktire subiu a rampa do Pal\u00e1cio do Planalto ao lado do presidente eleito Luiz In\u00e1cio Lula da Silva, no dia 1\u00ba de janeiro de 2023, o governo dava um recado claro sobre o espa\u00e7o que os povos ind\u00edgenas passariam a ocupar na gest\u00e3o federal. Depois de quatro anos de [&hellip;]","og_url":"https:\/\/www.p31noticias.com.br\/?p=47404","og_site_name":"P31","article_published_time":"2024-04-17T21:29:46+00:00","og_image":[{"width":150,"height":150,"url":"https:\/\/www.p31noticias.com.br\/wp-content\/uploads\/2024\/04\/Capa-alt_Governo-deve-anunciar-novas-demarcacoes-mas-segue-lento-em-avancar-com-politica-indigena-yhR1pU-150x150-xhhXIK.jpeg","type":"image\/jpeg"}],"twitter_card":"summary_large_image","schema":{"@context":"https:\/\/schema.org","@graph":[{"@type":"Article","@id":"https:\/\/www.p31noticias.com.br\/?p=47404#article","isPartOf":{"@id":"https:\/\/www.p31noticias.com.br\/?p=47404"},"author":{"name":"","@id":""},"headline":"Governo deve anunciar novas demarca\u00e7\u00f5es, mas segue lento em avan\u00e7ar com pol\u00edtica ind\u00edgena","datePublished":"2024-04-17T21:29:46+00:00","mainEntityOfPage":{"@id":"https:\/\/www.p31noticias.com.br\/?p=47404"},"wordCount":102,"commentCount":0,"image":{"@id":"https:\/\/www.p31noticias.com.br\/?p=47404#primaryimage"},"thumbnailUrl":"https:\/\/www.p31noticias.com.br\/wp-content\/uploads\/2024\/04\/Capa-alt_Governo-deve-anunciar-novas-demarcacoes-mas-segue-lento-em-avancar-com-politica-indigena-yhR1pU-150x150-xhhXIK.jpeg","articleSection":["Bras\u00edlia"],"inLanguage":"pt-BR","potentialAction":[{"@type":"CommentAction","name":"Comment","target":["https:\/\/www.p31noticias.com.br\/?p=47404#respond"]}],"copyrightYear":"2024","copyrightHolder":{"@id":"https:\/\/www.p31noticias.com.br\/#organization"}},{"@type":"WebPage","@id":"https:\/\/www.p31noticias.com.br\/?p=47404","url":"https:\/\/www.p31noticias.com.br\/?p=47404","name":"Governo deve anunciar novas demarca\u00e7\u00f5es, mas segue lento em avan\u00e7ar com pol\u00edtica ind\u00edgena - P31","isPartOf":{"@id":"https:\/\/www.p31noticias.com.br\/#website"},"primaryImageOfPage":{"@id":"https:\/\/www.p31noticias.com.br\/?p=47404#primaryimage"},"image":{"@id":"https:\/\/www.p31noticias.com.br\/?p=47404#primaryimage"},"thumbnailUrl":"https:\/\/www.p31noticias.com.br\/wp-content\/uploads\/2024\/04\/Capa-alt_Governo-deve-anunciar-novas-demarcacoes-mas-segue-lento-em-avancar-com-politica-indigena-yhR1pU-150x150-xhhXIK.jpeg","datePublished":"2024-04-17T21:29:46+00:00","author":{"@id":""},"breadcrumb":{"@id":"https:\/\/www.p31noticias.com.br\/?p=47404#breadcrumb"},"inLanguage":"pt-BR","potentialAction":[{"@type":"ReadAction","target":["https:\/\/www.p31noticias.com.br\/?p=47404"]}]},{"@type":"ImageObject","inLanguage":"pt-BR","@id":"https:\/\/www.p31noticias.com.br\/?p=47404#primaryimage","url":"https:\/\/www.p31noticias.com.br\/wp-content\/uploads\/2024\/04\/Capa-alt_Governo-deve-anunciar-novas-demarcacoes-mas-segue-lento-em-avancar-com-politica-indigena-yhR1pU-150x150-xhhXIK.jpeg","contentUrl":"https:\/\/www.p31noticias.com.br\/wp-content\/uploads\/2024\/04\/Capa-alt_Governo-deve-anunciar-novas-demarcacoes-mas-segue-lento-em-avancar-com-politica-indigena-yhR1pU-150x150-xhhXIK.jpeg","width":150,"height":150},{"@type":"BreadcrumbList","@id":"https:\/\/www.p31noticias.com.br\/?p=47404#breadcrumb","itemListElement":[{"@type":"ListItem","position":1,"name":"In\u00edcio","item":"https:\/\/www.p31noticias.com.br\/"},{"@type":"ListItem","position":2,"name":"Governo deve anunciar novas demarca\u00e7\u00f5es, mas segue lento em avan\u00e7ar com pol\u00edtica ind\u00edgena"}]},{"@type":"WebSite","@id":"https:\/\/www.p31noticias.com.br\/#website","url":"https:\/\/www.p31noticias.com.br\/","name":"P31","description":"NOT\u00cdCIAS","potentialAction":[{"@type":"SearchAction","target":{"@type":"EntryPoint","urlTemplate":"https:\/\/www.p31noticias.com.br\/?s={search_term_string}"},"query-input":{"@type":"PropertyValueSpecification","valueRequired":true,"valueName":"search_term_string"}}],"inLanguage":"pt-BR"}]}},"amp_enabled":true,"_links":{"self":[{"href":"https:\/\/www.p31noticias.com.br\/index.php?rest_route=\/wp\/v2\/posts\/47404","targetHints":{"allow":["GET"]}}],"collection":[{"href":"https:\/\/www.p31noticias.com.br\/index.php?rest_route=\/wp\/v2\/posts"}],"about":[{"href":"https:\/\/www.p31noticias.com.br\/index.php?rest_route=\/wp\/v2\/types\/post"}],"replies":[{"embeddable":true,"href":"https:\/\/www.p31noticias.com.br\/index.php?rest_route=%2Fwp%2Fv2%2Fcomments&post=47404"}],"version-history":[{"count":0,"href":"https:\/\/www.p31noticias.com.br\/index.php?rest_route=\/wp\/v2\/posts\/47404\/revisions"}],"wp:featuredmedia":[{"embeddable":true,"href":"https:\/\/www.p31noticias.com.br\/index.php?rest_route=\/wp\/v2\/media\/47405"}],"wp:attachment":[{"href":"https:\/\/www.p31noticias.com.br\/index.php?rest_route=%2Fwp%2Fv2%2Fmedia&parent=47404"}],"wp:term":[{"taxonomy":"category","embeddable":true,"href":"https:\/\/www.p31noticias.com.br\/index.php?rest_route=%2Fwp%2Fv2%2Fcategories&post=47404"},{"taxonomy":"post_tag","embeddable":true,"href":"https:\/\/www.p31noticias.com.br\/index.php?rest_route=%2Fwp%2Fv2%2Ftags&post=47404"}],"curies":[{"name":"wp","href":"https:\/\/api.w.org\/{rel}","templated":true}]}}