{"id":47392,"date":"2024-04-17T16:29:48","date_gmt":"2024-04-17T19:29:48","guid":{"rendered":"https:\/\/p31noticias.com.br\/dengue-numero-de-novas-infeccoes-cai-mas-df-lidera-em-taxa-de-casos\/"},"modified":"2024-04-17T16:29:48","modified_gmt":"2024-04-17T19:29:48","slug":"dengue-numero-de-novas-infeccoes-cai-mas-df-lidera-em-taxa-de-casos","status":"publish","type":"post","link":"https:\/\/www.p31noticias.com.br\/?p=47392","title":{"rendered":"Dengue: n\u00famero de novas infec\u00e7\u00f5es cai, mas DF lidera em taxa de casos"},"content":{"rendered":"<p>Com mais 14.488 novos casos confirmados \u2013 o que totaliza 224.935 desde o in\u00edcio do ano \u2013, o Distrito Federal continua como a unidade da Federa\u00e7\u00e3o com maior taxa de infec\u00e7\u00f5es prov\u00e1veis por dengue no pa\u00eds: s\u00e3o 7.255 casos para cada grupo de 100 mil habitantes. Quando considerados os 14.540 registros sob investiga\u00e7\u00e3o, de 1\u00ba [\u2026]<\/p>\n<p>O post <a href=\"https:\/\/www.delioandrade.com.br\/dengue-numero-de-novas-infeccoes-cai-mas-df-lidera-em-taxa-de-casos\/\">Dengue: n\u00famero de novas infec\u00e7\u00f5es cai, mas DF lidera em taxa de casos<\/a> apareceu primeiro em <a href=\"https:\/\/www.delioandrade.com.br\/\">Blog do D\u00c9LIO ANDRADE<\/a>.<\/p>\n","protected":false},"excerpt":{"rendered":"<p>Com mais 14.488 novos casos confirmados \u2013 o que totaliza 224.935 desde o in\u00edcio do ano \u2013, o Distrito Federal continua como a unidade da Federa\u00e7\u00e3o com maior taxa de infec\u00e7\u00f5es prov\u00e1veis por dengue no pa\u00eds: s\u00e3o 7.255 casos para cada grupo de 100 mil habitantes. Quando considerados os 14.540 registros sob investiga\u00e7\u00e3o, de 1\u00ba [&hellip;]<\/p>\n","protected":false},"author":0,"featured_media":47393,"comment_status":"open","ping_status":"open","sticky":false,"template":"","format":"standard","meta":{"footnotes":""},"categories":[21],"tags":[],"class_list":{"0":"post-47392","1":"post","2":"type-post","3":"status-publish","4":"format-standard","5":"has-post-thumbnail","7":"category-brasilia"},"yoast_head":"<!-- This site is optimized with the Yoast SEO Premium plugin v24.5 (Yoast SEO v27.4) - https:\/\/yoast.com\/product\/yoast-seo-premium-wordpress\/ -->\n<title>Dengue: n\u00famero de novas infec\u00e7\u00f5es cai, mas DF lidera em taxa de casos - P31<\/title>\n<meta name=\"robots\" content=\"index, follow, max-snippet:-1, max-image-preview:large, max-video-preview:-1\" \/>\n<link rel=\"canonical\" href=\"https:\/\/www.p31noticias.com.br\/?p=47392\" \/>\n<meta property=\"og:locale\" content=\"pt_BR\" \/>\n<meta property=\"og:type\" content=\"article\" \/>\n<meta property=\"og:title\" content=\"Dengue: n\u00famero de novas infec\u00e7\u00f5es cai, mas DF lidera em taxa de casos\" \/>\n<meta property=\"og:description\" content=\"Com mais 14.488 novos casos confirmados \u2013 o que totaliza 224.935 desde o in\u00edcio do ano \u2013, o Distrito Federal continua como a unidade da Federa\u00e7\u00e3o com maior taxa de infec\u00e7\u00f5es prov\u00e1veis por dengue no pa\u00eds: s\u00e3o 7.255 casos para cada grupo de 100 mil habitantes. Quando considerados os 14.540 registros sob investiga\u00e7\u00e3o, de 1\u00ba [&hellip;]\" \/>\n<meta property=\"og:url\" content=\"https:\/\/www.p31noticias.com.br\/?p=47392\" \/>\n<meta property=\"og:site_name\" content=\"P31\" \/>\n<meta property=\"article:published_time\" content=\"2024-04-17T19:29:48+00:00\" \/>\n<meta property=\"og:image\" content=\"https:\/\/www.p31noticias.com.br\/wp-content\/uploads\/2024\/04\/grafico-casos-semana-15-4U3F0o-150x150-dtzMYk.jpeg\" \/>\n\t<meta property=\"og:image:width\" content=\"150\" \/>\n\t<meta property=\"og:image:height\" content=\"150\" \/>\n\t<meta property=\"og:image:type\" content=\"image\/jpeg\" \/>\n<meta name=\"twitter:card\" content=\"summary_large_image\" \/>\n<script type=\"application\/ld+json\" class=\"yoast-schema-graph\">{\"@context\":\"https:\\\/\\\/schema.org\",\"@graph\":[{\"@type\":\"Article\",\"@id\":\"https:\\\/\\\/www.p31noticias.com.br\\\/?p=47392#article\",\"isPartOf\":{\"@id\":\"https:\\\/\\\/www.p31noticias.com.br\\\/?p=47392\"},\"author\":{\"name\":\"\",\"@id\":\"\"},\"headline\":\"Dengue: n\u00famero de novas infec\u00e7\u00f5es cai, mas DF lidera em taxa de casos\",\"datePublished\":\"2024-04-17T19:29:48+00:00\",\"mainEntityOfPage\":{\"@id\":\"https:\\\/\\\/www.p31noticias.com.br\\\/?p=47392\"},\"wordCount\":94,\"commentCount\":0,\"image\":{\"@id\":\"https:\\\/\\\/www.p31noticias.com.br\\\/?p=47392#primaryimage\"},\"thumbnailUrl\":\"https:\\\/\\\/www.p31noticias.com.br\\\/wp-content\\\/uploads\\\/2024\\\/04\\\/grafico-casos-semana-15-4U3F0o-150x150-dtzMYk.jpeg\",\"articleSection\":[\"Bras\u00edlia\"],\"inLanguage\":\"pt-BR\",\"potentialAction\":[{\"@type\":\"CommentAction\",\"name\":\"Comment\",\"target\":[\"https:\\\/\\\/www.p31noticias.com.br\\\/?p=47392#respond\"]}],\"copyrightYear\":\"2024\",\"copyrightHolder\":{\"@id\":\"https:\\\/\\\/www.p31noticias.com.br\\\/#organization\"}},{\"@type\":\"WebPage\",\"@id\":\"https:\\\/\\\/www.p31noticias.com.br\\\/?p=47392\",\"url\":\"https:\\\/\\\/www.p31noticias.com.br\\\/?p=47392\",\"name\":\"Dengue: n\u00famero de novas infec\u00e7\u00f5es cai, mas DF lidera em taxa de casos - P31\",\"isPartOf\":{\"@id\":\"https:\\\/\\\/www.p31noticias.com.br\\\/#website\"},\"primaryImageOfPage\":{\"@id\":\"https:\\\/\\\/www.p31noticias.com.br\\\/?p=47392#primaryimage\"},\"image\":{\"@id\":\"https:\\\/\\\/www.p31noticias.com.br\\\/?p=47392#primaryimage\"},\"thumbnailUrl\":\"https:\\\/\\\/www.p31noticias.com.br\\\/wp-content\\\/uploads\\\/2024\\\/04\\\/grafico-casos-semana-15-4U3F0o-150x150-dtzMYk.jpeg\",\"datePublished\":\"2024-04-17T19:29:48+00:00\",\"author\":{\"@id\":\"\"},\"breadcrumb\":{\"@id\":\"https:\\\/\\\/www.p31noticias.com.br\\\/?p=47392#breadcrumb\"},\"inLanguage\":\"pt-BR\",\"potentialAction\":[{\"@type\":\"ReadAction\",\"target\":[\"https:\\\/\\\/www.p31noticias.com.br\\\/?p=47392\"]}]},{\"@type\":\"ImageObject\",\"inLanguage\":\"pt-BR\",\"@id\":\"https:\\\/\\\/www.p31noticias.com.br\\\/?p=47392#primaryimage\",\"url\":\"https:\\\/\\\/www.p31noticias.com.br\\\/wp-content\\\/uploads\\\/2024\\\/04\\\/grafico-casos-semana-15-4U3F0o-150x150-dtzMYk.jpeg\",\"contentUrl\":\"https:\\\/\\\/www.p31noticias.com.br\\\/wp-content\\\/uploads\\\/2024\\\/04\\\/grafico-casos-semana-15-4U3F0o-150x150-dtzMYk.jpeg\",\"width\":150,\"height\":150},{\"@type\":\"BreadcrumbList\",\"@id\":\"https:\\\/\\\/www.p31noticias.com.br\\\/?p=47392#breadcrumb\",\"itemListElement\":[{\"@type\":\"ListItem\",\"position\":1,\"name\":\"In\u00edcio\",\"item\":\"https:\\\/\\\/www.p31noticias.com.br\\\/\"},{\"@type\":\"ListItem\",\"position\":2,\"name\":\"Dengue: n\u00famero de novas infec\u00e7\u00f5es cai, mas DF lidera em taxa de casos\"}]},{\"@type\":\"WebSite\",\"@id\":\"https:\\\/\\\/www.p31noticias.com.br\\\/#website\",\"url\":\"https:\\\/\\\/www.p31noticias.com.br\\\/\",\"name\":\"P31\",\"description\":\"NOT\u00cdCIAS\",\"potentialAction\":[{\"@type\":\"SearchAction\",\"target\":{\"@type\":\"EntryPoint\",\"urlTemplate\":\"https:\\\/\\\/www.p31noticias.com.br\\\/?s={search_term_string}\"},\"query-input\":{\"@type\":\"PropertyValueSpecification\",\"valueRequired\":true,\"valueName\":\"search_term_string\"}}],\"inLanguage\":\"pt-BR\"}]}<\/script>\n<!-- \/ Yoast SEO Premium plugin. -->","yoast_head_json":{"title":"Dengue: n\u00famero de novas infec\u00e7\u00f5es cai, mas DF lidera em taxa de casos - P31","robots":{"index":"index","follow":"follow","max-snippet":"max-snippet:-1","max-image-preview":"max-image-preview:large","max-video-preview":"max-video-preview:-1"},"canonical":"https:\/\/www.p31noticias.com.br\/?p=47392","og_locale":"pt_BR","og_type":"article","og_title":"Dengue: n\u00famero de novas infec\u00e7\u00f5es cai, mas DF lidera em taxa de casos","og_description":"Com mais 14.488 novos casos confirmados \u2013 o que totaliza 224.935 desde o in\u00edcio do ano \u2013, o Distrito Federal continua como a unidade da Federa\u00e7\u00e3o com maior taxa de infec\u00e7\u00f5es prov\u00e1veis por dengue no pa\u00eds: s\u00e3o 7.255 casos para cada grupo de 100 mil habitantes. Quando considerados os 14.540 registros sob investiga\u00e7\u00e3o, de 1\u00ba [&hellip;]","og_url":"https:\/\/www.p31noticias.com.br\/?p=47392","og_site_name":"P31","article_published_time":"2024-04-17T19:29:48+00:00","og_image":[{"width":150,"height":150,"url":"https:\/\/www.p31noticias.com.br\/wp-content\/uploads\/2024\/04\/grafico-casos-semana-15-4U3F0o-150x150-dtzMYk.jpeg","type":"image\/jpeg"}],"twitter_card":"summary_large_image","schema":{"@context":"https:\/\/schema.org","@graph":[{"@type":"Article","@id":"https:\/\/www.p31noticias.com.br\/?p=47392#article","isPartOf":{"@id":"https:\/\/www.p31noticias.com.br\/?p=47392"},"author":{"name":"","@id":""},"headline":"Dengue: n\u00famero de novas infec\u00e7\u00f5es cai, mas DF lidera em taxa de casos","datePublished":"2024-04-17T19:29:48+00:00","mainEntityOfPage":{"@id":"https:\/\/www.p31noticias.com.br\/?p=47392"},"wordCount":94,"commentCount":0,"image":{"@id":"https:\/\/www.p31noticias.com.br\/?p=47392#primaryimage"},"thumbnailUrl":"https:\/\/www.p31noticias.com.br\/wp-content\/uploads\/2024\/04\/grafico-casos-semana-15-4U3F0o-150x150-dtzMYk.jpeg","articleSection":["Bras\u00edlia"],"inLanguage":"pt-BR","potentialAction":[{"@type":"CommentAction","name":"Comment","target":["https:\/\/www.p31noticias.com.br\/?p=47392#respond"]}],"copyrightYear":"2024","copyrightHolder":{"@id":"https:\/\/www.p31noticias.com.br\/#organization"}},{"@type":"WebPage","@id":"https:\/\/www.p31noticias.com.br\/?p=47392","url":"https:\/\/www.p31noticias.com.br\/?p=47392","name":"Dengue: n\u00famero de novas infec\u00e7\u00f5es cai, mas DF lidera em taxa de casos - P31","isPartOf":{"@id":"https:\/\/www.p31noticias.com.br\/#website"},"primaryImageOfPage":{"@id":"https:\/\/www.p31noticias.com.br\/?p=47392#primaryimage"},"image":{"@id":"https:\/\/www.p31noticias.com.br\/?p=47392#primaryimage"},"thumbnailUrl":"https:\/\/www.p31noticias.com.br\/wp-content\/uploads\/2024\/04\/grafico-casos-semana-15-4U3F0o-150x150-dtzMYk.jpeg","datePublished":"2024-04-17T19:29:48+00:00","author":{"@id":""},"breadcrumb":{"@id":"https:\/\/www.p31noticias.com.br\/?p=47392#breadcrumb"},"inLanguage":"pt-BR","potentialAction":[{"@type":"ReadAction","target":["https:\/\/www.p31noticias.com.br\/?p=47392"]}]},{"@type":"ImageObject","inLanguage":"pt-BR","@id":"https:\/\/www.p31noticias.com.br\/?p=47392#primaryimage","url":"https:\/\/www.p31noticias.com.br\/wp-content\/uploads\/2024\/04\/grafico-casos-semana-15-4U3F0o-150x150-dtzMYk.jpeg","contentUrl":"https:\/\/www.p31noticias.com.br\/wp-content\/uploads\/2024\/04\/grafico-casos-semana-15-4U3F0o-150x150-dtzMYk.jpeg","width":150,"height":150},{"@type":"BreadcrumbList","@id":"https:\/\/www.p31noticias.com.br\/?p=47392#breadcrumb","itemListElement":[{"@type":"ListItem","position":1,"name":"In\u00edcio","item":"https:\/\/www.p31noticias.com.br\/"},{"@type":"ListItem","position":2,"name":"Dengue: n\u00famero de novas infec\u00e7\u00f5es cai, mas DF lidera em taxa de casos"}]},{"@type":"WebSite","@id":"https:\/\/www.p31noticias.com.br\/#website","url":"https:\/\/www.p31noticias.com.br\/","name":"P31","description":"NOT\u00cdCIAS","potentialAction":[{"@type":"SearchAction","target":{"@type":"EntryPoint","urlTemplate":"https:\/\/www.p31noticias.com.br\/?s={search_term_string}"},"query-input":{"@type":"PropertyValueSpecification","valueRequired":true,"valueName":"search_term_string"}}],"inLanguage":"pt-BR"}]}},"amp_enabled":true,"_links":{"self":[{"href":"https:\/\/www.p31noticias.com.br\/index.php?rest_route=\/wp\/v2\/posts\/47392","targetHints":{"allow":["GET"]}}],"collection":[{"href":"https:\/\/www.p31noticias.com.br\/index.php?rest_route=\/wp\/v2\/posts"}],"about":[{"href":"https:\/\/www.p31noticias.com.br\/index.php?rest_route=\/wp\/v2\/types\/post"}],"replies":[{"embeddable":true,"href":"https:\/\/www.p31noticias.com.br\/index.php?rest_route=%2Fwp%2Fv2%2Fcomments&post=47392"}],"version-history":[{"count":0,"href":"https:\/\/www.p31noticias.com.br\/index.php?rest_route=\/wp\/v2\/posts\/47392\/revisions"}],"wp:featuredmedia":[{"embeddable":true,"href":"https:\/\/www.p31noticias.com.br\/index.php?rest_route=\/wp\/v2\/media\/47393"}],"wp:attachment":[{"href":"https:\/\/www.p31noticias.com.br\/index.php?rest_route=%2Fwp%2Fv2%2Fmedia&parent=47392"}],"wp:term":[{"taxonomy":"category","embeddable":true,"href":"https:\/\/www.p31noticias.com.br\/index.php?rest_route=%2Fwp%2Fv2%2Fcategories&post=47392"},{"taxonomy":"post_tag","embeddable":true,"href":"https:\/\/www.p31noticias.com.br\/index.php?rest_route=%2Fwp%2Fv2%2Ftags&post=47392"}],"curies":[{"name":"wp","href":"https:\/\/api.w.org\/{rel}","templated":true}]}}