{"id":47358,"date":"2024-04-17T14:08:47","date_gmt":"2024-04-17T17:08:47","guid":{"rendered":"https:\/\/p31noticias.com.br\/unidades-de-saude-adotam-revista-visual-como-medida-de-seguranca-complementar\/"},"modified":"2024-04-17T14:08:47","modified_gmt":"2024-04-17T17:08:47","slug":"unidades-de-saude-adotam-revista-visual-como-medida-de-seguranca-complementar","status":"publish","type":"post","link":"https:\/\/www.p31noticias.com.br\/?p=47358","title":{"rendered":"Unidades de sa\u00fade adotam revista visual como medida de seguran\u00e7a complementar"},"content":{"rendered":"<p>Ap\u00f3s passar por alguns casos de transtornos na seguran\u00e7a de suas unidades, como furtos de aparelhos essenciais para realiza\u00e7\u00e3o de exames, enxovais da interna\u00e7\u00e3o e, em um \u00fanico caso extremo, uma tentativa de assassinato, o Instituto de Gest\u00e3o Estrat\u00e9gica de Sa\u00fade (IgesDF) vem implementando a revista visual desde o ano de 2020, de forma gradativa. [\u2026]<\/p>\n<p>O post <a href=\"https:\/\/www.delioandrade.com.br\/unidades-de-saude-adotam-revista-visual-como-medida-de-seguranca-complementar\/\">Unidades de sa\u00fade adotam revista visual como medida de seguran\u00e7a complementar<\/a> apareceu primeiro em <a href=\"https:\/\/www.delioandrade.com.br\/\">Blog do D\u00c9LIO ANDRADE<\/a>.<\/p>\n","protected":false},"excerpt":{"rendered":"<p>Ap\u00f3s passar por alguns casos de transtornos na seguran\u00e7a de suas unidades, como furtos de aparelhos essenciais para realiza\u00e7\u00e3o de exames, enxovais da interna\u00e7\u00e3o e, em um \u00fanico caso extremo, uma tentativa de assassinato, o Instituto de Gest\u00e3o Estrat\u00e9gica de Sa\u00fade (IgesDF) vem implementando a revista visual desde o ano de 2020, de forma gradativa. [&hellip;]<\/p>\n","protected":false},"author":0,"featured_media":47359,"comment_status":"open","ping_status":"open","sticky":false,"template":"","format":"standard","meta":{"footnotes":""},"categories":[21],"tags":[],"class_list":{"0":"post-47358","1":"post","2":"type-post","3":"status-publish","4":"format-standard","5":"has-post-thumbnail","7":"category-brasilia"},"yoast_head":"<!-- This site is optimized with the Yoast SEO Premium plugin v24.5 (Yoast SEO v27.4) - https:\/\/yoast.com\/product\/yoast-seo-premium-wordpress\/ -->\n<title>Unidades de sa\u00fade adotam revista visual como medida de seguran\u00e7a complementar - P31<\/title>\n<meta name=\"robots\" content=\"index, follow, max-snippet:-1, max-image-preview:large, max-video-preview:-1\" \/>\n<link rel=\"canonical\" href=\"https:\/\/www.p31noticias.com.br\/?p=47358\" \/>\n<meta property=\"og:locale\" content=\"pt_BR\" \/>\n<meta property=\"og:type\" content=\"article\" \/>\n<meta property=\"og:title\" content=\"Unidades de sa\u00fade adotam revista visual como medida de seguran\u00e7a complementar\" \/>\n<meta property=\"og:description\" content=\"Ap\u00f3s passar por alguns casos de transtornos na seguran\u00e7a de suas unidades, como furtos de aparelhos essenciais para realiza\u00e7\u00e3o de exames, enxovais da interna\u00e7\u00e3o e, em um \u00fanico caso extremo, uma tentativa de assassinato, o Instituto de Gest\u00e3o Estrat\u00e9gica de Sa\u00fade (IgesDF) vem implementando a revista visual desde o ano de 2020, de forma gradativa. [&hellip;]\" \/>\n<meta property=\"og:url\" content=\"https:\/\/www.p31noticias.com.br\/?p=47358\" \/>\n<meta property=\"og:site_name\" content=\"P31\" \/>\n<meta property=\"article:published_time\" content=\"2024-04-17T17:08:47+00:00\" \/>\n<meta property=\"og:image\" content=\"https:\/\/www.p31noticias.com.br\/wp-content\/uploads\/2024\/04\/WhatsApp-Image-2024-04-17-at-10.44.11-k07d7x-150x150-FoMtyA.jpeg\" \/>\n\t<meta property=\"og:image:width\" content=\"150\" \/>\n\t<meta property=\"og:image:height\" content=\"150\" \/>\n\t<meta property=\"og:image:type\" content=\"image\/jpeg\" \/>\n<meta name=\"twitter:card\" content=\"summary_large_image\" \/>\n<script type=\"application\/ld+json\" class=\"yoast-schema-graph\">{\"@context\":\"https:\\\/\\\/schema.org\",\"@graph\":[{\"@type\":\"Article\",\"@id\":\"https:\\\/\\\/www.p31noticias.com.br\\\/?p=47358#article\",\"isPartOf\":{\"@id\":\"https:\\\/\\\/www.p31noticias.com.br\\\/?p=47358\"},\"author\":{\"name\":\"\",\"@id\":\"\"},\"headline\":\"Unidades de sa\u00fade adotam revista visual como medida de seguran\u00e7a complementar\",\"datePublished\":\"2024-04-17T17:08:47+00:00\",\"mainEntityOfPage\":{\"@id\":\"https:\\\/\\\/www.p31noticias.com.br\\\/?p=47358\"},\"wordCount\":97,\"commentCount\":0,\"image\":{\"@id\":\"https:\\\/\\\/www.p31noticias.com.br\\\/?p=47358#primaryimage\"},\"thumbnailUrl\":\"https:\\\/\\\/www.p31noticias.com.br\\\/wp-content\\\/uploads\\\/2024\\\/04\\\/WhatsApp-Image-2024-04-17-at-10.44.11-k07d7x-150x150-FoMtyA.jpeg\",\"articleSection\":[\"Bras\u00edlia\"],\"inLanguage\":\"pt-BR\",\"potentialAction\":[{\"@type\":\"CommentAction\",\"name\":\"Comment\",\"target\":[\"https:\\\/\\\/www.p31noticias.com.br\\\/?p=47358#respond\"]}],\"copyrightYear\":\"2024\",\"copyrightHolder\":{\"@id\":\"https:\\\/\\\/www.p31noticias.com.br\\\/#organization\"}},{\"@type\":\"WebPage\",\"@id\":\"https:\\\/\\\/www.p31noticias.com.br\\\/?p=47358\",\"url\":\"https:\\\/\\\/www.p31noticias.com.br\\\/?p=47358\",\"name\":\"Unidades de sa\u00fade adotam revista visual como medida de seguran\u00e7a complementar - P31\",\"isPartOf\":{\"@id\":\"https:\\\/\\\/www.p31noticias.com.br\\\/#website\"},\"primaryImageOfPage\":{\"@id\":\"https:\\\/\\\/www.p31noticias.com.br\\\/?p=47358#primaryimage\"},\"image\":{\"@id\":\"https:\\\/\\\/www.p31noticias.com.br\\\/?p=47358#primaryimage\"},\"thumbnailUrl\":\"https:\\\/\\\/www.p31noticias.com.br\\\/wp-content\\\/uploads\\\/2024\\\/04\\\/WhatsApp-Image-2024-04-17-at-10.44.11-k07d7x-150x150-FoMtyA.jpeg\",\"datePublished\":\"2024-04-17T17:08:47+00:00\",\"author\":{\"@id\":\"\"},\"breadcrumb\":{\"@id\":\"https:\\\/\\\/www.p31noticias.com.br\\\/?p=47358#breadcrumb\"},\"inLanguage\":\"pt-BR\",\"potentialAction\":[{\"@type\":\"ReadAction\",\"target\":[\"https:\\\/\\\/www.p31noticias.com.br\\\/?p=47358\"]}]},{\"@type\":\"ImageObject\",\"inLanguage\":\"pt-BR\",\"@id\":\"https:\\\/\\\/www.p31noticias.com.br\\\/?p=47358#primaryimage\",\"url\":\"https:\\\/\\\/www.p31noticias.com.br\\\/wp-content\\\/uploads\\\/2024\\\/04\\\/WhatsApp-Image-2024-04-17-at-10.44.11-k07d7x-150x150-FoMtyA.jpeg\",\"contentUrl\":\"https:\\\/\\\/www.p31noticias.com.br\\\/wp-content\\\/uploads\\\/2024\\\/04\\\/WhatsApp-Image-2024-04-17-at-10.44.11-k07d7x-150x150-FoMtyA.jpeg\",\"width\":150,\"height\":150},{\"@type\":\"BreadcrumbList\",\"@id\":\"https:\\\/\\\/www.p31noticias.com.br\\\/?p=47358#breadcrumb\",\"itemListElement\":[{\"@type\":\"ListItem\",\"position\":1,\"name\":\"In\u00edcio\",\"item\":\"https:\\\/\\\/www.p31noticias.com.br\\\/\"},{\"@type\":\"ListItem\",\"position\":2,\"name\":\"Unidades de sa\u00fade adotam revista visual como medida de seguran\u00e7a complementar\"}]},{\"@type\":\"WebSite\",\"@id\":\"https:\\\/\\\/www.p31noticias.com.br\\\/#website\",\"url\":\"https:\\\/\\\/www.p31noticias.com.br\\\/\",\"name\":\"P31\",\"description\":\"NOT\u00cdCIAS\",\"potentialAction\":[{\"@type\":\"SearchAction\",\"target\":{\"@type\":\"EntryPoint\",\"urlTemplate\":\"https:\\\/\\\/www.p31noticias.com.br\\\/?s={search_term_string}\"},\"query-input\":{\"@type\":\"PropertyValueSpecification\",\"valueRequired\":true,\"valueName\":\"search_term_string\"}}],\"inLanguage\":\"pt-BR\"}]}<\/script>\n<!-- \/ Yoast SEO Premium plugin. -->","yoast_head_json":{"title":"Unidades de sa\u00fade adotam revista visual como medida de seguran\u00e7a complementar - P31","robots":{"index":"index","follow":"follow","max-snippet":"max-snippet:-1","max-image-preview":"max-image-preview:large","max-video-preview":"max-video-preview:-1"},"canonical":"https:\/\/www.p31noticias.com.br\/?p=47358","og_locale":"pt_BR","og_type":"article","og_title":"Unidades de sa\u00fade adotam revista visual como medida de seguran\u00e7a complementar","og_description":"Ap\u00f3s passar por alguns casos de transtornos na seguran\u00e7a de suas unidades, como furtos de aparelhos essenciais para realiza\u00e7\u00e3o de exames, enxovais da interna\u00e7\u00e3o e, em um \u00fanico caso extremo, uma tentativa de assassinato, o Instituto de Gest\u00e3o Estrat\u00e9gica de Sa\u00fade (IgesDF) vem implementando a revista visual desde o ano de 2020, de forma gradativa. [&hellip;]","og_url":"https:\/\/www.p31noticias.com.br\/?p=47358","og_site_name":"P31","article_published_time":"2024-04-17T17:08:47+00:00","og_image":[{"width":150,"height":150,"url":"https:\/\/www.p31noticias.com.br\/wp-content\/uploads\/2024\/04\/WhatsApp-Image-2024-04-17-at-10.44.11-k07d7x-150x150-FoMtyA.jpeg","type":"image\/jpeg"}],"twitter_card":"summary_large_image","schema":{"@context":"https:\/\/schema.org","@graph":[{"@type":"Article","@id":"https:\/\/www.p31noticias.com.br\/?p=47358#article","isPartOf":{"@id":"https:\/\/www.p31noticias.com.br\/?p=47358"},"author":{"name":"","@id":""},"headline":"Unidades de sa\u00fade adotam revista visual como medida de seguran\u00e7a complementar","datePublished":"2024-04-17T17:08:47+00:00","mainEntityOfPage":{"@id":"https:\/\/www.p31noticias.com.br\/?p=47358"},"wordCount":97,"commentCount":0,"image":{"@id":"https:\/\/www.p31noticias.com.br\/?p=47358#primaryimage"},"thumbnailUrl":"https:\/\/www.p31noticias.com.br\/wp-content\/uploads\/2024\/04\/WhatsApp-Image-2024-04-17-at-10.44.11-k07d7x-150x150-FoMtyA.jpeg","articleSection":["Bras\u00edlia"],"inLanguage":"pt-BR","potentialAction":[{"@type":"CommentAction","name":"Comment","target":["https:\/\/www.p31noticias.com.br\/?p=47358#respond"]}],"copyrightYear":"2024","copyrightHolder":{"@id":"https:\/\/www.p31noticias.com.br\/#organization"}},{"@type":"WebPage","@id":"https:\/\/www.p31noticias.com.br\/?p=47358","url":"https:\/\/www.p31noticias.com.br\/?p=47358","name":"Unidades de sa\u00fade adotam revista visual como medida de seguran\u00e7a complementar - P31","isPartOf":{"@id":"https:\/\/www.p31noticias.com.br\/#website"},"primaryImageOfPage":{"@id":"https:\/\/www.p31noticias.com.br\/?p=47358#primaryimage"},"image":{"@id":"https:\/\/www.p31noticias.com.br\/?p=47358#primaryimage"},"thumbnailUrl":"https:\/\/www.p31noticias.com.br\/wp-content\/uploads\/2024\/04\/WhatsApp-Image-2024-04-17-at-10.44.11-k07d7x-150x150-FoMtyA.jpeg","datePublished":"2024-04-17T17:08:47+00:00","author":{"@id":""},"breadcrumb":{"@id":"https:\/\/www.p31noticias.com.br\/?p=47358#breadcrumb"},"inLanguage":"pt-BR","potentialAction":[{"@type":"ReadAction","target":["https:\/\/www.p31noticias.com.br\/?p=47358"]}]},{"@type":"ImageObject","inLanguage":"pt-BR","@id":"https:\/\/www.p31noticias.com.br\/?p=47358#primaryimage","url":"https:\/\/www.p31noticias.com.br\/wp-content\/uploads\/2024\/04\/WhatsApp-Image-2024-04-17-at-10.44.11-k07d7x-150x150-FoMtyA.jpeg","contentUrl":"https:\/\/www.p31noticias.com.br\/wp-content\/uploads\/2024\/04\/WhatsApp-Image-2024-04-17-at-10.44.11-k07d7x-150x150-FoMtyA.jpeg","width":150,"height":150},{"@type":"BreadcrumbList","@id":"https:\/\/www.p31noticias.com.br\/?p=47358#breadcrumb","itemListElement":[{"@type":"ListItem","position":1,"name":"In\u00edcio","item":"https:\/\/www.p31noticias.com.br\/"},{"@type":"ListItem","position":2,"name":"Unidades de sa\u00fade adotam revista visual como medida de seguran\u00e7a complementar"}]},{"@type":"WebSite","@id":"https:\/\/www.p31noticias.com.br\/#website","url":"https:\/\/www.p31noticias.com.br\/","name":"P31","description":"NOT\u00cdCIAS","potentialAction":[{"@type":"SearchAction","target":{"@type":"EntryPoint","urlTemplate":"https:\/\/www.p31noticias.com.br\/?s={search_term_string}"},"query-input":{"@type":"PropertyValueSpecification","valueRequired":true,"valueName":"search_term_string"}}],"inLanguage":"pt-BR"}]}},"amp_enabled":true,"_links":{"self":[{"href":"https:\/\/www.p31noticias.com.br\/index.php?rest_route=\/wp\/v2\/posts\/47358","targetHints":{"allow":["GET"]}}],"collection":[{"href":"https:\/\/www.p31noticias.com.br\/index.php?rest_route=\/wp\/v2\/posts"}],"about":[{"href":"https:\/\/www.p31noticias.com.br\/index.php?rest_route=\/wp\/v2\/types\/post"}],"replies":[{"embeddable":true,"href":"https:\/\/www.p31noticias.com.br\/index.php?rest_route=%2Fwp%2Fv2%2Fcomments&post=47358"}],"version-history":[{"count":0,"href":"https:\/\/www.p31noticias.com.br\/index.php?rest_route=\/wp\/v2\/posts\/47358\/revisions"}],"wp:featuredmedia":[{"embeddable":true,"href":"https:\/\/www.p31noticias.com.br\/index.php?rest_route=\/wp\/v2\/media\/47359"}],"wp:attachment":[{"href":"https:\/\/www.p31noticias.com.br\/index.php?rest_route=%2Fwp%2Fv2%2Fmedia&parent=47358"}],"wp:term":[{"taxonomy":"category","embeddable":true,"href":"https:\/\/www.p31noticias.com.br\/index.php?rest_route=%2Fwp%2Fv2%2Fcategories&post=47358"},{"taxonomy":"post_tag","embeddable":true,"href":"https:\/\/www.p31noticias.com.br\/index.php?rest_route=%2Fwp%2Fv2%2Ftags&post=47358"}],"curies":[{"name":"wp","href":"https:\/\/api.w.org\/{rel}","templated":true}]}}