{"id":47152,"date":"2024-04-15T19:30:13","date_gmt":"2024-04-15T22:30:13","guid":{"rendered":"https:\/\/p31noticias.com.br\/caps-ii-brasilia-comemora-7-anos-com-visita-de-pacientes-a-exposicao-no-ccbb\/"},"modified":"2024-04-15T19:30:13","modified_gmt":"2024-04-15T22:30:13","slug":"caps-ii-brasilia-comemora-7-anos-com-visita-de-pacientes-a-exposicao-no-ccbb","status":"publish","type":"post","link":"https:\/\/www.p31noticias.com.br\/?p=47152","title":{"rendered":"Caps II Bras\u00edlia comemora 7 anos com visita de pacientes a exposi\u00e7\u00e3o no CCBB"},"content":{"rendered":"<p>Em comemora\u00e7\u00e3o aos sete anos de exist\u00eancia, o Centro de Aten\u00e7\u00e3o Psicossocial (Caps) II levou pacientes e familiares para uma exposi\u00e7\u00e3o no Centro Cultural Banco do Brasil (CCBB). Segundo a supervisora do centro, Rh\u00fabia da Costa, a a\u00e7\u00e3o realizada esta semana faz parte do projeto terap\u00eautico prestado aos pacientes e envolve equipe, usu\u00e1rio e fam\u00edlia [\u2026]<\/p>\n<p>O post <a href=\"https:\/\/www.delioandrade.com.br\/caps-ii-brasilia-comemora-7-anos-com-visita-de-pacientes-a-exposicao-no-ccbb\/\">Caps II Bras\u00edlia comemora 7 anos com visita de pacientes a exposi\u00e7\u00e3o no CCBB<\/a> apareceu primeiro em <a href=\"https:\/\/www.delioandrade.com.br\/\">Blog do D\u00c9LIO ANDRADE<\/a>.<\/p>\n","protected":false},"excerpt":{"rendered":"<p>Em comemora\u00e7\u00e3o aos sete anos de exist\u00eancia, o Centro de Aten\u00e7\u00e3o Psicossocial (Caps) II levou pacientes e familiares para uma exposi\u00e7\u00e3o no Centro Cultural Banco do Brasil (CCBB). Segundo a supervisora do centro, Rh\u00fabia da Costa, a a\u00e7\u00e3o realizada esta semana faz parte do projeto terap\u00eautico prestado aos pacientes e envolve equipe, usu\u00e1rio e fam\u00edlia [&hellip;]<\/p>\n","protected":false},"author":0,"featured_media":47153,"comment_status":"open","ping_status":"open","sticky":false,"template":"","format":"standard","meta":{"footnotes":""},"categories":[21],"tags":[],"class_list":{"0":"post-47152","1":"post","2":"type-post","3":"status-publish","4":"format-standard","5":"has-post-thumbnail","7":"category-brasilia"},"yoast_head":"<!-- This site is optimized with the Yoast SEO Premium plugin v24.5 (Yoast SEO v27.5) - https:\/\/yoast.com\/product\/yoast-seo-premium-wordpress\/ -->\n<title>Caps II Bras\u00edlia comemora 7 anos com visita de pacientes a exposi\u00e7\u00e3o no CCBB - P31<\/title>\n<meta name=\"robots\" content=\"index, follow, max-snippet:-1, max-image-preview:large, max-video-preview:-1\" \/>\n<link rel=\"canonical\" href=\"https:\/\/www.p31noticias.com.br\/?p=47152\" \/>\n<meta property=\"og:locale\" content=\"pt_BR\" \/>\n<meta property=\"og:type\" content=\"article\" \/>\n<meta property=\"og:title\" content=\"Caps II Bras\u00edlia comemora 7 anos com visita de pacientes a exposi\u00e7\u00e3o no CCBB\" \/>\n<meta property=\"og:description\" content=\"Em comemora\u00e7\u00e3o aos sete anos de exist\u00eancia, o Centro de Aten\u00e7\u00e3o Psicossocial (Caps) II levou pacientes e familiares para uma exposi\u00e7\u00e3o no Centro Cultural Banco do Brasil (CCBB). Segundo a supervisora do centro, Rh\u00fabia da Costa, a a\u00e7\u00e3o realizada esta semana faz parte do projeto terap\u00eautico prestado aos pacientes e envolve equipe, usu\u00e1rio e fam\u00edlia [&hellip;]\" \/>\n<meta property=\"og:url\" content=\"https:\/\/www.p31noticias.com.br\/?p=47152\" \/>\n<meta property=\"og:site_name\" content=\"P31\" \/>\n<meta property=\"article:published_time\" content=\"2024-04-15T22:30:13+00:00\" \/>\n<meta property=\"og:image\" content=\"https:\/\/www.p31noticias.com.br\/wp-content\/uploads\/2024\/04\/Jhonatan_Cantarelle_Agencia-Saude-DF-40-emRy3k-150x150-Izygxj.jpeg\" \/>\n\t<meta property=\"og:image:width\" content=\"150\" \/>\n\t<meta property=\"og:image:height\" content=\"150\" \/>\n\t<meta property=\"og:image:type\" content=\"image\/jpeg\" \/>\n<meta name=\"twitter:card\" content=\"summary_large_image\" \/>\n<script type=\"application\/ld+json\" class=\"yoast-schema-graph\">{\"@context\":\"https:\\\/\\\/schema.org\",\"@graph\":[{\"@type\":\"Article\",\"@id\":\"https:\\\/\\\/www.p31noticias.com.br\\\/?p=47152#article\",\"isPartOf\":{\"@id\":\"https:\\\/\\\/www.p31noticias.com.br\\\/?p=47152\"},\"author\":{\"name\":\"\",\"@id\":\"\"},\"headline\":\"Caps II Bras\u00edlia comemora 7 anos com visita de pacientes a exposi\u00e7\u00e3o no CCBB\",\"datePublished\":\"2024-04-15T22:30:13+00:00\",\"mainEntityOfPage\":{\"@id\":\"https:\\\/\\\/www.p31noticias.com.br\\\/?p=47152\"},\"wordCount\":104,\"commentCount\":0,\"image\":{\"@id\":\"https:\\\/\\\/www.p31noticias.com.br\\\/?p=47152#primaryimage\"},\"thumbnailUrl\":\"https:\\\/\\\/www.p31noticias.com.br\\\/wp-content\\\/uploads\\\/2024\\\/04\\\/Jhonatan_Cantarelle_Agencia-Saude-DF-40-emRy3k-150x150-Izygxj.jpeg\",\"articleSection\":[\"Bras\u00edlia\"],\"inLanguage\":\"pt-BR\",\"potentialAction\":[{\"@type\":\"CommentAction\",\"name\":\"Comment\",\"target\":[\"https:\\\/\\\/www.p31noticias.com.br\\\/?p=47152#respond\"]}],\"copyrightYear\":\"2024\",\"copyrightHolder\":{\"@id\":\"https:\\\/\\\/www.p31noticias.com.br\\\/#organization\"}},{\"@type\":\"WebPage\",\"@id\":\"https:\\\/\\\/www.p31noticias.com.br\\\/?p=47152\",\"url\":\"https:\\\/\\\/www.p31noticias.com.br\\\/?p=47152\",\"name\":\"Caps II Bras\u00edlia comemora 7 anos com visita de pacientes a exposi\u00e7\u00e3o no CCBB - P31\",\"isPartOf\":{\"@id\":\"https:\\\/\\\/www.p31noticias.com.br\\\/#website\"},\"primaryImageOfPage\":{\"@id\":\"https:\\\/\\\/www.p31noticias.com.br\\\/?p=47152#primaryimage\"},\"image\":{\"@id\":\"https:\\\/\\\/www.p31noticias.com.br\\\/?p=47152#primaryimage\"},\"thumbnailUrl\":\"https:\\\/\\\/www.p31noticias.com.br\\\/wp-content\\\/uploads\\\/2024\\\/04\\\/Jhonatan_Cantarelle_Agencia-Saude-DF-40-emRy3k-150x150-Izygxj.jpeg\",\"datePublished\":\"2024-04-15T22:30:13+00:00\",\"author\":{\"@id\":\"\"},\"breadcrumb\":{\"@id\":\"https:\\\/\\\/www.p31noticias.com.br\\\/?p=47152#breadcrumb\"},\"inLanguage\":\"pt-BR\",\"potentialAction\":[{\"@type\":\"ReadAction\",\"target\":[\"https:\\\/\\\/www.p31noticias.com.br\\\/?p=47152\"]}]},{\"@type\":\"ImageObject\",\"inLanguage\":\"pt-BR\",\"@id\":\"https:\\\/\\\/www.p31noticias.com.br\\\/?p=47152#primaryimage\",\"url\":\"https:\\\/\\\/www.p31noticias.com.br\\\/wp-content\\\/uploads\\\/2024\\\/04\\\/Jhonatan_Cantarelle_Agencia-Saude-DF-40-emRy3k-150x150-Izygxj.jpeg\",\"contentUrl\":\"https:\\\/\\\/www.p31noticias.com.br\\\/wp-content\\\/uploads\\\/2024\\\/04\\\/Jhonatan_Cantarelle_Agencia-Saude-DF-40-emRy3k-150x150-Izygxj.jpeg\",\"width\":150,\"height\":150},{\"@type\":\"BreadcrumbList\",\"@id\":\"https:\\\/\\\/www.p31noticias.com.br\\\/?p=47152#breadcrumb\",\"itemListElement\":[{\"@type\":\"ListItem\",\"position\":1,\"name\":\"In\u00edcio\",\"item\":\"https:\\\/\\\/www.p31noticias.com.br\\\/\"},{\"@type\":\"ListItem\",\"position\":2,\"name\":\"Caps II Bras\u00edlia comemora 7 anos com visita de pacientes a exposi\u00e7\u00e3o no CCBB\"}]},{\"@type\":\"WebSite\",\"@id\":\"https:\\\/\\\/www.p31noticias.com.br\\\/#website\",\"url\":\"https:\\\/\\\/www.p31noticias.com.br\\\/\",\"name\":\"P31\",\"description\":\"NOT\u00cdCIAS\",\"potentialAction\":[{\"@type\":\"SearchAction\",\"target\":{\"@type\":\"EntryPoint\",\"urlTemplate\":\"https:\\\/\\\/www.p31noticias.com.br\\\/?s={search_term_string}\"},\"query-input\":{\"@type\":\"PropertyValueSpecification\",\"valueRequired\":true,\"valueName\":\"search_term_string\"}}],\"inLanguage\":\"pt-BR\"}]}<\/script>\n<!-- \/ Yoast SEO Premium plugin. -->","yoast_head_json":{"title":"Caps II Bras\u00edlia comemora 7 anos com visita de pacientes a exposi\u00e7\u00e3o no CCBB - P31","robots":{"index":"index","follow":"follow","max-snippet":"max-snippet:-1","max-image-preview":"max-image-preview:large","max-video-preview":"max-video-preview:-1"},"canonical":"https:\/\/www.p31noticias.com.br\/?p=47152","og_locale":"pt_BR","og_type":"article","og_title":"Caps II Bras\u00edlia comemora 7 anos com visita de pacientes a exposi\u00e7\u00e3o no CCBB","og_description":"Em comemora\u00e7\u00e3o aos sete anos de exist\u00eancia, o Centro de Aten\u00e7\u00e3o Psicossocial (Caps) II levou pacientes e familiares para uma exposi\u00e7\u00e3o no Centro Cultural Banco do Brasil (CCBB). Segundo a supervisora do centro, Rh\u00fabia da Costa, a a\u00e7\u00e3o realizada esta semana faz parte do projeto terap\u00eautico prestado aos pacientes e envolve equipe, usu\u00e1rio e fam\u00edlia [&hellip;]","og_url":"https:\/\/www.p31noticias.com.br\/?p=47152","og_site_name":"P31","article_published_time":"2024-04-15T22:30:13+00:00","og_image":[{"width":150,"height":150,"url":"https:\/\/www.p31noticias.com.br\/wp-content\/uploads\/2024\/04\/Jhonatan_Cantarelle_Agencia-Saude-DF-40-emRy3k-150x150-Izygxj.jpeg","type":"image\/jpeg"}],"twitter_card":"summary_large_image","schema":{"@context":"https:\/\/schema.org","@graph":[{"@type":"Article","@id":"https:\/\/www.p31noticias.com.br\/?p=47152#article","isPartOf":{"@id":"https:\/\/www.p31noticias.com.br\/?p=47152"},"author":{"name":"","@id":""},"headline":"Caps II Bras\u00edlia comemora 7 anos com visita de pacientes a exposi\u00e7\u00e3o no CCBB","datePublished":"2024-04-15T22:30:13+00:00","mainEntityOfPage":{"@id":"https:\/\/www.p31noticias.com.br\/?p=47152"},"wordCount":104,"commentCount":0,"image":{"@id":"https:\/\/www.p31noticias.com.br\/?p=47152#primaryimage"},"thumbnailUrl":"https:\/\/www.p31noticias.com.br\/wp-content\/uploads\/2024\/04\/Jhonatan_Cantarelle_Agencia-Saude-DF-40-emRy3k-150x150-Izygxj.jpeg","articleSection":["Bras\u00edlia"],"inLanguage":"pt-BR","potentialAction":[{"@type":"CommentAction","name":"Comment","target":["https:\/\/www.p31noticias.com.br\/?p=47152#respond"]}],"copyrightYear":"2024","copyrightHolder":{"@id":"https:\/\/www.p31noticias.com.br\/#organization"}},{"@type":"WebPage","@id":"https:\/\/www.p31noticias.com.br\/?p=47152","url":"https:\/\/www.p31noticias.com.br\/?p=47152","name":"Caps II Bras\u00edlia comemora 7 anos com visita de pacientes a exposi\u00e7\u00e3o no CCBB - P31","isPartOf":{"@id":"https:\/\/www.p31noticias.com.br\/#website"},"primaryImageOfPage":{"@id":"https:\/\/www.p31noticias.com.br\/?p=47152#primaryimage"},"image":{"@id":"https:\/\/www.p31noticias.com.br\/?p=47152#primaryimage"},"thumbnailUrl":"https:\/\/www.p31noticias.com.br\/wp-content\/uploads\/2024\/04\/Jhonatan_Cantarelle_Agencia-Saude-DF-40-emRy3k-150x150-Izygxj.jpeg","datePublished":"2024-04-15T22:30:13+00:00","author":{"@id":""},"breadcrumb":{"@id":"https:\/\/www.p31noticias.com.br\/?p=47152#breadcrumb"},"inLanguage":"pt-BR","potentialAction":[{"@type":"ReadAction","target":["https:\/\/www.p31noticias.com.br\/?p=47152"]}]},{"@type":"ImageObject","inLanguage":"pt-BR","@id":"https:\/\/www.p31noticias.com.br\/?p=47152#primaryimage","url":"https:\/\/www.p31noticias.com.br\/wp-content\/uploads\/2024\/04\/Jhonatan_Cantarelle_Agencia-Saude-DF-40-emRy3k-150x150-Izygxj.jpeg","contentUrl":"https:\/\/www.p31noticias.com.br\/wp-content\/uploads\/2024\/04\/Jhonatan_Cantarelle_Agencia-Saude-DF-40-emRy3k-150x150-Izygxj.jpeg","width":150,"height":150},{"@type":"BreadcrumbList","@id":"https:\/\/www.p31noticias.com.br\/?p=47152#breadcrumb","itemListElement":[{"@type":"ListItem","position":1,"name":"In\u00edcio","item":"https:\/\/www.p31noticias.com.br\/"},{"@type":"ListItem","position":2,"name":"Caps II Bras\u00edlia comemora 7 anos com visita de pacientes a exposi\u00e7\u00e3o no CCBB"}]},{"@type":"WebSite","@id":"https:\/\/www.p31noticias.com.br\/#website","url":"https:\/\/www.p31noticias.com.br\/","name":"P31","description":"NOT\u00cdCIAS","potentialAction":[{"@type":"SearchAction","target":{"@type":"EntryPoint","urlTemplate":"https:\/\/www.p31noticias.com.br\/?s={search_term_string}"},"query-input":{"@type":"PropertyValueSpecification","valueRequired":true,"valueName":"search_term_string"}}],"inLanguage":"pt-BR"}]}},"amp_enabled":true,"_links":{"self":[{"href":"https:\/\/www.p31noticias.com.br\/index.php?rest_route=\/wp\/v2\/posts\/47152","targetHints":{"allow":["GET"]}}],"collection":[{"href":"https:\/\/www.p31noticias.com.br\/index.php?rest_route=\/wp\/v2\/posts"}],"about":[{"href":"https:\/\/www.p31noticias.com.br\/index.php?rest_route=\/wp\/v2\/types\/post"}],"replies":[{"embeddable":true,"href":"https:\/\/www.p31noticias.com.br\/index.php?rest_route=%2Fwp%2Fv2%2Fcomments&post=47152"}],"version-history":[{"count":0,"href":"https:\/\/www.p31noticias.com.br\/index.php?rest_route=\/wp\/v2\/posts\/47152\/revisions"}],"wp:featuredmedia":[{"embeddable":true,"href":"https:\/\/www.p31noticias.com.br\/index.php?rest_route=\/wp\/v2\/media\/47153"}],"wp:attachment":[{"href":"https:\/\/www.p31noticias.com.br\/index.php?rest_route=%2Fwp%2Fv2%2Fmedia&parent=47152"}],"wp:term":[{"taxonomy":"category","embeddable":true,"href":"https:\/\/www.p31noticias.com.br\/index.php?rest_route=%2Fwp%2Fv2%2Fcategories&post=47152"},{"taxonomy":"post_tag","embeddable":true,"href":"https:\/\/www.p31noticias.com.br\/index.php?rest_route=%2Fwp%2Fv2%2Ftags&post=47152"}],"curies":[{"name":"wp","href":"https:\/\/api.w.org\/{rel}","templated":true}]}}