{"id":47150,"date":"2024-04-15T19:30:13","date_gmt":"2024-04-15T22:30:13","guid":{"rendered":"https:\/\/p31noticias.com.br\/projeto-ceica-da-construir-que-beneficia-cooperativas-de-catadores-e-encaminhado-a-camara-legislativa\/"},"modified":"2024-04-15T19:30:13","modified_gmt":"2024-04-15T22:30:13","slug":"projeto-ceica-da-construir-que-beneficia-cooperativas-de-catadores-e-encaminhado-a-camara-legislativa","status":"publish","type":"post","link":"https:\/\/www.p31noticias.com.br\/?p=47150","title":{"rendered":"Projeto Cei\u00e7a da Construir, que beneficia cooperativas de catadores, \u00e9 encaminhado \u00e0 C\u00e2mara Legislativa"},"content":{"rendered":"<p>A proposta, apresentada pela Secretaria da Fam\u00edlia e Juventude, institui a Pol\u00edtica Distrital de Fortalecimento das Cooperativas de Catadores O Governador Ibaneis Rocha encaminhou \u00e0 CLDF o Projeto, criado pela Secretaria da Fam\u00edlia e Juventude, que institui a Pol\u00edtica Distrital de Fortalecimento das Cooperativas de Catadores, denominada Lei Cei\u00e7a da Construir. A proposta tem a [\u2026]<\/p>\n<p>O post <a href=\"https:\/\/www.delioandrade.com.br\/projeto-ceica-da-construir-que-beneficia-cooperativas-de-catadores-e-encaminhado-a-camara-legislativa\/\">Projeto Cei\u00e7a da Construir, que beneficia cooperativas de catadores, \u00e9 encaminhado \u00e0 C\u00e2mara Legislativa<\/a> apareceu primeiro em <a href=\"https:\/\/www.delioandrade.com.br\/\">Blog do D\u00c9LIO ANDRADE<\/a>.<\/p>\n","protected":false},"excerpt":{"rendered":"<p>A proposta, apresentada pela Secretaria da Fam\u00edlia e Juventude, institui a Pol\u00edtica Distrital de Fortalecimento das Cooperativas de Catadores O Governador Ibaneis Rocha encaminhou \u00e0 CLDF o Projeto, criado pela Secretaria da Fam\u00edlia e Juventude, que institui a Pol\u00edtica Distrital de Fortalecimento das Cooperativas de Catadores, denominada Lei Cei\u00e7a da Construir. A proposta tem a [&hellip;]<\/p>\n","protected":false},"author":0,"featured_media":47151,"comment_status":"open","ping_status":"open","sticky":false,"template":"","format":"standard","meta":{"footnotes":""},"categories":[21],"tags":[],"class_list":{"0":"post-47150","1":"post","2":"type-post","3":"status-publish","4":"format-standard","5":"has-post-thumbnail","7":"category-brasilia"},"yoast_head":"<!-- This site is optimized with the Yoast SEO Premium plugin v24.5 (Yoast SEO v27.5) - https:\/\/yoast.com\/product\/yoast-seo-premium-wordpress\/ -->\n<title>Projeto Cei\u00e7a da Construir, que beneficia cooperativas de catadores, \u00e9 encaminhado \u00e0 C\u00e2mara Legislativa - P31<\/title>\n<meta name=\"robots\" content=\"index, follow, max-snippet:-1, max-image-preview:large, max-video-preview:-1\" \/>\n<link rel=\"canonical\" href=\"https:\/\/www.p31noticias.com.br\/?p=47150\" \/>\n<meta property=\"og:locale\" content=\"pt_BR\" \/>\n<meta property=\"og:type\" content=\"article\" \/>\n<meta property=\"og:title\" content=\"Projeto Cei\u00e7a da Construir, que beneficia cooperativas de catadores, \u00e9 encaminhado \u00e0 C\u00e2mara Legislativa\" \/>\n<meta property=\"og:description\" content=\"A proposta, apresentada pela Secretaria da Fam\u00edlia e Juventude, institui a Pol\u00edtica Distrital de Fortalecimento das Cooperativas de Catadores O Governador Ibaneis Rocha encaminhou \u00e0 CLDF o Projeto, criado pela Secretaria da Fam\u00edlia e Juventude, que institui a Pol\u00edtica Distrital de Fortalecimento das Cooperativas de Catadores, denominada Lei Cei\u00e7a da Construir. A proposta tem a [&hellip;]\" \/>\n<meta property=\"og:url\" content=\"https:\/\/www.p31noticias.com.br\/?p=47150\" \/>\n<meta property=\"og:site_name\" content=\"P31\" \/>\n<meta property=\"article:published_time\" content=\"2024-04-15T22:30:13+00:00\" \/>\n<meta property=\"og:image\" content=\"https:\/\/www.p31noticias.com.br\/wp-content\/uploads\/2024\/04\/Cooperativas-150x150-tN3cU6-0HVorp.jpeg\" \/>\n\t<meta property=\"og:image:width\" content=\"150\" \/>\n\t<meta property=\"og:image:height\" content=\"150\" \/>\n\t<meta property=\"og:image:type\" content=\"image\/jpeg\" \/>\n<meta name=\"twitter:card\" content=\"summary_large_image\" \/>\n<script type=\"application\/ld+json\" class=\"yoast-schema-graph\">{\"@context\":\"https:\\\/\\\/schema.org\",\"@graph\":[{\"@type\":\"Article\",\"@id\":\"https:\\\/\\\/www.p31noticias.com.br\\\/?p=47150#article\",\"isPartOf\":{\"@id\":\"https:\\\/\\\/www.p31noticias.com.br\\\/?p=47150\"},\"author\":{\"name\":\"\",\"@id\":\"\"},\"headline\":\"Projeto Cei\u00e7a da Construir, que beneficia cooperativas de catadores, \u00e9 encaminhado \u00e0 C\u00e2mara Legislativa\",\"datePublished\":\"2024-04-15T22:30:13+00:00\",\"mainEntityOfPage\":{\"@id\":\"https:\\\/\\\/www.p31noticias.com.br\\\/?p=47150\"},\"wordCount\":97,\"commentCount\":0,\"image\":{\"@id\":\"https:\\\/\\\/www.p31noticias.com.br\\\/?p=47150#primaryimage\"},\"thumbnailUrl\":\"https:\\\/\\\/www.p31noticias.com.br\\\/wp-content\\\/uploads\\\/2024\\\/04\\\/Cooperativas-150x150-tN3cU6-0HVorp.jpeg\",\"articleSection\":[\"Bras\u00edlia\"],\"inLanguage\":\"pt-BR\",\"potentialAction\":[{\"@type\":\"CommentAction\",\"name\":\"Comment\",\"target\":[\"https:\\\/\\\/www.p31noticias.com.br\\\/?p=47150#respond\"]}],\"copyrightYear\":\"2024\",\"copyrightHolder\":{\"@id\":\"https:\\\/\\\/www.p31noticias.com.br\\\/#organization\"}},{\"@type\":\"WebPage\",\"@id\":\"https:\\\/\\\/www.p31noticias.com.br\\\/?p=47150\",\"url\":\"https:\\\/\\\/www.p31noticias.com.br\\\/?p=47150\",\"name\":\"Projeto Cei\u00e7a da Construir, que beneficia cooperativas de catadores, \u00e9 encaminhado \u00e0 C\u00e2mara Legislativa - P31\",\"isPartOf\":{\"@id\":\"https:\\\/\\\/www.p31noticias.com.br\\\/#website\"},\"primaryImageOfPage\":{\"@id\":\"https:\\\/\\\/www.p31noticias.com.br\\\/?p=47150#primaryimage\"},\"image\":{\"@id\":\"https:\\\/\\\/www.p31noticias.com.br\\\/?p=47150#primaryimage\"},\"thumbnailUrl\":\"https:\\\/\\\/www.p31noticias.com.br\\\/wp-content\\\/uploads\\\/2024\\\/04\\\/Cooperativas-150x150-tN3cU6-0HVorp.jpeg\",\"datePublished\":\"2024-04-15T22:30:13+00:00\",\"author\":{\"@id\":\"\"},\"breadcrumb\":{\"@id\":\"https:\\\/\\\/www.p31noticias.com.br\\\/?p=47150#breadcrumb\"},\"inLanguage\":\"pt-BR\",\"potentialAction\":[{\"@type\":\"ReadAction\",\"target\":[\"https:\\\/\\\/www.p31noticias.com.br\\\/?p=47150\"]}]},{\"@type\":\"ImageObject\",\"inLanguage\":\"pt-BR\",\"@id\":\"https:\\\/\\\/www.p31noticias.com.br\\\/?p=47150#primaryimage\",\"url\":\"https:\\\/\\\/www.p31noticias.com.br\\\/wp-content\\\/uploads\\\/2024\\\/04\\\/Cooperativas-150x150-tN3cU6-0HVorp.jpeg\",\"contentUrl\":\"https:\\\/\\\/www.p31noticias.com.br\\\/wp-content\\\/uploads\\\/2024\\\/04\\\/Cooperativas-150x150-tN3cU6-0HVorp.jpeg\",\"width\":150,\"height\":150},{\"@type\":\"BreadcrumbList\",\"@id\":\"https:\\\/\\\/www.p31noticias.com.br\\\/?p=47150#breadcrumb\",\"itemListElement\":[{\"@type\":\"ListItem\",\"position\":1,\"name\":\"In\u00edcio\",\"item\":\"https:\\\/\\\/www.p31noticias.com.br\\\/\"},{\"@type\":\"ListItem\",\"position\":2,\"name\":\"Projeto Cei\u00e7a da Construir, que beneficia cooperativas de catadores, \u00e9 encaminhado \u00e0 C\u00e2mara Legislativa\"}]},{\"@type\":\"WebSite\",\"@id\":\"https:\\\/\\\/www.p31noticias.com.br\\\/#website\",\"url\":\"https:\\\/\\\/www.p31noticias.com.br\\\/\",\"name\":\"P31\",\"description\":\"NOT\u00cdCIAS\",\"potentialAction\":[{\"@type\":\"SearchAction\",\"target\":{\"@type\":\"EntryPoint\",\"urlTemplate\":\"https:\\\/\\\/www.p31noticias.com.br\\\/?s={search_term_string}\"},\"query-input\":{\"@type\":\"PropertyValueSpecification\",\"valueRequired\":true,\"valueName\":\"search_term_string\"}}],\"inLanguage\":\"pt-BR\"}]}<\/script>\n<!-- \/ Yoast SEO Premium plugin. -->","yoast_head_json":{"title":"Projeto Cei\u00e7a da Construir, que beneficia cooperativas de catadores, \u00e9 encaminhado \u00e0 C\u00e2mara Legislativa - P31","robots":{"index":"index","follow":"follow","max-snippet":"max-snippet:-1","max-image-preview":"max-image-preview:large","max-video-preview":"max-video-preview:-1"},"canonical":"https:\/\/www.p31noticias.com.br\/?p=47150","og_locale":"pt_BR","og_type":"article","og_title":"Projeto Cei\u00e7a da Construir, que beneficia cooperativas de catadores, \u00e9 encaminhado \u00e0 C\u00e2mara Legislativa","og_description":"A proposta, apresentada pela Secretaria da Fam\u00edlia e Juventude, institui a Pol\u00edtica Distrital de Fortalecimento das Cooperativas de Catadores O Governador Ibaneis Rocha encaminhou \u00e0 CLDF o Projeto, criado pela Secretaria da Fam\u00edlia e Juventude, que institui a Pol\u00edtica Distrital de Fortalecimento das Cooperativas de Catadores, denominada Lei Cei\u00e7a da Construir. A proposta tem a [&hellip;]","og_url":"https:\/\/www.p31noticias.com.br\/?p=47150","og_site_name":"P31","article_published_time":"2024-04-15T22:30:13+00:00","og_image":[{"width":150,"height":150,"url":"https:\/\/www.p31noticias.com.br\/wp-content\/uploads\/2024\/04\/Cooperativas-150x150-tN3cU6-0HVorp.jpeg","type":"image\/jpeg"}],"twitter_card":"summary_large_image","schema":{"@context":"https:\/\/schema.org","@graph":[{"@type":"Article","@id":"https:\/\/www.p31noticias.com.br\/?p=47150#article","isPartOf":{"@id":"https:\/\/www.p31noticias.com.br\/?p=47150"},"author":{"name":"","@id":""},"headline":"Projeto Cei\u00e7a da Construir, que beneficia cooperativas de catadores, \u00e9 encaminhado \u00e0 C\u00e2mara Legislativa","datePublished":"2024-04-15T22:30:13+00:00","mainEntityOfPage":{"@id":"https:\/\/www.p31noticias.com.br\/?p=47150"},"wordCount":97,"commentCount":0,"image":{"@id":"https:\/\/www.p31noticias.com.br\/?p=47150#primaryimage"},"thumbnailUrl":"https:\/\/www.p31noticias.com.br\/wp-content\/uploads\/2024\/04\/Cooperativas-150x150-tN3cU6-0HVorp.jpeg","articleSection":["Bras\u00edlia"],"inLanguage":"pt-BR","potentialAction":[{"@type":"CommentAction","name":"Comment","target":["https:\/\/www.p31noticias.com.br\/?p=47150#respond"]}],"copyrightYear":"2024","copyrightHolder":{"@id":"https:\/\/www.p31noticias.com.br\/#organization"}},{"@type":"WebPage","@id":"https:\/\/www.p31noticias.com.br\/?p=47150","url":"https:\/\/www.p31noticias.com.br\/?p=47150","name":"Projeto Cei\u00e7a da Construir, que beneficia cooperativas de catadores, \u00e9 encaminhado \u00e0 C\u00e2mara Legislativa - P31","isPartOf":{"@id":"https:\/\/www.p31noticias.com.br\/#website"},"primaryImageOfPage":{"@id":"https:\/\/www.p31noticias.com.br\/?p=47150#primaryimage"},"image":{"@id":"https:\/\/www.p31noticias.com.br\/?p=47150#primaryimage"},"thumbnailUrl":"https:\/\/www.p31noticias.com.br\/wp-content\/uploads\/2024\/04\/Cooperativas-150x150-tN3cU6-0HVorp.jpeg","datePublished":"2024-04-15T22:30:13+00:00","author":{"@id":""},"breadcrumb":{"@id":"https:\/\/www.p31noticias.com.br\/?p=47150#breadcrumb"},"inLanguage":"pt-BR","potentialAction":[{"@type":"ReadAction","target":["https:\/\/www.p31noticias.com.br\/?p=47150"]}]},{"@type":"ImageObject","inLanguage":"pt-BR","@id":"https:\/\/www.p31noticias.com.br\/?p=47150#primaryimage","url":"https:\/\/www.p31noticias.com.br\/wp-content\/uploads\/2024\/04\/Cooperativas-150x150-tN3cU6-0HVorp.jpeg","contentUrl":"https:\/\/www.p31noticias.com.br\/wp-content\/uploads\/2024\/04\/Cooperativas-150x150-tN3cU6-0HVorp.jpeg","width":150,"height":150},{"@type":"BreadcrumbList","@id":"https:\/\/www.p31noticias.com.br\/?p=47150#breadcrumb","itemListElement":[{"@type":"ListItem","position":1,"name":"In\u00edcio","item":"https:\/\/www.p31noticias.com.br\/"},{"@type":"ListItem","position":2,"name":"Projeto Cei\u00e7a da Construir, que beneficia cooperativas de catadores, \u00e9 encaminhado \u00e0 C\u00e2mara Legislativa"}]},{"@type":"WebSite","@id":"https:\/\/www.p31noticias.com.br\/#website","url":"https:\/\/www.p31noticias.com.br\/","name":"P31","description":"NOT\u00cdCIAS","potentialAction":[{"@type":"SearchAction","target":{"@type":"EntryPoint","urlTemplate":"https:\/\/www.p31noticias.com.br\/?s={search_term_string}"},"query-input":{"@type":"PropertyValueSpecification","valueRequired":true,"valueName":"search_term_string"}}],"inLanguage":"pt-BR"}]}},"amp_enabled":true,"_links":{"self":[{"href":"https:\/\/www.p31noticias.com.br\/index.php?rest_route=\/wp\/v2\/posts\/47150","targetHints":{"allow":["GET"]}}],"collection":[{"href":"https:\/\/www.p31noticias.com.br\/index.php?rest_route=\/wp\/v2\/posts"}],"about":[{"href":"https:\/\/www.p31noticias.com.br\/index.php?rest_route=\/wp\/v2\/types\/post"}],"replies":[{"embeddable":true,"href":"https:\/\/www.p31noticias.com.br\/index.php?rest_route=%2Fwp%2Fv2%2Fcomments&post=47150"}],"version-history":[{"count":0,"href":"https:\/\/www.p31noticias.com.br\/index.php?rest_route=\/wp\/v2\/posts\/47150\/revisions"}],"wp:featuredmedia":[{"embeddable":true,"href":"https:\/\/www.p31noticias.com.br\/index.php?rest_route=\/wp\/v2\/media\/47151"}],"wp:attachment":[{"href":"https:\/\/www.p31noticias.com.br\/index.php?rest_route=%2Fwp%2Fv2%2Fmedia&parent=47150"}],"wp:term":[{"taxonomy":"category","embeddable":true,"href":"https:\/\/www.p31noticias.com.br\/index.php?rest_route=%2Fwp%2Fv2%2Fcategories&post=47150"},{"taxonomy":"post_tag","embeddable":true,"href":"https:\/\/www.p31noticias.com.br\/index.php?rest_route=%2Fwp%2Fv2%2Ftags&post=47150"}],"curies":[{"name":"wp","href":"https:\/\/api.w.org\/{rel}","templated":true}]}}