{"id":47065,"date":"2024-04-14T15:30:03","date_gmt":"2024-04-14T18:30:03","guid":{"rendered":"https:\/\/p31noticias.com.br\/extensao-academica-gratuita-aborda-a-meditacao-como-ferramenta-para-autoconhecimento\/"},"modified":"2024-04-14T15:30:03","modified_gmt":"2024-04-14T18:30:03","slug":"extensao-academica-gratuita-aborda-a-meditacao-como-ferramenta-para-autoconhecimento","status":"publish","type":"post","link":"https:\/\/www.p31noticias.com.br\/?p=47065","title":{"rendered":"Extens\u00e3o acad\u00eamica gratuita aborda a medita\u00e7\u00e3o como ferramenta para autoconhecimento"},"content":{"rendered":"<p>Est\u00e3o abertas as inscri\u00e7\u00f5es para o projeto Despertar: Iluminando Vidas e Saberes. A extens\u00e3o acad\u00eamica, coordenada pela docente Emanuelle Santos, oferece 200 vagas para os encontros semanais, com duas horas de dura\u00e7\u00e3o, no campus Norte da Universidade do Distrito Federal Professor Jorge Amaury Maia Nunes (UnDF). Interessados com idade igual ou maior a 18 anos [\u2026]<\/p>\n<p>O post <a href=\"https:\/\/www.delioandrade.com.br\/extensao-academica-gratuita-aborda-a-meditacao-como-ferramenta-para-autoconhecimento\/\">Extens\u00e3o acad\u00eamica gratuita aborda a medita\u00e7\u00e3o como ferramenta para autoconhecimento<\/a> apareceu primeiro em <a href=\"https:\/\/www.delioandrade.com.br\/\">Blog do D\u00c9LIO ANDRADE<\/a>.<\/p>\n","protected":false},"excerpt":{"rendered":"<p>Est\u00e3o abertas as inscri\u00e7\u00f5es para o projeto Despertar: Iluminando Vidas e Saberes. A extens\u00e3o acad\u00eamica, coordenada pela docente Emanuelle Santos, oferece 200 vagas para os encontros semanais, com duas horas de dura\u00e7\u00e3o, no campus Norte da Universidade do Distrito Federal Professor Jorge Amaury Maia Nunes (UnDF). Interessados com idade igual ou maior a 18 anos [&hellip;]<\/p>\n","protected":false},"author":0,"featured_media":47066,"comment_status":"open","ping_status":"open","sticky":false,"template":"","format":"standard","meta":{"footnotes":""},"categories":[21],"tags":[],"class_list":{"0":"post-47065","1":"post","2":"type-post","3":"status-publish","4":"format-standard","5":"has-post-thumbnail","7":"category-brasilia"},"yoast_head":"<!-- This site is optimized with the Yoast SEO Premium plugin v24.5 (Yoast SEO v27.5) - https:\/\/yoast.com\/product\/yoast-seo-premium-wordpress\/ -->\n<title>Extens\u00e3o acad\u00eamica gratuita aborda a medita\u00e7\u00e3o como ferramenta para autoconhecimento - P31<\/title>\n<meta name=\"robots\" content=\"index, follow, max-snippet:-1, max-image-preview:large, max-video-preview:-1\" \/>\n<link rel=\"canonical\" href=\"https:\/\/www.p31noticias.com.br\/?p=47065\" \/>\n<meta property=\"og:locale\" content=\"pt_BR\" \/>\n<meta property=\"og:type\" content=\"article\" \/>\n<meta property=\"og:title\" content=\"Extens\u00e3o acad\u00eamica gratuita aborda a medita\u00e7\u00e3o como ferramenta para autoconhecimento\" \/>\n<meta property=\"og:description\" content=\"Est\u00e3o abertas as inscri\u00e7\u00f5es para o projeto Despertar: Iluminando Vidas e Saberes. A extens\u00e3o acad\u00eamica, coordenada pela docente Emanuelle Santos, oferece 200 vagas para os encontros semanais, com duas horas de dura\u00e7\u00e3o, no campus Norte da Universidade do Distrito Federal Professor Jorge Amaury Maia Nunes (UnDF). Interessados com idade igual ou maior a 18 anos [&hellip;]\" \/>\n<meta property=\"og:url\" content=\"https:\/\/www.p31noticias.com.br\/?p=47065\" \/>\n<meta property=\"og:site_name\" content=\"P31\" \/>\n<meta property=\"article:published_time\" content=\"2024-04-14T18:30:03+00:00\" \/>\n<meta property=\"og:image\" content=\"https:\/\/www.p31noticias.com.br\/wp-content\/uploads\/2024\/04\/12.4.-Projeto-Despertar.-UnDF-scaled-e1712952145266-CEJsFs-150x150-F4sL4B.jpeg\" \/>\n\t<meta property=\"og:image:width\" content=\"150\" \/>\n\t<meta property=\"og:image:height\" content=\"150\" \/>\n\t<meta property=\"og:image:type\" content=\"image\/jpeg\" \/>\n<meta name=\"twitter:card\" content=\"summary_large_image\" \/>\n<script type=\"application\/ld+json\" class=\"yoast-schema-graph\">{\"@context\":\"https:\\\/\\\/schema.org\",\"@graph\":[{\"@type\":\"Article\",\"@id\":\"https:\\\/\\\/www.p31noticias.com.br\\\/?p=47065#article\",\"isPartOf\":{\"@id\":\"https:\\\/\\\/www.p31noticias.com.br\\\/?p=47065\"},\"author\":{\"name\":\"\",\"@id\":\"\"},\"headline\":\"Extens\u00e3o acad\u00eamica gratuita aborda a medita\u00e7\u00e3o como ferramenta para autoconhecimento\",\"datePublished\":\"2024-04-14T18:30:03+00:00\",\"mainEntityOfPage\":{\"@id\":\"https:\\\/\\\/www.p31noticias.com.br\\\/?p=47065\"},\"wordCount\":94,\"commentCount\":0,\"image\":{\"@id\":\"https:\\\/\\\/www.p31noticias.com.br\\\/?p=47065#primaryimage\"},\"thumbnailUrl\":\"https:\\\/\\\/www.p31noticias.com.br\\\/wp-content\\\/uploads\\\/2024\\\/04\\\/12.4.-Projeto-Despertar.-UnDF-scaled-e1712952145266-CEJsFs-150x150-F4sL4B.jpeg\",\"articleSection\":[\"Bras\u00edlia\"],\"inLanguage\":\"pt-BR\",\"potentialAction\":[{\"@type\":\"CommentAction\",\"name\":\"Comment\",\"target\":[\"https:\\\/\\\/www.p31noticias.com.br\\\/?p=47065#respond\"]}],\"copyrightYear\":\"2024\",\"copyrightHolder\":{\"@id\":\"https:\\\/\\\/www.p31noticias.com.br\\\/#organization\"}},{\"@type\":\"WebPage\",\"@id\":\"https:\\\/\\\/www.p31noticias.com.br\\\/?p=47065\",\"url\":\"https:\\\/\\\/www.p31noticias.com.br\\\/?p=47065\",\"name\":\"Extens\u00e3o acad\u00eamica gratuita aborda a medita\u00e7\u00e3o como ferramenta para autoconhecimento - P31\",\"isPartOf\":{\"@id\":\"https:\\\/\\\/www.p31noticias.com.br\\\/#website\"},\"primaryImageOfPage\":{\"@id\":\"https:\\\/\\\/www.p31noticias.com.br\\\/?p=47065#primaryimage\"},\"image\":{\"@id\":\"https:\\\/\\\/www.p31noticias.com.br\\\/?p=47065#primaryimage\"},\"thumbnailUrl\":\"https:\\\/\\\/www.p31noticias.com.br\\\/wp-content\\\/uploads\\\/2024\\\/04\\\/12.4.-Projeto-Despertar.-UnDF-scaled-e1712952145266-CEJsFs-150x150-F4sL4B.jpeg\",\"datePublished\":\"2024-04-14T18:30:03+00:00\",\"author\":{\"@id\":\"\"},\"breadcrumb\":{\"@id\":\"https:\\\/\\\/www.p31noticias.com.br\\\/?p=47065#breadcrumb\"},\"inLanguage\":\"pt-BR\",\"potentialAction\":[{\"@type\":\"ReadAction\",\"target\":[\"https:\\\/\\\/www.p31noticias.com.br\\\/?p=47065\"]}]},{\"@type\":\"ImageObject\",\"inLanguage\":\"pt-BR\",\"@id\":\"https:\\\/\\\/www.p31noticias.com.br\\\/?p=47065#primaryimage\",\"url\":\"https:\\\/\\\/www.p31noticias.com.br\\\/wp-content\\\/uploads\\\/2024\\\/04\\\/12.4.-Projeto-Despertar.-UnDF-scaled-e1712952145266-CEJsFs-150x150-F4sL4B.jpeg\",\"contentUrl\":\"https:\\\/\\\/www.p31noticias.com.br\\\/wp-content\\\/uploads\\\/2024\\\/04\\\/12.4.-Projeto-Despertar.-UnDF-scaled-e1712952145266-CEJsFs-150x150-F4sL4B.jpeg\",\"width\":150,\"height\":150},{\"@type\":\"BreadcrumbList\",\"@id\":\"https:\\\/\\\/www.p31noticias.com.br\\\/?p=47065#breadcrumb\",\"itemListElement\":[{\"@type\":\"ListItem\",\"position\":1,\"name\":\"In\u00edcio\",\"item\":\"https:\\\/\\\/www.p31noticias.com.br\\\/\"},{\"@type\":\"ListItem\",\"position\":2,\"name\":\"Extens\u00e3o acad\u00eamica gratuita aborda a medita\u00e7\u00e3o como ferramenta para autoconhecimento\"}]},{\"@type\":\"WebSite\",\"@id\":\"https:\\\/\\\/www.p31noticias.com.br\\\/#website\",\"url\":\"https:\\\/\\\/www.p31noticias.com.br\\\/\",\"name\":\"P31\",\"description\":\"NOT\u00cdCIAS\",\"potentialAction\":[{\"@type\":\"SearchAction\",\"target\":{\"@type\":\"EntryPoint\",\"urlTemplate\":\"https:\\\/\\\/www.p31noticias.com.br\\\/?s={search_term_string}\"},\"query-input\":{\"@type\":\"PropertyValueSpecification\",\"valueRequired\":true,\"valueName\":\"search_term_string\"}}],\"inLanguage\":\"pt-BR\"}]}<\/script>\n<!-- \/ Yoast SEO Premium plugin. -->","yoast_head_json":{"title":"Extens\u00e3o acad\u00eamica gratuita aborda a medita\u00e7\u00e3o como ferramenta para autoconhecimento - P31","robots":{"index":"index","follow":"follow","max-snippet":"max-snippet:-1","max-image-preview":"max-image-preview:large","max-video-preview":"max-video-preview:-1"},"canonical":"https:\/\/www.p31noticias.com.br\/?p=47065","og_locale":"pt_BR","og_type":"article","og_title":"Extens\u00e3o acad\u00eamica gratuita aborda a medita\u00e7\u00e3o como ferramenta para autoconhecimento","og_description":"Est\u00e3o abertas as inscri\u00e7\u00f5es para o projeto Despertar: Iluminando Vidas e Saberes. A extens\u00e3o acad\u00eamica, coordenada pela docente Emanuelle Santos, oferece 200 vagas para os encontros semanais, com duas horas de dura\u00e7\u00e3o, no campus Norte da Universidade do Distrito Federal Professor Jorge Amaury Maia Nunes (UnDF). Interessados com idade igual ou maior a 18 anos [&hellip;]","og_url":"https:\/\/www.p31noticias.com.br\/?p=47065","og_site_name":"P31","article_published_time":"2024-04-14T18:30:03+00:00","og_image":[{"width":150,"height":150,"url":"https:\/\/www.p31noticias.com.br\/wp-content\/uploads\/2024\/04\/12.4.-Projeto-Despertar.-UnDF-scaled-e1712952145266-CEJsFs-150x150-F4sL4B.jpeg","type":"image\/jpeg"}],"twitter_card":"summary_large_image","schema":{"@context":"https:\/\/schema.org","@graph":[{"@type":"Article","@id":"https:\/\/www.p31noticias.com.br\/?p=47065#article","isPartOf":{"@id":"https:\/\/www.p31noticias.com.br\/?p=47065"},"author":{"name":"","@id":""},"headline":"Extens\u00e3o acad\u00eamica gratuita aborda a medita\u00e7\u00e3o como ferramenta para autoconhecimento","datePublished":"2024-04-14T18:30:03+00:00","mainEntityOfPage":{"@id":"https:\/\/www.p31noticias.com.br\/?p=47065"},"wordCount":94,"commentCount":0,"image":{"@id":"https:\/\/www.p31noticias.com.br\/?p=47065#primaryimage"},"thumbnailUrl":"https:\/\/www.p31noticias.com.br\/wp-content\/uploads\/2024\/04\/12.4.-Projeto-Despertar.-UnDF-scaled-e1712952145266-CEJsFs-150x150-F4sL4B.jpeg","articleSection":["Bras\u00edlia"],"inLanguage":"pt-BR","potentialAction":[{"@type":"CommentAction","name":"Comment","target":["https:\/\/www.p31noticias.com.br\/?p=47065#respond"]}],"copyrightYear":"2024","copyrightHolder":{"@id":"https:\/\/www.p31noticias.com.br\/#organization"}},{"@type":"WebPage","@id":"https:\/\/www.p31noticias.com.br\/?p=47065","url":"https:\/\/www.p31noticias.com.br\/?p=47065","name":"Extens\u00e3o acad\u00eamica gratuita aborda a medita\u00e7\u00e3o como ferramenta para autoconhecimento - P31","isPartOf":{"@id":"https:\/\/www.p31noticias.com.br\/#website"},"primaryImageOfPage":{"@id":"https:\/\/www.p31noticias.com.br\/?p=47065#primaryimage"},"image":{"@id":"https:\/\/www.p31noticias.com.br\/?p=47065#primaryimage"},"thumbnailUrl":"https:\/\/www.p31noticias.com.br\/wp-content\/uploads\/2024\/04\/12.4.-Projeto-Despertar.-UnDF-scaled-e1712952145266-CEJsFs-150x150-F4sL4B.jpeg","datePublished":"2024-04-14T18:30:03+00:00","author":{"@id":""},"breadcrumb":{"@id":"https:\/\/www.p31noticias.com.br\/?p=47065#breadcrumb"},"inLanguage":"pt-BR","potentialAction":[{"@type":"ReadAction","target":["https:\/\/www.p31noticias.com.br\/?p=47065"]}]},{"@type":"ImageObject","inLanguage":"pt-BR","@id":"https:\/\/www.p31noticias.com.br\/?p=47065#primaryimage","url":"https:\/\/www.p31noticias.com.br\/wp-content\/uploads\/2024\/04\/12.4.-Projeto-Despertar.-UnDF-scaled-e1712952145266-CEJsFs-150x150-F4sL4B.jpeg","contentUrl":"https:\/\/www.p31noticias.com.br\/wp-content\/uploads\/2024\/04\/12.4.-Projeto-Despertar.-UnDF-scaled-e1712952145266-CEJsFs-150x150-F4sL4B.jpeg","width":150,"height":150},{"@type":"BreadcrumbList","@id":"https:\/\/www.p31noticias.com.br\/?p=47065#breadcrumb","itemListElement":[{"@type":"ListItem","position":1,"name":"In\u00edcio","item":"https:\/\/www.p31noticias.com.br\/"},{"@type":"ListItem","position":2,"name":"Extens\u00e3o acad\u00eamica gratuita aborda a medita\u00e7\u00e3o como ferramenta para autoconhecimento"}]},{"@type":"WebSite","@id":"https:\/\/www.p31noticias.com.br\/#website","url":"https:\/\/www.p31noticias.com.br\/","name":"P31","description":"NOT\u00cdCIAS","potentialAction":[{"@type":"SearchAction","target":{"@type":"EntryPoint","urlTemplate":"https:\/\/www.p31noticias.com.br\/?s={search_term_string}"},"query-input":{"@type":"PropertyValueSpecification","valueRequired":true,"valueName":"search_term_string"}}],"inLanguage":"pt-BR"}]}},"amp_enabled":true,"_links":{"self":[{"href":"https:\/\/www.p31noticias.com.br\/index.php?rest_route=\/wp\/v2\/posts\/47065","targetHints":{"allow":["GET"]}}],"collection":[{"href":"https:\/\/www.p31noticias.com.br\/index.php?rest_route=\/wp\/v2\/posts"}],"about":[{"href":"https:\/\/www.p31noticias.com.br\/index.php?rest_route=\/wp\/v2\/types\/post"}],"replies":[{"embeddable":true,"href":"https:\/\/www.p31noticias.com.br\/index.php?rest_route=%2Fwp%2Fv2%2Fcomments&post=47065"}],"version-history":[{"count":0,"href":"https:\/\/www.p31noticias.com.br\/index.php?rest_route=\/wp\/v2\/posts\/47065\/revisions"}],"wp:featuredmedia":[{"embeddable":true,"href":"https:\/\/www.p31noticias.com.br\/index.php?rest_route=\/wp\/v2\/media\/47066"}],"wp:attachment":[{"href":"https:\/\/www.p31noticias.com.br\/index.php?rest_route=%2Fwp%2Fv2%2Fmedia&parent=47065"}],"wp:term":[{"taxonomy":"category","embeddable":true,"href":"https:\/\/www.p31noticias.com.br\/index.php?rest_route=%2Fwp%2Fv2%2Fcategories&post=47065"},{"taxonomy":"post_tag","embeddable":true,"href":"https:\/\/www.p31noticias.com.br\/index.php?rest_route=%2Fwp%2Fv2%2Ftags&post=47065"}],"curies":[{"name":"wp","href":"https:\/\/api.w.org\/{rel}","templated":true}]}}