{"id":47045,"date":"2024-04-14T07:29:43","date_gmt":"2024-04-14T10:29:43","guid":{"rendered":"https:\/\/p31noticias.com.br\/moro-critica-os-vetos-a-lei-que-pos-fim-as-saidinhas-de-presos\/"},"modified":"2024-04-14T07:29:43","modified_gmt":"2024-04-14T10:29:43","slug":"moro-critica-os-vetos-a-lei-que-pos-fim-as-saidinhas-de-presos","status":"publish","type":"post","link":"https:\/\/www.p31noticias.com.br\/?p=47045","title":{"rendered":"Moro critica os vetos \u00e0 lei que p\u00f4s fim \u00e0s saidinhas de presos"},"content":{"rendered":"<p>O senador Sergio Moro (Uni\u00e3o-PR) criticou, em pronunciamento na sexta-feira (12), o veto presidencial a trechos da lei que restringe a sa\u00edda tempor\u00e1ria de presos do regime semiaberto (Lei 14.843). Os vetos ocorreram em trechos\u00a0 significativos sobre o \u201csaid\u00e3o\u201d, que retiravam totalmente a possibilidade de o preso visitar a fam\u00edlia e realizar atividades sociais. \u2014 [\u2026]<\/p>\n<p>O post <a href=\"https:\/\/www.delioandrade.com.br\/moro-critica-os-vetos-a-lei-que-pos-fim-as-saidinhas-de-presos\/\">Moro critica os vetos \u00e0 lei que p\u00f4s fim \u00e0s saidinhas de presos<\/a> apareceu primeiro em <a href=\"https:\/\/www.delioandrade.com.br\/\">Blog do D\u00c9LIO ANDRADE<\/a>.<\/p>\n","protected":false},"excerpt":{"rendered":"<p>O senador Sergio Moro (Uni\u00e3o-PR) criticou, em pronunciamento na sexta-feira (12), o veto presidencial a trechos da lei que restringe a sa\u00edda tempor\u00e1ria de presos do regime semiaberto (Lei 14.843). Os vetos ocorreram em trechos\u00a0 significativos sobre o \u201csaid\u00e3o\u201d, que retiravam totalmente a possibilidade de o preso visitar a fam\u00edlia e realizar atividades sociais. \u2014 [&hellip;]<\/p>\n","protected":false},"author":0,"featured_media":0,"comment_status":"open","ping_status":"open","sticky":false,"template":"","format":"standard","meta":{"footnotes":""},"categories":[21],"tags":[],"class_list":{"0":"post-47045","1":"post","2":"type-post","3":"status-publish","4":"format-standard","6":"category-brasilia"},"yoast_head":"<!-- This site is optimized with the Yoast SEO Premium plugin v24.5 (Yoast SEO v27.5) - https:\/\/yoast.com\/product\/yoast-seo-premium-wordpress\/ -->\n<title>Moro critica os vetos \u00e0 lei que p\u00f4s fim \u00e0s saidinhas de presos - P31<\/title>\n<meta name=\"robots\" content=\"index, follow, max-snippet:-1, max-image-preview:large, max-video-preview:-1\" \/>\n<link rel=\"canonical\" href=\"https:\/\/www.p31noticias.com.br\/?p=47045\" \/>\n<meta property=\"og:locale\" content=\"pt_BR\" \/>\n<meta property=\"og:type\" content=\"article\" \/>\n<meta property=\"og:title\" content=\"Moro critica os vetos \u00e0 lei que p\u00f4s fim \u00e0s saidinhas de presos\" \/>\n<meta property=\"og:description\" content=\"O senador Sergio Moro (Uni\u00e3o-PR) criticou, em pronunciamento na sexta-feira (12), o veto presidencial a trechos da lei que restringe a sa\u00edda tempor\u00e1ria de presos do regime semiaberto (Lei 14.843). Os vetos ocorreram em trechos\u00a0 significativos sobre o \u201csaid\u00e3o\u201d, que retiravam totalmente a possibilidade de o preso visitar a fam\u00edlia e realizar atividades sociais. \u2014 [&hellip;]\" \/>\n<meta property=\"og:url\" content=\"https:\/\/www.p31noticias.com.br\/?p=47045\" \/>\n<meta property=\"og:site_name\" content=\"P31\" \/>\n<meta property=\"article:published_time\" content=\"2024-04-14T10:29:43+00:00\" \/>\n<meta name=\"twitter:card\" content=\"summary_large_image\" \/>\n<script type=\"application\/ld+json\" class=\"yoast-schema-graph\">{\"@context\":\"https:\\\/\\\/schema.org\",\"@graph\":[{\"@type\":\"Article\",\"@id\":\"https:\\\/\\\/www.p31noticias.com.br\\\/?p=47045#article\",\"isPartOf\":{\"@id\":\"https:\\\/\\\/www.p31noticias.com.br\\\/?p=47045\"},\"author\":{\"name\":\"\",\"@id\":\"\"},\"headline\":\"Moro critica os vetos \u00e0 lei que p\u00f4s fim \u00e0s saidinhas de presos\",\"datePublished\":\"2024-04-14T10:29:43+00:00\",\"mainEntityOfPage\":{\"@id\":\"https:\\\/\\\/www.p31noticias.com.br\\\/?p=47045\"},\"wordCount\":93,\"commentCount\":0,\"articleSection\":[\"Bras\u00edlia\"],\"inLanguage\":\"pt-BR\",\"potentialAction\":[{\"@type\":\"CommentAction\",\"name\":\"Comment\",\"target\":[\"https:\\\/\\\/www.p31noticias.com.br\\\/?p=47045#respond\"]}],\"copyrightYear\":\"2024\",\"copyrightHolder\":{\"@id\":\"https:\\\/\\\/www.p31noticias.com.br\\\/#organization\"}},{\"@type\":\"WebPage\",\"@id\":\"https:\\\/\\\/www.p31noticias.com.br\\\/?p=47045\",\"url\":\"https:\\\/\\\/www.p31noticias.com.br\\\/?p=47045\",\"name\":\"Moro critica os vetos \u00e0 lei que p\u00f4s fim \u00e0s saidinhas de presos - P31\",\"isPartOf\":{\"@id\":\"https:\\\/\\\/www.p31noticias.com.br\\\/#website\"},\"datePublished\":\"2024-04-14T10:29:43+00:00\",\"author\":{\"@id\":\"\"},\"breadcrumb\":{\"@id\":\"https:\\\/\\\/www.p31noticias.com.br\\\/?p=47045#breadcrumb\"},\"inLanguage\":\"pt-BR\",\"potentialAction\":[{\"@type\":\"ReadAction\",\"target\":[\"https:\\\/\\\/www.p31noticias.com.br\\\/?p=47045\"]}]},{\"@type\":\"BreadcrumbList\",\"@id\":\"https:\\\/\\\/www.p31noticias.com.br\\\/?p=47045#breadcrumb\",\"itemListElement\":[{\"@type\":\"ListItem\",\"position\":1,\"name\":\"In\u00edcio\",\"item\":\"https:\\\/\\\/www.p31noticias.com.br\\\/\"},{\"@type\":\"ListItem\",\"position\":2,\"name\":\"Moro critica os vetos \u00e0 lei que p\u00f4s fim \u00e0s saidinhas de presos\"}]},{\"@type\":\"WebSite\",\"@id\":\"https:\\\/\\\/www.p31noticias.com.br\\\/#website\",\"url\":\"https:\\\/\\\/www.p31noticias.com.br\\\/\",\"name\":\"P31\",\"description\":\"NOT\u00cdCIAS\",\"potentialAction\":[{\"@type\":\"SearchAction\",\"target\":{\"@type\":\"EntryPoint\",\"urlTemplate\":\"https:\\\/\\\/www.p31noticias.com.br\\\/?s={search_term_string}\"},\"query-input\":{\"@type\":\"PropertyValueSpecification\",\"valueRequired\":true,\"valueName\":\"search_term_string\"}}],\"inLanguage\":\"pt-BR\"}]}<\/script>\n<!-- \/ Yoast SEO Premium plugin. -->","yoast_head_json":{"title":"Moro critica os vetos \u00e0 lei que p\u00f4s fim \u00e0s saidinhas de presos - P31","robots":{"index":"index","follow":"follow","max-snippet":"max-snippet:-1","max-image-preview":"max-image-preview:large","max-video-preview":"max-video-preview:-1"},"canonical":"https:\/\/www.p31noticias.com.br\/?p=47045","og_locale":"pt_BR","og_type":"article","og_title":"Moro critica os vetos \u00e0 lei que p\u00f4s fim \u00e0s saidinhas de presos","og_description":"O senador Sergio Moro (Uni\u00e3o-PR) criticou, em pronunciamento na sexta-feira (12), o veto presidencial a trechos da lei que restringe a sa\u00edda tempor\u00e1ria de presos do regime semiaberto (Lei 14.843). Os vetos ocorreram em trechos\u00a0 significativos sobre o \u201csaid\u00e3o\u201d, que retiravam totalmente a possibilidade de o preso visitar a fam\u00edlia e realizar atividades sociais. \u2014 [&hellip;]","og_url":"https:\/\/www.p31noticias.com.br\/?p=47045","og_site_name":"P31","article_published_time":"2024-04-14T10:29:43+00:00","twitter_card":"summary_large_image","schema":{"@context":"https:\/\/schema.org","@graph":[{"@type":"Article","@id":"https:\/\/www.p31noticias.com.br\/?p=47045#article","isPartOf":{"@id":"https:\/\/www.p31noticias.com.br\/?p=47045"},"author":{"name":"","@id":""},"headline":"Moro critica os vetos \u00e0 lei que p\u00f4s fim \u00e0s saidinhas de presos","datePublished":"2024-04-14T10:29:43+00:00","mainEntityOfPage":{"@id":"https:\/\/www.p31noticias.com.br\/?p=47045"},"wordCount":93,"commentCount":0,"articleSection":["Bras\u00edlia"],"inLanguage":"pt-BR","potentialAction":[{"@type":"CommentAction","name":"Comment","target":["https:\/\/www.p31noticias.com.br\/?p=47045#respond"]}],"copyrightYear":"2024","copyrightHolder":{"@id":"https:\/\/www.p31noticias.com.br\/#organization"}},{"@type":"WebPage","@id":"https:\/\/www.p31noticias.com.br\/?p=47045","url":"https:\/\/www.p31noticias.com.br\/?p=47045","name":"Moro critica os vetos \u00e0 lei que p\u00f4s fim \u00e0s saidinhas de presos - P31","isPartOf":{"@id":"https:\/\/www.p31noticias.com.br\/#website"},"datePublished":"2024-04-14T10:29:43+00:00","author":{"@id":""},"breadcrumb":{"@id":"https:\/\/www.p31noticias.com.br\/?p=47045#breadcrumb"},"inLanguage":"pt-BR","potentialAction":[{"@type":"ReadAction","target":["https:\/\/www.p31noticias.com.br\/?p=47045"]}]},{"@type":"BreadcrumbList","@id":"https:\/\/www.p31noticias.com.br\/?p=47045#breadcrumb","itemListElement":[{"@type":"ListItem","position":1,"name":"In\u00edcio","item":"https:\/\/www.p31noticias.com.br\/"},{"@type":"ListItem","position":2,"name":"Moro critica os vetos \u00e0 lei que p\u00f4s fim \u00e0s saidinhas de presos"}]},{"@type":"WebSite","@id":"https:\/\/www.p31noticias.com.br\/#website","url":"https:\/\/www.p31noticias.com.br\/","name":"P31","description":"NOT\u00cdCIAS","potentialAction":[{"@type":"SearchAction","target":{"@type":"EntryPoint","urlTemplate":"https:\/\/www.p31noticias.com.br\/?s={search_term_string}"},"query-input":{"@type":"PropertyValueSpecification","valueRequired":true,"valueName":"search_term_string"}}],"inLanguage":"pt-BR"}]}},"amp_enabled":true,"_links":{"self":[{"href":"https:\/\/www.p31noticias.com.br\/index.php?rest_route=\/wp\/v2\/posts\/47045","targetHints":{"allow":["GET"]}}],"collection":[{"href":"https:\/\/www.p31noticias.com.br\/index.php?rest_route=\/wp\/v2\/posts"}],"about":[{"href":"https:\/\/www.p31noticias.com.br\/index.php?rest_route=\/wp\/v2\/types\/post"}],"replies":[{"embeddable":true,"href":"https:\/\/www.p31noticias.com.br\/index.php?rest_route=%2Fwp%2Fv2%2Fcomments&post=47045"}],"version-history":[{"count":0,"href":"https:\/\/www.p31noticias.com.br\/index.php?rest_route=\/wp\/v2\/posts\/47045\/revisions"}],"wp:attachment":[{"href":"https:\/\/www.p31noticias.com.br\/index.php?rest_route=%2Fwp%2Fv2%2Fmedia&parent=47045"}],"wp:term":[{"taxonomy":"category","embeddable":true,"href":"https:\/\/www.p31noticias.com.br\/index.php?rest_route=%2Fwp%2Fv2%2Fcategories&post=47045"},{"taxonomy":"post_tag","embeddable":true,"href":"https:\/\/www.p31noticias.com.br\/index.php?rest_route=%2Fwp%2Fv2%2Ftags&post=47045"}],"curies":[{"name":"wp","href":"https:\/\/api.w.org\/{rel}","templated":true}]}}