{"id":47035,"date":"2024-04-14T00:30:08","date_gmt":"2024-04-14T03:30:08","guid":{"rendered":"https:\/\/p31noticias.com.br\/fundadora-do-galois-sobre-racismo-de-alunos-tomaremos-todas-medidas\/"},"modified":"2024-04-14T00:30:08","modified_gmt":"2024-04-14T03:30:08","slug":"fundadora-do-galois-sobre-racismo-de-alunos-tomaremos-todas-medidas","status":"publish","type":"post","link":"https:\/\/www.p31noticias.com.br\/?p=47035","title":{"rendered":"Fundadora do Galois sobre racismo de alunos: \u201cTomaremos todas medidas\u201d"},"content":{"rendered":"<p>A fundadora do col\u00e9gio particular Galois, Dulcin\u00e9ia Marques, se manifestou nas redes sociais da escola, ap\u00f3s alunos da institui\u00e7\u00e3o atacarem advers\u00e1rios em jogo de futsal com ofensas racistas. Em um v\u00eddeo publicado na p\u00e1gina da escola, a educadora garantiu que haver\u00e1 puni\u00e7\u00e3o aos envolvidos. Tomaremos todas as medidas, tanto pedag\u00f3gicas, quanto educacionais e de direito\u201d, [\u2026]<\/p>\n<p>O post <a href=\"https:\/\/www.delioandrade.com.br\/fundadora-do-galois-sobre-racismo-de-alunos-tomaremos-todas-medidas\/\">Fundadora do Galois sobre racismo de alunos: \u201cTomaremos todas medidas\u201d<\/a> apareceu primeiro em <a href=\"https:\/\/www.delioandrade.com.br\/\">Blog do D\u00c9LIO ANDRADE<\/a>.<\/p>\n","protected":false},"excerpt":{"rendered":"<p>A fundadora do col\u00e9gio particular Galois, Dulcin\u00e9ia Marques, se manifestou nas redes sociais da escola, ap\u00f3s alunos da institui\u00e7\u00e3o atacarem advers\u00e1rios em jogo de futsal com ofensas racistas. Em um v\u00eddeo publicado na p\u00e1gina da escola, a educadora garantiu que haver\u00e1 puni\u00e7\u00e3o aos envolvidos. Tomaremos todas as medidas, tanto pedag\u00f3gicas, quanto educacionais e de direito\u201d, [&hellip;]<\/p>\n","protected":false},"author":0,"featured_media":0,"comment_status":"open","ping_status":"open","sticky":false,"template":"","format":"standard","meta":{"footnotes":""},"categories":[21],"tags":[],"class_list":{"0":"post-47035","1":"post","2":"type-post","3":"status-publish","4":"format-standard","6":"category-brasilia"},"yoast_head":"<!-- This site is optimized with the Yoast SEO Premium plugin v24.5 (Yoast SEO v27.5) - https:\/\/yoast.com\/product\/yoast-seo-premium-wordpress\/ -->\n<title>Fundadora do Galois sobre racismo de alunos: \u201cTomaremos todas medidas\u201d - P31<\/title>\n<meta name=\"robots\" content=\"index, follow, max-snippet:-1, max-image-preview:large, max-video-preview:-1\" \/>\n<link rel=\"canonical\" href=\"https:\/\/www.p31noticias.com.br\/?p=47035\" \/>\n<meta property=\"og:locale\" content=\"pt_BR\" \/>\n<meta property=\"og:type\" content=\"article\" \/>\n<meta property=\"og:title\" content=\"Fundadora do Galois sobre racismo de alunos: \u201cTomaremos todas medidas\u201d\" \/>\n<meta property=\"og:description\" content=\"A fundadora do col\u00e9gio particular Galois, Dulcin\u00e9ia Marques, se manifestou nas redes sociais da escola, ap\u00f3s alunos da institui\u00e7\u00e3o atacarem advers\u00e1rios em jogo de futsal com ofensas racistas. Em um v\u00eddeo publicado na p\u00e1gina da escola, a educadora garantiu que haver\u00e1 puni\u00e7\u00e3o aos envolvidos. Tomaremos todas as medidas, tanto pedag\u00f3gicas, quanto educacionais e de direito\u201d, [&hellip;]\" \/>\n<meta property=\"og:url\" content=\"https:\/\/www.p31noticias.com.br\/?p=47035\" \/>\n<meta property=\"og:site_name\" content=\"P31\" \/>\n<meta property=\"article:published_time\" content=\"2024-04-14T03:30:08+00:00\" \/>\n<meta name=\"twitter:card\" content=\"summary_large_image\" \/>\n<script type=\"application\/ld+json\" class=\"yoast-schema-graph\">{\"@context\":\"https:\\\/\\\/schema.org\",\"@graph\":[{\"@type\":\"Article\",\"@id\":\"https:\\\/\\\/www.p31noticias.com.br\\\/?p=47035#article\",\"isPartOf\":{\"@id\":\"https:\\\/\\\/www.p31noticias.com.br\\\/?p=47035\"},\"author\":{\"name\":\"\",\"@id\":\"\"},\"headline\":\"Fundadora do Galois sobre racismo de alunos: \u201cTomaremos todas medidas\u201d\",\"datePublished\":\"2024-04-14T03:30:08+00:00\",\"mainEntityOfPage\":{\"@id\":\"https:\\\/\\\/www.p31noticias.com.br\\\/?p=47035\"},\"wordCount\":94,\"commentCount\":0,\"articleSection\":[\"Bras\u00edlia\"],\"inLanguage\":\"pt-BR\",\"potentialAction\":[{\"@type\":\"CommentAction\",\"name\":\"Comment\",\"target\":[\"https:\\\/\\\/www.p31noticias.com.br\\\/?p=47035#respond\"]}],\"copyrightYear\":\"2024\",\"copyrightHolder\":{\"@id\":\"https:\\\/\\\/www.p31noticias.com.br\\\/#organization\"}},{\"@type\":\"WebPage\",\"@id\":\"https:\\\/\\\/www.p31noticias.com.br\\\/?p=47035\",\"url\":\"https:\\\/\\\/www.p31noticias.com.br\\\/?p=47035\",\"name\":\"Fundadora do Galois sobre racismo de alunos: \u201cTomaremos todas medidas\u201d - P31\",\"isPartOf\":{\"@id\":\"https:\\\/\\\/www.p31noticias.com.br\\\/#website\"},\"datePublished\":\"2024-04-14T03:30:08+00:00\",\"author\":{\"@id\":\"\"},\"breadcrumb\":{\"@id\":\"https:\\\/\\\/www.p31noticias.com.br\\\/?p=47035#breadcrumb\"},\"inLanguage\":\"pt-BR\",\"potentialAction\":[{\"@type\":\"ReadAction\",\"target\":[\"https:\\\/\\\/www.p31noticias.com.br\\\/?p=47035\"]}]},{\"@type\":\"BreadcrumbList\",\"@id\":\"https:\\\/\\\/www.p31noticias.com.br\\\/?p=47035#breadcrumb\",\"itemListElement\":[{\"@type\":\"ListItem\",\"position\":1,\"name\":\"In\u00edcio\",\"item\":\"https:\\\/\\\/www.p31noticias.com.br\\\/\"},{\"@type\":\"ListItem\",\"position\":2,\"name\":\"Fundadora do Galois sobre racismo de alunos: \u201cTomaremos todas medidas\u201d\"}]},{\"@type\":\"WebSite\",\"@id\":\"https:\\\/\\\/www.p31noticias.com.br\\\/#website\",\"url\":\"https:\\\/\\\/www.p31noticias.com.br\\\/\",\"name\":\"P31\",\"description\":\"NOT\u00cdCIAS\",\"potentialAction\":[{\"@type\":\"SearchAction\",\"target\":{\"@type\":\"EntryPoint\",\"urlTemplate\":\"https:\\\/\\\/www.p31noticias.com.br\\\/?s={search_term_string}\"},\"query-input\":{\"@type\":\"PropertyValueSpecification\",\"valueRequired\":true,\"valueName\":\"search_term_string\"}}],\"inLanguage\":\"pt-BR\"}]}<\/script>\n<!-- \/ Yoast SEO Premium plugin. -->","yoast_head_json":{"title":"Fundadora do Galois sobre racismo de alunos: \u201cTomaremos todas medidas\u201d - P31","robots":{"index":"index","follow":"follow","max-snippet":"max-snippet:-1","max-image-preview":"max-image-preview:large","max-video-preview":"max-video-preview:-1"},"canonical":"https:\/\/www.p31noticias.com.br\/?p=47035","og_locale":"pt_BR","og_type":"article","og_title":"Fundadora do Galois sobre racismo de alunos: \u201cTomaremos todas medidas\u201d","og_description":"A fundadora do col\u00e9gio particular Galois, Dulcin\u00e9ia Marques, se manifestou nas redes sociais da escola, ap\u00f3s alunos da institui\u00e7\u00e3o atacarem advers\u00e1rios em jogo de futsal com ofensas racistas. Em um v\u00eddeo publicado na p\u00e1gina da escola, a educadora garantiu que haver\u00e1 puni\u00e7\u00e3o aos envolvidos. Tomaremos todas as medidas, tanto pedag\u00f3gicas, quanto educacionais e de direito\u201d, [&hellip;]","og_url":"https:\/\/www.p31noticias.com.br\/?p=47035","og_site_name":"P31","article_published_time":"2024-04-14T03:30:08+00:00","twitter_card":"summary_large_image","schema":{"@context":"https:\/\/schema.org","@graph":[{"@type":"Article","@id":"https:\/\/www.p31noticias.com.br\/?p=47035#article","isPartOf":{"@id":"https:\/\/www.p31noticias.com.br\/?p=47035"},"author":{"name":"","@id":""},"headline":"Fundadora do Galois sobre racismo de alunos: \u201cTomaremos todas medidas\u201d","datePublished":"2024-04-14T03:30:08+00:00","mainEntityOfPage":{"@id":"https:\/\/www.p31noticias.com.br\/?p=47035"},"wordCount":94,"commentCount":0,"articleSection":["Bras\u00edlia"],"inLanguage":"pt-BR","potentialAction":[{"@type":"CommentAction","name":"Comment","target":["https:\/\/www.p31noticias.com.br\/?p=47035#respond"]}],"copyrightYear":"2024","copyrightHolder":{"@id":"https:\/\/www.p31noticias.com.br\/#organization"}},{"@type":"WebPage","@id":"https:\/\/www.p31noticias.com.br\/?p=47035","url":"https:\/\/www.p31noticias.com.br\/?p=47035","name":"Fundadora do Galois sobre racismo de alunos: \u201cTomaremos todas medidas\u201d - P31","isPartOf":{"@id":"https:\/\/www.p31noticias.com.br\/#website"},"datePublished":"2024-04-14T03:30:08+00:00","author":{"@id":""},"breadcrumb":{"@id":"https:\/\/www.p31noticias.com.br\/?p=47035#breadcrumb"},"inLanguage":"pt-BR","potentialAction":[{"@type":"ReadAction","target":["https:\/\/www.p31noticias.com.br\/?p=47035"]}]},{"@type":"BreadcrumbList","@id":"https:\/\/www.p31noticias.com.br\/?p=47035#breadcrumb","itemListElement":[{"@type":"ListItem","position":1,"name":"In\u00edcio","item":"https:\/\/www.p31noticias.com.br\/"},{"@type":"ListItem","position":2,"name":"Fundadora do Galois sobre racismo de alunos: \u201cTomaremos todas medidas\u201d"}]},{"@type":"WebSite","@id":"https:\/\/www.p31noticias.com.br\/#website","url":"https:\/\/www.p31noticias.com.br\/","name":"P31","description":"NOT\u00cdCIAS","potentialAction":[{"@type":"SearchAction","target":{"@type":"EntryPoint","urlTemplate":"https:\/\/www.p31noticias.com.br\/?s={search_term_string}"},"query-input":{"@type":"PropertyValueSpecification","valueRequired":true,"valueName":"search_term_string"}}],"inLanguage":"pt-BR"}]}},"amp_enabled":true,"_links":{"self":[{"href":"https:\/\/www.p31noticias.com.br\/index.php?rest_route=\/wp\/v2\/posts\/47035","targetHints":{"allow":["GET"]}}],"collection":[{"href":"https:\/\/www.p31noticias.com.br\/index.php?rest_route=\/wp\/v2\/posts"}],"about":[{"href":"https:\/\/www.p31noticias.com.br\/index.php?rest_route=\/wp\/v2\/types\/post"}],"replies":[{"embeddable":true,"href":"https:\/\/www.p31noticias.com.br\/index.php?rest_route=%2Fwp%2Fv2%2Fcomments&post=47035"}],"version-history":[{"count":0,"href":"https:\/\/www.p31noticias.com.br\/index.php?rest_route=\/wp\/v2\/posts\/47035\/revisions"}],"wp:attachment":[{"href":"https:\/\/www.p31noticias.com.br\/index.php?rest_route=%2Fwp%2Fv2%2Fmedia&parent=47035"}],"wp:term":[{"taxonomy":"category","embeddable":true,"href":"https:\/\/www.p31noticias.com.br\/index.php?rest_route=%2Fwp%2Fv2%2Fcategories&post=47035"},{"taxonomy":"post_tag","embeddable":true,"href":"https:\/\/www.p31noticias.com.br\/index.php?rest_route=%2Fwp%2Fv2%2Ftags&post=47035"}],"curies":[{"name":"wp","href":"https:\/\/api.w.org\/{rel}","templated":true}]}}