{"id":47027,"date":"2024-04-13T23:32:54","date_gmt":"2024-04-14T02:32:54","guid":{"rendered":"https:\/\/p31noticias.com.br\/entrevista-de-musk-e-bolsonaro-e-adiada\/"},"modified":"2024-04-13T23:32:54","modified_gmt":"2024-04-14T02:32:54","slug":"entrevista-de-musk-e-bolsonaro-e-adiada","status":"publish","type":"post","link":"https:\/\/www.p31noticias.com.br\/?p=47027","title":{"rendered":"Entrevista de Musk e Bolsonaro \u00e9 adiada"},"content":{"rendered":"<p>Em virtude dos fortes e covardes ataques do Ir\u00e3 contra Israel no in\u00edcio da noite deste s\u00e1bado (13), a conversa entre Jair Bolsonaro e Elon Musk, que estava programada para hoje \u00e0 noite, \u00a0ser\u00e1 remarcada. \u201cCaso meu passaporte tivesse sido liberado, \u00a0como programado, hoje eu estaria em Israel\u201d, afirmou Bolsonaro nas redes sociais. Tente adivinhar [\u2026]<\/p>\n<p>O post <a href=\"https:\/\/www.delioandrade.com.br\/entrevista-de-musk-e-bolsonaro-e-adiada\/\">Entrevista de Musk e Bolsonaro \u00e9 adiada<\/a> apareceu primeiro em <a href=\"https:\/\/www.delioandrade.com.br\/\">Blog do D\u00c9LIO ANDRADE<\/a>.<\/p>\n","protected":false},"excerpt":{"rendered":"<p>Em virtude dos fortes e covardes ataques do Ir\u00e3 contra Israel no in\u00edcio da noite deste s\u00e1bado (13), a conversa entre Jair Bolsonaro e Elon Musk, que estava programada para hoje \u00e0 noite, \u00a0ser\u00e1 remarcada. \u201cCaso meu passaporte tivesse sido liberado, \u00a0como programado, hoje eu estaria em Israel\u201d, afirmou Bolsonaro nas redes sociais. Tente adivinhar [&hellip;]<\/p>\n","protected":false},"author":0,"featured_media":47028,"comment_status":"open","ping_status":"open","sticky":false,"template":"","format":"standard","meta":{"footnotes":""},"categories":[21],"tags":[],"class_list":{"0":"post-47027","1":"post","2":"type-post","3":"status-publish","4":"format-standard","5":"has-post-thumbnail","7":"category-brasilia"},"yoast_head":"<!-- This site is optimized with the Yoast SEO Premium plugin v24.5 (Yoast SEO v27.5) - https:\/\/yoast.com\/product\/yoast-seo-premium-wordpress\/ -->\n<title>Entrevista de Musk e Bolsonaro \u00e9 adiada - P31<\/title>\n<meta name=\"robots\" content=\"index, follow, max-snippet:-1, max-image-preview:large, max-video-preview:-1\" \/>\n<link rel=\"canonical\" href=\"https:\/\/www.p31noticias.com.br\/?p=47027\" \/>\n<meta property=\"og:locale\" content=\"pt_BR\" \/>\n<meta property=\"og:type\" content=\"article\" \/>\n<meta property=\"og:title\" content=\"Entrevista de Musk e Bolsonaro \u00e9 adiada\" \/>\n<meta property=\"og:description\" content=\"Em virtude dos fortes e covardes ataques do Ir\u00e3 contra Israel no in\u00edcio da noite deste s\u00e1bado (13), a conversa entre Jair Bolsonaro e Elon Musk, que estava programada para hoje \u00e0 noite, \u00a0ser\u00e1 remarcada. \u201cCaso meu passaporte tivesse sido liberado, \u00a0como programado, hoje eu estaria em Israel\u201d, afirmou Bolsonaro nas redes sociais. Tente adivinhar [&hellip;]\" \/>\n<meta property=\"og:url\" content=\"https:\/\/www.p31noticias.com.br\/?p=47027\" \/>\n<meta property=\"og:site_name\" content=\"P31\" \/>\n<meta property=\"article:published_time\" content=\"2024-04-14T02:32:54+00:00\" \/>\n<meta property=\"og:image\" content=\"https:\/\/www.p31noticias.com.br\/wp-content\/uploads\/2024\/04\/elon-musk-jair-bolsonaro-848x477-1-150x150-PTUCv1-HavYK4.webp\" \/>\n\t<meta property=\"og:image:width\" content=\"150\" \/>\n\t<meta property=\"og:image:height\" content=\"150\" \/>\n\t<meta property=\"og:image:type\" content=\"image\/webp\" \/>\n<meta name=\"twitter:card\" content=\"summary_large_image\" \/>\n<script type=\"application\/ld+json\" class=\"yoast-schema-graph\">{\"@context\":\"https:\\\/\\\/schema.org\",\"@graph\":[{\"@type\":\"Article\",\"@id\":\"https:\\\/\\\/www.p31noticias.com.br\\\/?p=47027#article\",\"isPartOf\":{\"@id\":\"https:\\\/\\\/www.p31noticias.com.br\\\/?p=47027\"},\"author\":{\"name\":\"\",\"@id\":\"\"},\"headline\":\"Entrevista de Musk e Bolsonaro \u00e9 adiada\",\"datePublished\":\"2024-04-14T02:32:54+00:00\",\"mainEntityOfPage\":{\"@id\":\"https:\\\/\\\/www.p31noticias.com.br\\\/?p=47027\"},\"wordCount\":77,\"commentCount\":0,\"image\":{\"@id\":\"https:\\\/\\\/www.p31noticias.com.br\\\/?p=47027#primaryimage\"},\"thumbnailUrl\":\"https:\\\/\\\/www.p31noticias.com.br\\\/wp-content\\\/uploads\\\/2024\\\/04\\\/elon-musk-jair-bolsonaro-848x477-1-150x150-PTUCv1-HavYK4.webp\",\"articleSection\":[\"Bras\u00edlia\"],\"inLanguage\":\"pt-BR\",\"potentialAction\":[{\"@type\":\"CommentAction\",\"name\":\"Comment\",\"target\":[\"https:\\\/\\\/www.p31noticias.com.br\\\/?p=47027#respond\"]}],\"copyrightYear\":\"2024\",\"copyrightHolder\":{\"@id\":\"https:\\\/\\\/www.p31noticias.com.br\\\/#organization\"}},{\"@type\":\"WebPage\",\"@id\":\"https:\\\/\\\/www.p31noticias.com.br\\\/?p=47027\",\"url\":\"https:\\\/\\\/www.p31noticias.com.br\\\/?p=47027\",\"name\":\"Entrevista de Musk e Bolsonaro \u00e9 adiada - P31\",\"isPartOf\":{\"@id\":\"https:\\\/\\\/www.p31noticias.com.br\\\/#website\"},\"primaryImageOfPage\":{\"@id\":\"https:\\\/\\\/www.p31noticias.com.br\\\/?p=47027#primaryimage\"},\"image\":{\"@id\":\"https:\\\/\\\/www.p31noticias.com.br\\\/?p=47027#primaryimage\"},\"thumbnailUrl\":\"https:\\\/\\\/www.p31noticias.com.br\\\/wp-content\\\/uploads\\\/2024\\\/04\\\/elon-musk-jair-bolsonaro-848x477-1-150x150-PTUCv1-HavYK4.webp\",\"datePublished\":\"2024-04-14T02:32:54+00:00\",\"author\":{\"@id\":\"\"},\"breadcrumb\":{\"@id\":\"https:\\\/\\\/www.p31noticias.com.br\\\/?p=47027#breadcrumb\"},\"inLanguage\":\"pt-BR\",\"potentialAction\":[{\"@type\":\"ReadAction\",\"target\":[\"https:\\\/\\\/www.p31noticias.com.br\\\/?p=47027\"]}]},{\"@type\":\"ImageObject\",\"inLanguage\":\"pt-BR\",\"@id\":\"https:\\\/\\\/www.p31noticias.com.br\\\/?p=47027#primaryimage\",\"url\":\"https:\\\/\\\/www.p31noticias.com.br\\\/wp-content\\\/uploads\\\/2024\\\/04\\\/elon-musk-jair-bolsonaro-848x477-1-150x150-PTUCv1-HavYK4.webp\",\"contentUrl\":\"https:\\\/\\\/www.p31noticias.com.br\\\/wp-content\\\/uploads\\\/2024\\\/04\\\/elon-musk-jair-bolsonaro-848x477-1-150x150-PTUCv1-HavYK4.webp\",\"width\":150,\"height\":150},{\"@type\":\"BreadcrumbList\",\"@id\":\"https:\\\/\\\/www.p31noticias.com.br\\\/?p=47027#breadcrumb\",\"itemListElement\":[{\"@type\":\"ListItem\",\"position\":1,\"name\":\"In\u00edcio\",\"item\":\"https:\\\/\\\/www.p31noticias.com.br\\\/\"},{\"@type\":\"ListItem\",\"position\":2,\"name\":\"Entrevista de Musk e Bolsonaro \u00e9 adiada\"}]},{\"@type\":\"WebSite\",\"@id\":\"https:\\\/\\\/www.p31noticias.com.br\\\/#website\",\"url\":\"https:\\\/\\\/www.p31noticias.com.br\\\/\",\"name\":\"P31\",\"description\":\"NOT\u00cdCIAS\",\"potentialAction\":[{\"@type\":\"SearchAction\",\"target\":{\"@type\":\"EntryPoint\",\"urlTemplate\":\"https:\\\/\\\/www.p31noticias.com.br\\\/?s={search_term_string}\"},\"query-input\":{\"@type\":\"PropertyValueSpecification\",\"valueRequired\":true,\"valueName\":\"search_term_string\"}}],\"inLanguage\":\"pt-BR\"}]}<\/script>\n<!-- \/ Yoast SEO Premium plugin. -->","yoast_head_json":{"title":"Entrevista de Musk e Bolsonaro \u00e9 adiada - P31","robots":{"index":"index","follow":"follow","max-snippet":"max-snippet:-1","max-image-preview":"max-image-preview:large","max-video-preview":"max-video-preview:-1"},"canonical":"https:\/\/www.p31noticias.com.br\/?p=47027","og_locale":"pt_BR","og_type":"article","og_title":"Entrevista de Musk e Bolsonaro \u00e9 adiada","og_description":"Em virtude dos fortes e covardes ataques do Ir\u00e3 contra Israel no in\u00edcio da noite deste s\u00e1bado (13), a conversa entre Jair Bolsonaro e Elon Musk, que estava programada para hoje \u00e0 noite, \u00a0ser\u00e1 remarcada. \u201cCaso meu passaporte tivesse sido liberado, \u00a0como programado, hoje eu estaria em Israel\u201d, afirmou Bolsonaro nas redes sociais. Tente adivinhar [&hellip;]","og_url":"https:\/\/www.p31noticias.com.br\/?p=47027","og_site_name":"P31","article_published_time":"2024-04-14T02:32:54+00:00","og_image":[{"width":150,"height":150,"url":"https:\/\/www.p31noticias.com.br\/wp-content\/uploads\/2024\/04\/elon-musk-jair-bolsonaro-848x477-1-150x150-PTUCv1-HavYK4.webp","type":"image\/webp"}],"twitter_card":"summary_large_image","schema":{"@context":"https:\/\/schema.org","@graph":[{"@type":"Article","@id":"https:\/\/www.p31noticias.com.br\/?p=47027#article","isPartOf":{"@id":"https:\/\/www.p31noticias.com.br\/?p=47027"},"author":{"name":"","@id":""},"headline":"Entrevista de Musk e Bolsonaro \u00e9 adiada","datePublished":"2024-04-14T02:32:54+00:00","mainEntityOfPage":{"@id":"https:\/\/www.p31noticias.com.br\/?p=47027"},"wordCount":77,"commentCount":0,"image":{"@id":"https:\/\/www.p31noticias.com.br\/?p=47027#primaryimage"},"thumbnailUrl":"https:\/\/www.p31noticias.com.br\/wp-content\/uploads\/2024\/04\/elon-musk-jair-bolsonaro-848x477-1-150x150-PTUCv1-HavYK4.webp","articleSection":["Bras\u00edlia"],"inLanguage":"pt-BR","potentialAction":[{"@type":"CommentAction","name":"Comment","target":["https:\/\/www.p31noticias.com.br\/?p=47027#respond"]}],"copyrightYear":"2024","copyrightHolder":{"@id":"https:\/\/www.p31noticias.com.br\/#organization"}},{"@type":"WebPage","@id":"https:\/\/www.p31noticias.com.br\/?p=47027","url":"https:\/\/www.p31noticias.com.br\/?p=47027","name":"Entrevista de Musk e Bolsonaro \u00e9 adiada - P31","isPartOf":{"@id":"https:\/\/www.p31noticias.com.br\/#website"},"primaryImageOfPage":{"@id":"https:\/\/www.p31noticias.com.br\/?p=47027#primaryimage"},"image":{"@id":"https:\/\/www.p31noticias.com.br\/?p=47027#primaryimage"},"thumbnailUrl":"https:\/\/www.p31noticias.com.br\/wp-content\/uploads\/2024\/04\/elon-musk-jair-bolsonaro-848x477-1-150x150-PTUCv1-HavYK4.webp","datePublished":"2024-04-14T02:32:54+00:00","author":{"@id":""},"breadcrumb":{"@id":"https:\/\/www.p31noticias.com.br\/?p=47027#breadcrumb"},"inLanguage":"pt-BR","potentialAction":[{"@type":"ReadAction","target":["https:\/\/www.p31noticias.com.br\/?p=47027"]}]},{"@type":"ImageObject","inLanguage":"pt-BR","@id":"https:\/\/www.p31noticias.com.br\/?p=47027#primaryimage","url":"https:\/\/www.p31noticias.com.br\/wp-content\/uploads\/2024\/04\/elon-musk-jair-bolsonaro-848x477-1-150x150-PTUCv1-HavYK4.webp","contentUrl":"https:\/\/www.p31noticias.com.br\/wp-content\/uploads\/2024\/04\/elon-musk-jair-bolsonaro-848x477-1-150x150-PTUCv1-HavYK4.webp","width":150,"height":150},{"@type":"BreadcrumbList","@id":"https:\/\/www.p31noticias.com.br\/?p=47027#breadcrumb","itemListElement":[{"@type":"ListItem","position":1,"name":"In\u00edcio","item":"https:\/\/www.p31noticias.com.br\/"},{"@type":"ListItem","position":2,"name":"Entrevista de Musk e Bolsonaro \u00e9 adiada"}]},{"@type":"WebSite","@id":"https:\/\/www.p31noticias.com.br\/#website","url":"https:\/\/www.p31noticias.com.br\/","name":"P31","description":"NOT\u00cdCIAS","potentialAction":[{"@type":"SearchAction","target":{"@type":"EntryPoint","urlTemplate":"https:\/\/www.p31noticias.com.br\/?s={search_term_string}"},"query-input":{"@type":"PropertyValueSpecification","valueRequired":true,"valueName":"search_term_string"}}],"inLanguage":"pt-BR"}]}},"amp_enabled":true,"_links":{"self":[{"href":"https:\/\/www.p31noticias.com.br\/index.php?rest_route=\/wp\/v2\/posts\/47027","targetHints":{"allow":["GET"]}}],"collection":[{"href":"https:\/\/www.p31noticias.com.br\/index.php?rest_route=\/wp\/v2\/posts"}],"about":[{"href":"https:\/\/www.p31noticias.com.br\/index.php?rest_route=\/wp\/v2\/types\/post"}],"replies":[{"embeddable":true,"href":"https:\/\/www.p31noticias.com.br\/index.php?rest_route=%2Fwp%2Fv2%2Fcomments&post=47027"}],"version-history":[{"count":0,"href":"https:\/\/www.p31noticias.com.br\/index.php?rest_route=\/wp\/v2\/posts\/47027\/revisions"}],"wp:featuredmedia":[{"embeddable":true,"href":"https:\/\/www.p31noticias.com.br\/index.php?rest_route=\/wp\/v2\/media\/47028"}],"wp:attachment":[{"href":"https:\/\/www.p31noticias.com.br\/index.php?rest_route=%2Fwp%2Fv2%2Fmedia&parent=47027"}],"wp:term":[{"taxonomy":"category","embeddable":true,"href":"https:\/\/www.p31noticias.com.br\/index.php?rest_route=%2Fwp%2Fv2%2Fcategories&post=47027"},{"taxonomy":"post_tag","embeddable":true,"href":"https:\/\/www.p31noticias.com.br\/index.php?rest_route=%2Fwp%2Fv2%2Ftags&post=47027"}],"curies":[{"name":"wp","href":"https:\/\/api.w.org\/{rel}","templated":true}]}}