{"id":46892,"date":"2024-04-12T10:29:42","date_gmt":"2024-04-12T13:29:42","guid":{"rendered":"https:\/\/p31noticias.com.br\/programas-de-seguranca-alimentar-do-gdf-serao-apresentados-na-9a-feira-da-goiaba\/"},"modified":"2024-04-12T10:29:42","modified_gmt":"2024-04-12T13:29:42","slug":"programas-de-seguranca-alimentar-do-gdf-serao-apresentados-na-9a-feira-da-goiaba","status":"publish","type":"post","link":"https:\/\/www.p31noticias.com.br\/?p=46892","title":{"rendered":"Programas de seguran\u00e7a alimentar do GDF ser\u00e3o apresentados na 9\u00aa Feira da Goiaba"},"content":{"rendered":"<p>Pela primeira vez, a Secretaria de Desenvolvimento Social (Sedes) est\u00e1 com um estande na 9\u00aa Feira da Goiaba, em Brazl\u00e2ndia, para apresentar os programas do Governo do Distrito Federal (GDF) voltados \u00e0 garantia da seguran\u00e7a alimentar e nutricional. A ideia \u00e9 aproveitar o grande fluxo de pessoas nos fins de semana do evento para apresentar [\u2026]<\/p>\n<p>O post <a href=\"https:\/\/www.delioandrade.com.br\/programas-de-seguranca-alimentar-do-gdf-serao-apresentados-na-9a-feira-da-goiaba\/\">Programas de seguran\u00e7a alimentar do GDF ser\u00e3o apresentados na 9\u00aa Feira da Goiaba<\/a> apareceu primeiro em <a href=\"https:\/\/www.delioandrade.com.br\/\">Blog do D\u00c9LIO ANDRADE<\/a>.<\/p>\n","protected":false},"excerpt":{"rendered":"<p>Pela primeira vez, a Secretaria de Desenvolvimento Social (Sedes) est\u00e1 com um estande na 9\u00aa Feira da Goiaba, em Brazl\u00e2ndia, para apresentar os programas do Governo do Distrito Federal (GDF) voltados \u00e0 garantia da seguran\u00e7a alimentar e nutricional. A ideia \u00e9 aproveitar o grande fluxo de pessoas nos fins de semana do evento para apresentar [&hellip;]<\/p>\n","protected":false},"author":0,"featured_media":46893,"comment_status":"open","ping_status":"open","sticky":false,"template":"","format":"standard","meta":{"footnotes":""},"categories":[21],"tags":[],"class_list":{"0":"post-46892","1":"post","2":"type-post","3":"status-publish","4":"format-standard","5":"has-post-thumbnail","7":"category-brasilia"},"yoast_head":"<!-- This site is optimized with the Yoast SEO Premium plugin v24.5 (Yoast SEO v27.5) - https:\/\/yoast.com\/product\/yoast-seo-premium-wordpress\/ -->\n<title>Programas de seguran\u00e7a alimentar do GDF ser\u00e3o apresentados na 9\u00aa Feira da Goiaba - P31<\/title>\n<meta name=\"robots\" content=\"index, follow, max-snippet:-1, max-image-preview:large, max-video-preview:-1\" \/>\n<link rel=\"canonical\" href=\"https:\/\/www.p31noticias.com.br\/?p=46892\" \/>\n<meta property=\"og:locale\" content=\"pt_BR\" \/>\n<meta property=\"og:type\" content=\"article\" \/>\n<meta property=\"og:title\" content=\"Programas de seguran\u00e7a alimentar do GDF ser\u00e3o apresentados na 9\u00aa Feira da Goiaba\" \/>\n<meta property=\"og:description\" content=\"Pela primeira vez, a Secretaria de Desenvolvimento Social (Sedes) est\u00e1 com um estande na 9\u00aa Feira da Goiaba, em Brazl\u00e2ndia, para apresentar os programas do Governo do Distrito Federal (GDF) voltados \u00e0 garantia da seguran\u00e7a alimentar e nutricional. A ideia \u00e9 aproveitar o grande fluxo de pessoas nos fins de semana do evento para apresentar [&hellip;]\" \/>\n<meta property=\"og:url\" content=\"https:\/\/www.p31noticias.com.br\/?p=46892\" \/>\n<meta property=\"og:site_name\" content=\"P31\" \/>\n<meta property=\"article:published_time\" content=\"2024-04-12T13:29:42+00:00\" \/>\n<meta property=\"og:image\" content=\"https:\/\/www.p31noticias.com.br\/wp-content\/uploads\/2024\/04\/WhatsApp-Image-2024-04-10-at-5.13.51-PM-lE6W25-150x150-fcHmUX.jpeg\" \/>\n\t<meta property=\"og:image:width\" content=\"150\" \/>\n\t<meta property=\"og:image:height\" content=\"150\" \/>\n\t<meta property=\"og:image:type\" content=\"image\/jpeg\" \/>\n<meta name=\"twitter:card\" content=\"summary_large_image\" \/>\n<script type=\"application\/ld+json\" class=\"yoast-schema-graph\">{\"@context\":\"https:\\\/\\\/schema.org\",\"@graph\":[{\"@type\":\"Article\",\"@id\":\"https:\\\/\\\/www.p31noticias.com.br\\\/?p=46892#article\",\"isPartOf\":{\"@id\":\"https:\\\/\\\/www.p31noticias.com.br\\\/?p=46892\"},\"author\":{\"name\":\"\",\"@id\":\"\"},\"headline\":\"Programas de seguran\u00e7a alimentar do GDF ser\u00e3o apresentados na 9\u00aa Feira da Goiaba\",\"datePublished\":\"2024-04-12T13:29:42+00:00\",\"mainEntityOfPage\":{\"@id\":\"https:\\\/\\\/www.p31noticias.com.br\\\/?p=46892\"},\"wordCount\":92,\"commentCount\":0,\"image\":{\"@id\":\"https:\\\/\\\/www.p31noticias.com.br\\\/?p=46892#primaryimage\"},\"thumbnailUrl\":\"https:\\\/\\\/www.p31noticias.com.br\\\/wp-content\\\/uploads\\\/2024\\\/04\\\/WhatsApp-Image-2024-04-10-at-5.13.51-PM-lE6W25-150x150-fcHmUX.jpeg\",\"articleSection\":[\"Bras\u00edlia\"],\"inLanguage\":\"pt-BR\",\"potentialAction\":[{\"@type\":\"CommentAction\",\"name\":\"Comment\",\"target\":[\"https:\\\/\\\/www.p31noticias.com.br\\\/?p=46892#respond\"]}],\"copyrightYear\":\"2024\",\"copyrightHolder\":{\"@id\":\"https:\\\/\\\/www.p31noticias.com.br\\\/#organization\"}},{\"@type\":\"WebPage\",\"@id\":\"https:\\\/\\\/www.p31noticias.com.br\\\/?p=46892\",\"url\":\"https:\\\/\\\/www.p31noticias.com.br\\\/?p=46892\",\"name\":\"Programas de seguran\u00e7a alimentar do GDF ser\u00e3o apresentados na 9\u00aa Feira da Goiaba - P31\",\"isPartOf\":{\"@id\":\"https:\\\/\\\/www.p31noticias.com.br\\\/#website\"},\"primaryImageOfPage\":{\"@id\":\"https:\\\/\\\/www.p31noticias.com.br\\\/?p=46892#primaryimage\"},\"image\":{\"@id\":\"https:\\\/\\\/www.p31noticias.com.br\\\/?p=46892#primaryimage\"},\"thumbnailUrl\":\"https:\\\/\\\/www.p31noticias.com.br\\\/wp-content\\\/uploads\\\/2024\\\/04\\\/WhatsApp-Image-2024-04-10-at-5.13.51-PM-lE6W25-150x150-fcHmUX.jpeg\",\"datePublished\":\"2024-04-12T13:29:42+00:00\",\"author\":{\"@id\":\"\"},\"breadcrumb\":{\"@id\":\"https:\\\/\\\/www.p31noticias.com.br\\\/?p=46892#breadcrumb\"},\"inLanguage\":\"pt-BR\",\"potentialAction\":[{\"@type\":\"ReadAction\",\"target\":[\"https:\\\/\\\/www.p31noticias.com.br\\\/?p=46892\"]}]},{\"@type\":\"ImageObject\",\"inLanguage\":\"pt-BR\",\"@id\":\"https:\\\/\\\/www.p31noticias.com.br\\\/?p=46892#primaryimage\",\"url\":\"https:\\\/\\\/www.p31noticias.com.br\\\/wp-content\\\/uploads\\\/2024\\\/04\\\/WhatsApp-Image-2024-04-10-at-5.13.51-PM-lE6W25-150x150-fcHmUX.jpeg\",\"contentUrl\":\"https:\\\/\\\/www.p31noticias.com.br\\\/wp-content\\\/uploads\\\/2024\\\/04\\\/WhatsApp-Image-2024-04-10-at-5.13.51-PM-lE6W25-150x150-fcHmUX.jpeg\",\"width\":150,\"height\":150},{\"@type\":\"BreadcrumbList\",\"@id\":\"https:\\\/\\\/www.p31noticias.com.br\\\/?p=46892#breadcrumb\",\"itemListElement\":[{\"@type\":\"ListItem\",\"position\":1,\"name\":\"In\u00edcio\",\"item\":\"https:\\\/\\\/www.p31noticias.com.br\\\/\"},{\"@type\":\"ListItem\",\"position\":2,\"name\":\"Programas de seguran\u00e7a alimentar do GDF ser\u00e3o apresentados na 9\u00aa Feira da Goiaba\"}]},{\"@type\":\"WebSite\",\"@id\":\"https:\\\/\\\/www.p31noticias.com.br\\\/#website\",\"url\":\"https:\\\/\\\/www.p31noticias.com.br\\\/\",\"name\":\"P31\",\"description\":\"NOT\u00cdCIAS\",\"potentialAction\":[{\"@type\":\"SearchAction\",\"target\":{\"@type\":\"EntryPoint\",\"urlTemplate\":\"https:\\\/\\\/www.p31noticias.com.br\\\/?s={search_term_string}\"},\"query-input\":{\"@type\":\"PropertyValueSpecification\",\"valueRequired\":true,\"valueName\":\"search_term_string\"}}],\"inLanguage\":\"pt-BR\"}]}<\/script>\n<!-- \/ Yoast SEO Premium plugin. -->","yoast_head_json":{"title":"Programas de seguran\u00e7a alimentar do GDF ser\u00e3o apresentados na 9\u00aa Feira da Goiaba - P31","robots":{"index":"index","follow":"follow","max-snippet":"max-snippet:-1","max-image-preview":"max-image-preview:large","max-video-preview":"max-video-preview:-1"},"canonical":"https:\/\/www.p31noticias.com.br\/?p=46892","og_locale":"pt_BR","og_type":"article","og_title":"Programas de seguran\u00e7a alimentar do GDF ser\u00e3o apresentados na 9\u00aa Feira da Goiaba","og_description":"Pela primeira vez, a Secretaria de Desenvolvimento Social (Sedes) est\u00e1 com um estande na 9\u00aa Feira da Goiaba, em Brazl\u00e2ndia, para apresentar os programas do Governo do Distrito Federal (GDF) voltados \u00e0 garantia da seguran\u00e7a alimentar e nutricional. A ideia \u00e9 aproveitar o grande fluxo de pessoas nos fins de semana do evento para apresentar [&hellip;]","og_url":"https:\/\/www.p31noticias.com.br\/?p=46892","og_site_name":"P31","article_published_time":"2024-04-12T13:29:42+00:00","og_image":[{"width":150,"height":150,"url":"https:\/\/www.p31noticias.com.br\/wp-content\/uploads\/2024\/04\/WhatsApp-Image-2024-04-10-at-5.13.51-PM-lE6W25-150x150-fcHmUX.jpeg","type":"image\/jpeg"}],"twitter_card":"summary_large_image","schema":{"@context":"https:\/\/schema.org","@graph":[{"@type":"Article","@id":"https:\/\/www.p31noticias.com.br\/?p=46892#article","isPartOf":{"@id":"https:\/\/www.p31noticias.com.br\/?p=46892"},"author":{"name":"","@id":""},"headline":"Programas de seguran\u00e7a alimentar do GDF ser\u00e3o apresentados na 9\u00aa Feira da Goiaba","datePublished":"2024-04-12T13:29:42+00:00","mainEntityOfPage":{"@id":"https:\/\/www.p31noticias.com.br\/?p=46892"},"wordCount":92,"commentCount":0,"image":{"@id":"https:\/\/www.p31noticias.com.br\/?p=46892#primaryimage"},"thumbnailUrl":"https:\/\/www.p31noticias.com.br\/wp-content\/uploads\/2024\/04\/WhatsApp-Image-2024-04-10-at-5.13.51-PM-lE6W25-150x150-fcHmUX.jpeg","articleSection":["Bras\u00edlia"],"inLanguage":"pt-BR","potentialAction":[{"@type":"CommentAction","name":"Comment","target":["https:\/\/www.p31noticias.com.br\/?p=46892#respond"]}],"copyrightYear":"2024","copyrightHolder":{"@id":"https:\/\/www.p31noticias.com.br\/#organization"}},{"@type":"WebPage","@id":"https:\/\/www.p31noticias.com.br\/?p=46892","url":"https:\/\/www.p31noticias.com.br\/?p=46892","name":"Programas de seguran\u00e7a alimentar do GDF ser\u00e3o apresentados na 9\u00aa Feira da Goiaba - P31","isPartOf":{"@id":"https:\/\/www.p31noticias.com.br\/#website"},"primaryImageOfPage":{"@id":"https:\/\/www.p31noticias.com.br\/?p=46892#primaryimage"},"image":{"@id":"https:\/\/www.p31noticias.com.br\/?p=46892#primaryimage"},"thumbnailUrl":"https:\/\/www.p31noticias.com.br\/wp-content\/uploads\/2024\/04\/WhatsApp-Image-2024-04-10-at-5.13.51-PM-lE6W25-150x150-fcHmUX.jpeg","datePublished":"2024-04-12T13:29:42+00:00","author":{"@id":""},"breadcrumb":{"@id":"https:\/\/www.p31noticias.com.br\/?p=46892#breadcrumb"},"inLanguage":"pt-BR","potentialAction":[{"@type":"ReadAction","target":["https:\/\/www.p31noticias.com.br\/?p=46892"]}]},{"@type":"ImageObject","inLanguage":"pt-BR","@id":"https:\/\/www.p31noticias.com.br\/?p=46892#primaryimage","url":"https:\/\/www.p31noticias.com.br\/wp-content\/uploads\/2024\/04\/WhatsApp-Image-2024-04-10-at-5.13.51-PM-lE6W25-150x150-fcHmUX.jpeg","contentUrl":"https:\/\/www.p31noticias.com.br\/wp-content\/uploads\/2024\/04\/WhatsApp-Image-2024-04-10-at-5.13.51-PM-lE6W25-150x150-fcHmUX.jpeg","width":150,"height":150},{"@type":"BreadcrumbList","@id":"https:\/\/www.p31noticias.com.br\/?p=46892#breadcrumb","itemListElement":[{"@type":"ListItem","position":1,"name":"In\u00edcio","item":"https:\/\/www.p31noticias.com.br\/"},{"@type":"ListItem","position":2,"name":"Programas de seguran\u00e7a alimentar do GDF ser\u00e3o apresentados na 9\u00aa Feira da Goiaba"}]},{"@type":"WebSite","@id":"https:\/\/www.p31noticias.com.br\/#website","url":"https:\/\/www.p31noticias.com.br\/","name":"P31","description":"NOT\u00cdCIAS","potentialAction":[{"@type":"SearchAction","target":{"@type":"EntryPoint","urlTemplate":"https:\/\/www.p31noticias.com.br\/?s={search_term_string}"},"query-input":{"@type":"PropertyValueSpecification","valueRequired":true,"valueName":"search_term_string"}}],"inLanguage":"pt-BR"}]}},"amp_enabled":true,"_links":{"self":[{"href":"https:\/\/www.p31noticias.com.br\/index.php?rest_route=\/wp\/v2\/posts\/46892","targetHints":{"allow":["GET"]}}],"collection":[{"href":"https:\/\/www.p31noticias.com.br\/index.php?rest_route=\/wp\/v2\/posts"}],"about":[{"href":"https:\/\/www.p31noticias.com.br\/index.php?rest_route=\/wp\/v2\/types\/post"}],"replies":[{"embeddable":true,"href":"https:\/\/www.p31noticias.com.br\/index.php?rest_route=%2Fwp%2Fv2%2Fcomments&post=46892"}],"version-history":[{"count":0,"href":"https:\/\/www.p31noticias.com.br\/index.php?rest_route=\/wp\/v2\/posts\/46892\/revisions"}],"wp:featuredmedia":[{"embeddable":true,"href":"https:\/\/www.p31noticias.com.br\/index.php?rest_route=\/wp\/v2\/media\/46893"}],"wp:attachment":[{"href":"https:\/\/www.p31noticias.com.br\/index.php?rest_route=%2Fwp%2Fv2%2Fmedia&parent=46892"}],"wp:term":[{"taxonomy":"category","embeddable":true,"href":"https:\/\/www.p31noticias.com.br\/index.php?rest_route=%2Fwp%2Fv2%2Fcategories&post=46892"},{"taxonomy":"post_tag","embeddable":true,"href":"https:\/\/www.p31noticias.com.br\/index.php?rest_route=%2Fwp%2Fv2%2Ftags&post=46892"}],"curies":[{"name":"wp","href":"https:\/\/api.w.org\/{rel}","templated":true}]}}