{"id":46873,"date":"2024-04-12T07:54:01","date_gmt":"2024-04-12T10:54:01","guid":{"rendered":"https:\/\/p31noticias.com.br\/?p=46873"},"modified":"2024-04-12T07:54:01","modified_gmt":"2024-04-12T10:54:01","slug":"esther-dweck-seguranca-do-concurso-unificado-foi-aperfeicoada-em-anos-de-sucesso-com-o-enem","status":"publish","type":"post","link":"https:\/\/www.p31noticias.com.br\/?p=46873","title":{"rendered":"Esther Dweck: seguran\u00e7a do Concurso Unificado foi aperfei\u00e7oada em anos de sucesso com o Enem"},"content":{"rendered":"<p style=\"text-align: justify;\"><em><strong>Titular da Gest\u00e3o e Inova\u00e7\u00e3o em Servi\u00e7os P\u00fablicos detalhou, em conversa com radialistas nesta quinta-feira (11), os preparativos para as provas do CPNU e o programa Im\u00f3vel da Gente<\/strong><\/em><\/p>\n<p style=\"text-align: justify;\">Oesquema de seguran\u00e7a preparado para o Concurso P\u00fablico Nacional Unificado (CPNU) e as a\u00e7\u00f5es do Governo Federal para destinar im\u00f3veis da Uni\u00e3o para pol\u00edticas p\u00fablicas foram dois dos temas abordados no \u201cBom Dia, Ministra\u201d desta quinta-feira, 11 de abril, pela titular da Gest\u00e3o e Inova\u00e7\u00e3o em Servi\u00e7os P\u00fablicos, Esther Dweck.<\/p>\n<blockquote class=\"pullquote\"><p>&#8220;Uma coisa important\u00edssima \u00e9 que todo esse esquema vem do Enem, que, de fato, depois de tantos anos de grande sucesso, ele foi aperfei\u00e7oando esse esquema de seguran\u00e7a\u201d<br \/>\n<em>ESTHER DWECK<\/em><br \/>\n<em>Ministra da Gest\u00e3o e Inova\u00e7\u00e3o em Servi\u00e7os P\u00fablicos<\/em><\/p><\/blockquote>\n<p style=\"text-align: justify;\">Durante o bate-papo com radialistas de v\u00e1rias regi\u00f5es do Brasil, a ministra detalhou os preparativos para garantir a seguran\u00e7a em todas as etapas do CPNU, incluindo a log\u00edstica de distribui\u00e7\u00e3o das provas nos 228 munic\u00edpios do pa\u00eds onde o concurso ser\u00e1 realizado.<\/p>\n<p style=\"text-align: justify;\">\u201cA gente tem o apoio da Pol\u00edcia Rodovi\u00e1ria Federal nessa distribui\u00e7\u00e3o e, localmente, as secretarias de Seguran\u00e7a P\u00fablica nos apoiaram em uma parceria com todos os estados, todos os governadores, para que as pol\u00edcias militares, civis e tamb\u00e9m os bombeiros e a Defesa Civil estivessem nos apoiando. A Defesa Civil em caso de uma intemp\u00e9rie, alguma quest\u00e3o clim\u00e1tica mais forte. E a Pol\u00edcia Militar e Civil fazendo tamb\u00e9m essa seguran\u00e7a local. Uma coisa important\u00edssima \u00e9 que todo esse esquema vem do Enem, que, de fato, depois de tantos anos de grande sucesso, ele foi aperfei\u00e7oando esse esquema de seguran\u00e7a\u201d, explicou Esther.<\/p>\n<p style=\"text-align: justify;\">Seguran\u00e7a que prossegue nos locais de prova para garantir que nenhum candidato ser\u00e1 prejudicado. \u201cTem todo um trabalho de prepara\u00e7\u00e3o das provas, levar at\u00e9 os locais e a seguran\u00e7a nas salas, que v\u00e3o ter detector de metal, detector de ponto eletr\u00f4nico, biometria colhida de todos que est\u00e3o prestando o concurso, para quando a pessoa passar, voc\u00ea checar se a pessoa que fez a prova \u00e9 quem vai assumir o cargo, para n\u00e3o ter nenhuma d\u00favida de algu\u00e9m que fa\u00e7a a prova por outra pessoa. E depois vai ter a log\u00edstica reversa, que \u00e9 a volta da prova para o local de corre\u00e7\u00e3o. Ent\u00e3o \u00e9 todo um esquema de seguran\u00e7a muito bem feito, a gente est\u00e1 muito seguro com isso.\u201d<\/p>\n<p style=\"text-align: justify;\">Esther tamb\u00e9m abordou, durante o \u201cBom Dia, Ministra\u201d, o\u00a0Programa de Democratiza\u00e7\u00e3o de Im\u00f3veis da Uni\u00e3o, o Im\u00f3vel da Gente, que tem como objetivo a destina\u00e7\u00e3o estrat\u00e9gica de im\u00f3veis da Uni\u00e3o para pol\u00edticas p\u00fablicas priorit\u00e1rias, levando em conta as fun\u00e7\u00f5es social e ambiental, com di\u00e1logo federativo e com a sociedade, em benef\u00edcio da popula\u00e7\u00e3o. O programa abrange im\u00f3veis sem destina\u00e7\u00e3o definida, como \u00e1reas urbanas vazias, pr\u00e9dios vazios e ocupados, conjuntos habitacionais com fam\u00edlias n\u00e3o tituladas, al\u00e9m de n\u00facleos urbanos informais com e sem infraestrutura.<\/p>\n<p style=\"text-align: justify;\">\u201cNo Brasil inteiro, a gente est\u00e1 estudando esses pr\u00e9dios que est\u00e3o desocupados ou mal utilizados e que podem ser destinados tanto para habita\u00e7\u00e3o quanto para equipamentos sociais, quando n\u00e3o for o caso de ser uma habita\u00e7\u00e3o. A gente tamb\u00e9m tem, no Minha Casa, Minha Vida, alguns im\u00f3veis da Uni\u00e3o que j\u00e1 est\u00e3o sendo utilizados, seja terrenos ou pr\u00e9dios, tanto para constru\u00e7\u00e3o, quanto para retrofit. Isso est\u00e1 totalmente alinhado e a gente est\u00e1 fazendo esse processo\u201d, contou a ministra.<\/p>\n<p style=\"text-align: justify;\">A iniciativa visa beneficiar \u00e1reas como educa\u00e7\u00e3o, sa\u00fade, assist\u00eancia social, seguran\u00e7a alimentar, cultura e o esporte, priorizando a oferta habitacional \u2013 em parceria com o Minha Casa, Minha Vida \u2013, regulariza\u00e7\u00e3o fundi\u00e1ria, obras de infraestrutura e equipamentos de pol\u00edticas p\u00fablicas diversas.<\/p>\n<p style=\"text-align: justify;\">O programa \u201cBom Dia, Ministra\u201d contou com a participa\u00e7\u00e3o das r\u00e1dios Nacional de Bras\u00edlia (DF), Roquete Pinto (Rio de Janeiro &#8211; RJ), BandNews (S\u00e3o Paulo &#8211; SP), Itatiaia (Belo Horizonte &#8211; MG), Excelsior (Salvador &#8211; BA), Liberal (Bel\u00e9m &#8211; PA), CDN (Santa Maria &#8211; RS) e CBN (Recife &#8211; PE).<\/p>\n<p style=\"text-align: justify;\"><iframe loading=\"lazy\" title=\"YouTube video player\" src=\"https:\/\/www.youtube-nocookie.com\/embed\/4FhBGei7obo?si=d2mNa1K7Mm1OuyDh\" width=\"760\" height=\"415\" frameborder=\"0\" allowfullscreen=\"allowfullscreen\" data-mce-fragment=\"1\"><\/iframe><\/p>\n<p style=\"text-align: justify;\"><strong>Confira os principais trechos do programa:<\/strong><\/p>\n<p class=\"callout\" style=\"text-align: justify;\"><strong>SEGURAN\u00c7A NO CPNU<\/strong>\u00a0\u2014 Toda a parte de intelig\u00eancia foi feita em parceria entre a Abin, a Pol\u00edcia Federal e o Minist\u00e9rio da Justi\u00e7a. A Secretaria de Seguran\u00e7a P\u00fablica tem nos apoiado, porque, al\u00e9m dos federais como Abin e Pol\u00edcia Federal, tem a Pol\u00edcia Rodovi\u00e1ria Federal, que est\u00e1 tendo um trabalho important\u00edssimo na log\u00edstica de distribui\u00e7\u00e3o das provas. A gente tem um esquema que, imagina, voc\u00ea escreve uma prova, ela \u00e9 impressa em uma gr\u00e1fica, precisa chegar aos estados e depois aos locais de prova. Ent\u00e3o a gente tem o apoio da PRF nessa distribui\u00e7\u00e3o e localmente, em cada estado, as secretarias de Seguran\u00e7a P\u00fablica nos apoiaram em uma parceria com todos os estados, todos os governadores, para que as pol\u00edcias militares, civis e tamb\u00e9m os bombeiros e a Defesa Civil tivessem nos apoiando. A Defesa Civil em caso de uma intemp\u00e9rie, alguma quest\u00e3o clim\u00e1tica mais forte. E a Pol\u00edcia Militar e Civil fazendo tamb\u00e9m essa seguran\u00e7a local. Uma coisa important\u00edssima \u00e9 que todo esse esquema vem do Enem, que, de fato, depois de tantos anos de grande sucesso, ele foi aperfei\u00e7oando esse esquema de seguran\u00e7a. Ent\u00e3o tem todo um trabalho de prepara\u00e7\u00e3o das provas, levar at\u00e9 os locais e a seguran\u00e7a nas salas, que v\u00e3o ter detector de metal, detector de ponto eletr\u00f4nico, biometria colhida de todos que est\u00e3o prestando o concurso, para quando a pessoa passar, voc\u00ea checar se a pessoa que fez a prova \u00e9 quem vai assumir o cargo, para n\u00e3o ter nenhuma d\u00favida de algu\u00e9m que fa\u00e7a a prova por outra pessoa. E depois vai ter a log\u00edstica reversa, que \u00e9 a volta da prova para o local de corre\u00e7\u00e3o. Ent\u00e3o \u00e9 todo um esquema de seguran\u00e7a muito bem feito, a gente est\u00e1 muito seguro com isso.<\/p>\n<p style=\"text-align: justify;\"><strong>CART\u00c3O DE PROVA<\/strong>\u00a0\u2013 No dia 5 de maio \u00e9 a prova, mas dia 25 de abril, todo mundo tem que entrar na sua p\u00e1gina do concurso para ver o seu cart\u00e3o de prova, que \u00e9 onde vai dizer o local que a pessoa vai fazer a prova. \u00c9 superimportante que as pessoas n\u00e3o deixem para a \u00faltima hora para ver isso. Para que elas possam saber onde elas v\u00e3o fazer a prova, se elas n\u00e3o conhecem o local, a gente recomenda que v\u00e1 antes para conhecer, ver como \u00e9 que chega, o tempo que demora. E o mais importante \u00e9 chegar cedo para n\u00e3o ter aquela cena de Indiana Jones de ter que se jogar embaixo do port\u00e3o. Para acessar, o candidato deve acessar a mesma p\u00e1gina que fez a inscri\u00e7\u00e3o e, se n\u00e3o tiver recebido o cart\u00e3o a partir do dia 25 de abril, ele pode entrar em contato com a Cesgranrio para ter seu cart\u00e3o de prova. \u00c9 muito importante observar que ningu\u00e9m pode mudar o local de prova que escolheu inicialmente, mas tem que conferir se o local que est\u00e1 l\u00e1 \u00e9 o local que ela escolheu. Esse erro, em geral, n\u00e3o acontece, mas, se acontecer, pode ser corrigido.<\/p>\n<p class=\"callout\" style=\"text-align: justify;\"><strong>REFORMA ADMINISTRATIVA<\/strong>\u00a0\u2013 A gente n\u00e3o concorda com a mudan\u00e7a constitucional que est\u00e1 sendo proposta na PEC 32. Tanto por uma quest\u00e3o de que, na nossa vis\u00e3o, ela tem um car\u00e1ter punitivista de servidores, mas, principalmente, de precariza\u00e7\u00e3o do servi\u00e7o p\u00fablico, aumento da privatiza\u00e7\u00e3o e afeta um instrumento que para a gente \u00e9 algo muito importante, que \u00e9 a quest\u00e3o da estabilidade. Lembrando que, na nossa vis\u00e3o, a estabilidade protege o Estado Brasileiro. Permite que os servidores tenham tranquilidade para fazer o seu servi\u00e7o, tenham uma profissionaliza\u00e7\u00e3o da burocracia, que \u00e9 uma burocracia que se mant\u00e9m independente da mudan\u00e7a de governo, para fazer o que precisa ser feito, independente da orienta\u00e7\u00e3o pol\u00edtica que faz parte do processo eleitoral. Al\u00e9m de permitir que as pessoas denunciem corrup\u00e7\u00e3o, que elas tenham uma certa tranquilidade em fazer o seu trabalho e poder denunciar eventuais tentativas de maus feitos por justamente saber que elas n\u00e3o ser\u00e3o perseguidas por seus chefes que possam eventualmente estar fazendo algo que n\u00e3o seja totalmente correto. Na nossa vis\u00e3o, a estabilidade foi pensada na Constitui\u00e7\u00e3o como algo de prote\u00e7\u00e3o ao Estado Brasileiro, que a gente acha que deve ser mantido.<\/p>\n<p style=\"text-align: justify;\"><strong>IM\u00d3VEL DA GENTE<\/strong>\u00a0\u2013 No Brasil inteiro, a gente est\u00e1 estudando esses pr\u00e9dios que est\u00e3o desocupados ou mal utilizados e que podem ser destinados tanto para habita\u00e7\u00e3o quanto para equipamentos sociais, quando n\u00e3o for o caso de ser uma habita\u00e7\u00e3o. E, ontem, o presidente lan\u00e7ou a primeira sele\u00e7\u00e3o do Minha Casa, Minha Vida Entidades, nesse foram 34 terrenos ou im\u00f3veis da Uni\u00e3o que foram destinados a entidades de movimentos sociais para habita\u00e7\u00e3o. A gente tamb\u00e9m tem, no Minha Casa, Minha Vida, alguns im\u00f3veis da Uni\u00e3o que j\u00e1 est\u00e3o sendo utilizados, seja terrenos ou pr\u00e9dios, tanto para constru\u00e7\u00e3o, quanto para retrofit. Isso est\u00e1 totalmente alinhado e a gente est\u00e1 fazendo esse processo. E agora, dentro do Im\u00f3vel da Gente, a gente estabeleceu que todos os estados ter\u00e3o f\u00f3runs estaduais que tenham a participa\u00e7\u00e3o do Governo Federal, governo estadual, representantes de munic\u00edpios e movimentos sociais, para que a gente possa pactuar e organizar essa demanda pelos espa\u00e7os e ser feito uma an\u00e1lise sobre a melhor destina\u00e7\u00e3o. A nossa ideia \u00e9 que a gente consiga acelerar bastante ao longo desse ano.<\/p>\n<p class=\"callout\" style=\"text-align: justify;\"><strong>IM\u00d3VEL DA GENTE EM MG<\/strong>\u00a0\u2013 A gente assinou um acordo de coopera\u00e7\u00e3o t\u00e9cnica com a prefeitura de Belo Horizonte sobre uma \u00e1rea superimportante na cidade, que era o antigo Aeroporto Carlos Prates. A gente fez a cess\u00e3o do parque e estamos discutindo agora o restante do espa\u00e7o do aeroporto, de qual vai ser a utiliza\u00e7\u00e3o dele, junto com a prefeitura. Estamos fazendo audi\u00eancias p\u00fablicas na cidade e na regi\u00e3o, principalmente, que \u00e9 muito densa populacionalmente.<\/p>\n<p style=\"text-align: justify;\"><strong>IM\u00d3VEL DA GENTE NO RJ<\/strong>\u00a0\u2013 O Rio de Janeiro, talvez por ter sido a antiga capital, \u00e9 onde talvez tenha mais im\u00f3veis da Uni\u00e3o que v\u00e3o fazer parte do programa. No lan\u00e7amento do programa, o presidente assinou outro decreto com o INSS e, s\u00f3 no estado do Rio de Janeiro, tem 1.800 im\u00f3veis do INSS n\u00e3o operacionais que podem vir a fazer parte do programa, dependendo de suas caracter\u00edsticas, \u00e9 claro. No Rio de Janeiro, tem muitos im\u00f3veis do INSS que eram antigos conjuntos habitacionais que nunca foram regularizados. Eu e o ministro Carlos Lupi assinamos com o INSS, na semana passada ou retrasada, uma \u00e1rea em Teres\u00f3polis, na Quinta do Lebr\u00e3o, que \u00e9 uma \u00e1rea gigantesca, s\u00e3o quase tr\u00eas bairros dentro de Teres\u00f3polis, que \u00e9 onde a gente vai fazer um processo de regulariza\u00e7\u00e3o fundi\u00e1ria. Era um terreno do INSS e a gente vai fazer um processo com a prefeitura para poder fazer a regulariza\u00e7\u00e3o fundi\u00e1ria. O Rio de Janeiro \u00e9 um estado que ter\u00e1 muito impacto. O Brasil inteiro ser\u00e1 impactado, mas, sem d\u00favida nenhuma, por ser a antiga capital, o Rio de Janeiro acaba tendo essa caracter\u00edstica de ter muitos im\u00f3veis da Uni\u00e3o. Tivemos entregas em Duque de Caxias, na capital, Teres\u00f3polis e um que tem sido bastante emblem\u00e1tico, que \u00e9 a Leopoldina. A gente sabe que era um local lindo e estava totalmente abandonado. Era uma \u00e1rea da antiga rede ferrovi\u00e1ria e a gente est\u00e1 discutindo com a prefeitura a reforma do pr\u00e9dio. Pela Secretaria de Patrim\u00f4nio da Uni\u00e3o, a gente fez o projeto executivo daquele patrim\u00f4nio para fazer a restaura\u00e7\u00e3o e a prefeitura vai assumir essa restaura\u00e7\u00e3o. Provavelmente na pr\u00f3xima semana, devo ir ao Rio de Janeiro para a gente firmar esse contrato e, ao mesmo tempo, instaurar um grupo para discutir o restante da \u00e1rea, a esta\u00e7\u00e3o onde est\u00e3o os trilhos, que \u00e9 praticamente um novo bairro, com potencial residencial enorme.<\/p>\n<p class=\"callout\" style=\"text-align: justify;\"><strong>IM\u00d3VEL DA GENTE EM SP<\/strong>\u00a0\u2014 Em S\u00e3o Paulo, estive em um pr\u00e9dio que foi totalmente feito com o Minha Casa, Minha Vida Entidades. Infelizmente, depois que a presidenta Dilma saiu, perdeu o financiamento e tiveram que, junto com a prefeitura, fazer a obra ali daquele pr\u00e9dio e, na verdade, como valorizou o centro, onde est\u00e1 o pr\u00e9dio, foi valorizado o com\u00e9rcio, a regi\u00e3o e \u00e9 isso que a gente quer. Tem muitas \u00e1reas ainda nos centros urbanos que est\u00e3o abandonadas e, quando a gente come\u00e7a a ocupar, passa a ter uma nova vida naquele espa\u00e7o.<\/p>\n<p style=\"text-align: justify;\"><strong>CARTEIRA DE IDENTIDADE NACIONAL<\/strong>\u00a0\u2014 Dezessete estados j\u00e1 est\u00e3o emitindo exclusivamente a nova carteira, mas muita gente est\u00e1 emitindo na troca, na renova\u00e7\u00e3o, na primeira emiss\u00e3o para os jovens. Mas o nosso objetivo \u00e9 que toda a popula\u00e7\u00e3o brasileira fa\u00e7a a troca para a nova carteira. A ideia \u00e9 que a gente consiga acelerar esse processo, porque a carteira de identidade, para al\u00e9m de ser um documento de identidade, \u00e9 tamb\u00e9m um sistema de identifica\u00e7\u00e3o: vai unificar v\u00e1rias bases de dados, o Estado vai conhecer melhor o cidad\u00e3o, garantindo toda a prote\u00e7\u00e3o de dados e privacidade desses dados. A gente vai poder fazer coisas muito importante para o cidad\u00e3o. Por exemplo: para um jovem, inform\u00e1-lo: \u201cEsse ano \u00e9 o Enem, fa\u00e7a o Enem\u201d. Ou informar para o idoso que ele tem direito a retirar o cart\u00e3o de idoso, benef\u00edcio previdenci\u00e1rio. Ou uma pessoa que tem direito ao Bolsa Fam\u00edlia, a gente vai conseguir ter uma capacidade muito maior de prover servi\u00e7os para o cidad\u00e3o pelo conhecimento do cidad\u00e3o. Isso \u00e9 um grande trabalho que a gente tem feito dentro de todo o Governo Federal, mas tamb\u00e9m uma parceria enorme com estados e munic\u00edpios.<\/p>\n<p style=\"text-align: justify;\"><em><strong>Secretaria de Comunica\u00e7\u00e3o Social\u00a0<\/strong><\/em><\/p>\n<p style=\"text-align: justify;\"><em><strong>Presid\u00eancia da Rep\u00fablica<\/strong><\/em><\/p>\n","protected":false},"excerpt":{"rendered":"<p>Titular da Gest\u00e3o e Inova\u00e7\u00e3o em Servi\u00e7os P\u00fablicos detalhou, em conversa com radialistas nesta quinta-feira (11), os preparativos para as provas do CPNU e o programa Im\u00f3vel da Gente Oesquema de seguran\u00e7a preparado para o Concurso P\u00fablico Nacional Unificado (CPNU) e as a\u00e7\u00f5es do Governo Federal para destinar im\u00f3veis da Uni\u00e3o para pol\u00edticas p\u00fablicas foram [&hellip;]<\/p>\n","protected":false},"author":2,"featured_media":46874,"comment_status":"open","ping_status":"open","sticky":false,"template":"","format":"standard","meta":{"footnotes":""},"categories":[68,57],"tags":[],"class_list":{"0":"post-46873","1":"post","2":"type-post","3":"status-publish","4":"format-standard","5":"has-post-thumbnail","7":"category-brasil","8":"category-politica"},"yoast_head":"<!-- This site is optimized with the Yoast SEO Premium plugin v24.5 (Yoast SEO v27.5) - https:\/\/yoast.com\/product\/yoast-seo-premium-wordpress\/ -->\n<title>Esther Dweck: seguran\u00e7a do Concurso Unificado foi aperfei\u00e7oada em anos de sucesso com o Enem - P31<\/title>\n<meta name=\"robots\" content=\"index, follow, max-snippet:-1, max-image-preview:large, max-video-preview:-1\" \/>\n<link rel=\"canonical\" href=\"https:\/\/www.p31noticias.com.br\/?p=46873\" \/>\n<meta property=\"og:locale\" content=\"pt_BR\" \/>\n<meta property=\"og:type\" content=\"article\" \/>\n<meta property=\"og:title\" content=\"Esther Dweck: seguran\u00e7a do Concurso Unificado foi aperfei\u00e7oada em anos de sucesso com o Enem\" \/>\n<meta property=\"og:description\" content=\"Titular da Gest\u00e3o e Inova\u00e7\u00e3o em Servi\u00e7os P\u00fablicos detalhou, em conversa com radialistas nesta quinta-feira (11), os preparativos para as provas do CPNU e o programa Im\u00f3vel da Gente Oesquema de seguran\u00e7a preparado para o Concurso P\u00fablico Nacional Unificado (CPNU) e as a\u00e7\u00f5es do Governo Federal para destinar im\u00f3veis da Uni\u00e3o para pol\u00edticas p\u00fablicas foram [&hellip;]\" \/>\n<meta property=\"og:url\" content=\"https:\/\/www.p31noticias.com.br\/?p=46873\" \/>\n<meta property=\"og:site_name\" content=\"P31\" \/>\n<meta property=\"article:published_time\" content=\"2024-04-12T10:54:01+00:00\" \/>\n<meta property=\"og:image\" content=\"https:\/\/www.p31noticias.com.br\/wp-content\/uploads\/2024\/04\/unnamed-10fvbjdfnkdj.jpg\" \/>\n\t<meta property=\"og:image:width\" content=\"1121\" \/>\n\t<meta property=\"og:image:height\" content=\"745\" \/>\n\t<meta property=\"og:image:type\" content=\"image\/jpeg\" \/>\n<meta name=\"author\" content=\"Gon\u00e7alves Junior\" \/>\n<meta name=\"twitter:card\" content=\"summary_large_image\" \/>\n<meta name=\"twitter:label1\" content=\"Escrito por\" \/>\n\t<meta name=\"twitter:data1\" content=\"Gon\u00e7alves Junior\" \/>\n\t<meta name=\"twitter:label2\" content=\"Est. tempo de leitura\" \/>\n\t<meta name=\"twitter:data2\" content=\"12 minutos\" \/>\n<script type=\"application\/ld+json\" class=\"yoast-schema-graph\">{\"@context\":\"https:\\\/\\\/schema.org\",\"@graph\":[{\"@type\":\"Article\",\"@id\":\"https:\\\/\\\/www.p31noticias.com.br\\\/?p=46873#article\",\"isPartOf\":{\"@id\":\"https:\\\/\\\/www.p31noticias.com.br\\\/?p=46873\"},\"author\":{\"name\":\"Gon\u00e7alves Junior\",\"@id\":\"https:\\\/\\\/www.p31noticias.com.br\\\/#\\\/schema\\\/person\\\/95f2ece30e3b4132065b915150cd0f94\"},\"headline\":\"Esther Dweck: seguran\u00e7a do Concurso Unificado foi aperfei\u00e7oada em anos de sucesso com o Enem\",\"datePublished\":\"2024-04-12T10:54:01+00:00\",\"mainEntityOfPage\":{\"@id\":\"https:\\\/\\\/www.p31noticias.com.br\\\/?p=46873\"},\"wordCount\":2450,\"commentCount\":0,\"image\":{\"@id\":\"https:\\\/\\\/www.p31noticias.com.br\\\/?p=46873#primaryimage\"},\"thumbnailUrl\":\"https:\\\/\\\/www.p31noticias.com.br\\\/wp-content\\\/uploads\\\/2024\\\/04\\\/unnamed-10fvbjdfnkdj.jpg\",\"articleSection\":[\"Brasil\",\"Pol\u00edtica\"],\"inLanguage\":\"pt-BR\",\"potentialAction\":[{\"@type\":\"CommentAction\",\"name\":\"Comment\",\"target\":[\"https:\\\/\\\/www.p31noticias.com.br\\\/?p=46873#respond\"]}],\"copyrightYear\":\"2024\",\"copyrightHolder\":{\"@id\":\"https:\\\/\\\/www.p31noticias.com.br\\\/#organization\"}},{\"@type\":\"WebPage\",\"@id\":\"https:\\\/\\\/www.p31noticias.com.br\\\/?p=46873\",\"url\":\"https:\\\/\\\/www.p31noticias.com.br\\\/?p=46873\",\"name\":\"Esther Dweck: seguran\u00e7a do Concurso Unificado foi aperfei\u00e7oada em anos de sucesso com o Enem - P31\",\"isPartOf\":{\"@id\":\"https:\\\/\\\/www.p31noticias.com.br\\\/#website\"},\"primaryImageOfPage\":{\"@id\":\"https:\\\/\\\/www.p31noticias.com.br\\\/?p=46873#primaryimage\"},\"image\":{\"@id\":\"https:\\\/\\\/www.p31noticias.com.br\\\/?p=46873#primaryimage\"},\"thumbnailUrl\":\"https:\\\/\\\/www.p31noticias.com.br\\\/wp-content\\\/uploads\\\/2024\\\/04\\\/unnamed-10fvbjdfnkdj.jpg\",\"datePublished\":\"2024-04-12T10:54:01+00:00\",\"author\":{\"@id\":\"https:\\\/\\\/www.p31noticias.com.br\\\/#\\\/schema\\\/person\\\/95f2ece30e3b4132065b915150cd0f94\"},\"breadcrumb\":{\"@id\":\"https:\\\/\\\/www.p31noticias.com.br\\\/?p=46873#breadcrumb\"},\"inLanguage\":\"pt-BR\",\"potentialAction\":[{\"@type\":\"ReadAction\",\"target\":[\"https:\\\/\\\/www.p31noticias.com.br\\\/?p=46873\"]}]},{\"@type\":\"ImageObject\",\"inLanguage\":\"pt-BR\",\"@id\":\"https:\\\/\\\/www.p31noticias.com.br\\\/?p=46873#primaryimage\",\"url\":\"https:\\\/\\\/www.p31noticias.com.br\\\/wp-content\\\/uploads\\\/2024\\\/04\\\/unnamed-10fvbjdfnkdj.jpg\",\"contentUrl\":\"https:\\\/\\\/www.p31noticias.com.br\\\/wp-content\\\/uploads\\\/2024\\\/04\\\/unnamed-10fvbjdfnkdj.jpg\",\"width\":1121,\"height\":745},{\"@type\":\"BreadcrumbList\",\"@id\":\"https:\\\/\\\/www.p31noticias.com.br\\\/?p=46873#breadcrumb\",\"itemListElement\":[{\"@type\":\"ListItem\",\"position\":1,\"name\":\"In\u00edcio\",\"item\":\"https:\\\/\\\/www.p31noticias.com.br\\\/\"},{\"@type\":\"ListItem\",\"position\":2,\"name\":\"Esther Dweck: seguran\u00e7a do Concurso Unificado foi aperfei\u00e7oada em anos de sucesso com o Enem\"}]},{\"@type\":\"WebSite\",\"@id\":\"https:\\\/\\\/www.p31noticias.com.br\\\/#website\",\"url\":\"https:\\\/\\\/www.p31noticias.com.br\\\/\",\"name\":\"P31\",\"description\":\"NOT\u00cdCIAS\",\"potentialAction\":[{\"@type\":\"SearchAction\",\"target\":{\"@type\":\"EntryPoint\",\"urlTemplate\":\"https:\\\/\\\/www.p31noticias.com.br\\\/?s={search_term_string}\"},\"query-input\":{\"@type\":\"PropertyValueSpecification\",\"valueRequired\":true,\"valueName\":\"search_term_string\"}}],\"inLanguage\":\"pt-BR\"},{\"@type\":\"Person\",\"@id\":\"https:\\\/\\\/www.p31noticias.com.br\\\/#\\\/schema\\\/person\\\/95f2ece30e3b4132065b915150cd0f94\",\"name\":\"Gon\u00e7alves Junior\",\"image\":{\"@type\":\"ImageObject\",\"inLanguage\":\"pt-BR\",\"@id\":\"https:\\\/\\\/secure.gravatar.com\\\/avatar\\\/6711f350116a89762687a48d66f723c799e5438a5b7578508d4294cd7a5d0800?s=96&d=mm&r=g\",\"url\":\"https:\\\/\\\/secure.gravatar.com\\\/avatar\\\/6711f350116a89762687a48d66f723c799e5438a5b7578508d4294cd7a5d0800?s=96&d=mm&r=g\",\"contentUrl\":\"https:\\\/\\\/secure.gravatar.com\\\/avatar\\\/6711f350116a89762687a48d66f723c799e5438a5b7578508d4294cd7a5d0800?s=96&d=mm&r=g\",\"caption\":\"Gon\u00e7alves Junior\"},\"url\":\"https:\\\/\\\/www.p31noticias.com.br\\\/?author=2\"}]}<\/script>\n<!-- \/ Yoast SEO Premium plugin. -->","yoast_head_json":{"title":"Esther Dweck: seguran\u00e7a do Concurso Unificado foi aperfei\u00e7oada em anos de sucesso com o Enem - P31","robots":{"index":"index","follow":"follow","max-snippet":"max-snippet:-1","max-image-preview":"max-image-preview:large","max-video-preview":"max-video-preview:-1"},"canonical":"https:\/\/www.p31noticias.com.br\/?p=46873","og_locale":"pt_BR","og_type":"article","og_title":"Esther Dweck: seguran\u00e7a do Concurso Unificado foi aperfei\u00e7oada em anos de sucesso com o Enem","og_description":"Titular da Gest\u00e3o e Inova\u00e7\u00e3o em Servi\u00e7os P\u00fablicos detalhou, em conversa com radialistas nesta quinta-feira (11), os preparativos para as provas do CPNU e o programa Im\u00f3vel da Gente Oesquema de seguran\u00e7a preparado para o Concurso P\u00fablico Nacional Unificado (CPNU) e as a\u00e7\u00f5es do Governo Federal para destinar im\u00f3veis da Uni\u00e3o para pol\u00edticas p\u00fablicas foram [&hellip;]","og_url":"https:\/\/www.p31noticias.com.br\/?p=46873","og_site_name":"P31","article_published_time":"2024-04-12T10:54:01+00:00","og_image":[{"width":1121,"height":745,"url":"https:\/\/www.p31noticias.com.br\/wp-content\/uploads\/2024\/04\/unnamed-10fvbjdfnkdj.jpg","type":"image\/jpeg"}],"author":"Gon\u00e7alves Junior","twitter_card":"summary_large_image","twitter_misc":{"Escrito por":"Gon\u00e7alves Junior","Est. tempo de leitura":"12 minutos"},"schema":{"@context":"https:\/\/schema.org","@graph":[{"@type":"Article","@id":"https:\/\/www.p31noticias.com.br\/?p=46873#article","isPartOf":{"@id":"https:\/\/www.p31noticias.com.br\/?p=46873"},"author":{"name":"Gon\u00e7alves Junior","@id":"https:\/\/www.p31noticias.com.br\/#\/schema\/person\/95f2ece30e3b4132065b915150cd0f94"},"headline":"Esther Dweck: seguran\u00e7a do Concurso Unificado foi aperfei\u00e7oada em anos de sucesso com o Enem","datePublished":"2024-04-12T10:54:01+00:00","mainEntityOfPage":{"@id":"https:\/\/www.p31noticias.com.br\/?p=46873"},"wordCount":2450,"commentCount":0,"image":{"@id":"https:\/\/www.p31noticias.com.br\/?p=46873#primaryimage"},"thumbnailUrl":"https:\/\/www.p31noticias.com.br\/wp-content\/uploads\/2024\/04\/unnamed-10fvbjdfnkdj.jpg","articleSection":["Brasil","Pol\u00edtica"],"inLanguage":"pt-BR","potentialAction":[{"@type":"CommentAction","name":"Comment","target":["https:\/\/www.p31noticias.com.br\/?p=46873#respond"]}],"copyrightYear":"2024","copyrightHolder":{"@id":"https:\/\/www.p31noticias.com.br\/#organization"}},{"@type":"WebPage","@id":"https:\/\/www.p31noticias.com.br\/?p=46873","url":"https:\/\/www.p31noticias.com.br\/?p=46873","name":"Esther Dweck: seguran\u00e7a do Concurso Unificado foi aperfei\u00e7oada em anos de sucesso com o Enem - P31","isPartOf":{"@id":"https:\/\/www.p31noticias.com.br\/#website"},"primaryImageOfPage":{"@id":"https:\/\/www.p31noticias.com.br\/?p=46873#primaryimage"},"image":{"@id":"https:\/\/www.p31noticias.com.br\/?p=46873#primaryimage"},"thumbnailUrl":"https:\/\/www.p31noticias.com.br\/wp-content\/uploads\/2024\/04\/unnamed-10fvbjdfnkdj.jpg","datePublished":"2024-04-12T10:54:01+00:00","author":{"@id":"https:\/\/www.p31noticias.com.br\/#\/schema\/person\/95f2ece30e3b4132065b915150cd0f94"},"breadcrumb":{"@id":"https:\/\/www.p31noticias.com.br\/?p=46873#breadcrumb"},"inLanguage":"pt-BR","potentialAction":[{"@type":"ReadAction","target":["https:\/\/www.p31noticias.com.br\/?p=46873"]}]},{"@type":"ImageObject","inLanguage":"pt-BR","@id":"https:\/\/www.p31noticias.com.br\/?p=46873#primaryimage","url":"https:\/\/www.p31noticias.com.br\/wp-content\/uploads\/2024\/04\/unnamed-10fvbjdfnkdj.jpg","contentUrl":"https:\/\/www.p31noticias.com.br\/wp-content\/uploads\/2024\/04\/unnamed-10fvbjdfnkdj.jpg","width":1121,"height":745},{"@type":"BreadcrumbList","@id":"https:\/\/www.p31noticias.com.br\/?p=46873#breadcrumb","itemListElement":[{"@type":"ListItem","position":1,"name":"In\u00edcio","item":"https:\/\/www.p31noticias.com.br\/"},{"@type":"ListItem","position":2,"name":"Esther Dweck: seguran\u00e7a do Concurso Unificado foi aperfei\u00e7oada em anos de sucesso com o Enem"}]},{"@type":"WebSite","@id":"https:\/\/www.p31noticias.com.br\/#website","url":"https:\/\/www.p31noticias.com.br\/","name":"P31","description":"NOT\u00cdCIAS","potentialAction":[{"@type":"SearchAction","target":{"@type":"EntryPoint","urlTemplate":"https:\/\/www.p31noticias.com.br\/?s={search_term_string}"},"query-input":{"@type":"PropertyValueSpecification","valueRequired":true,"valueName":"search_term_string"}}],"inLanguage":"pt-BR"},{"@type":"Person","@id":"https:\/\/www.p31noticias.com.br\/#\/schema\/person\/95f2ece30e3b4132065b915150cd0f94","name":"Gon\u00e7alves Junior","image":{"@type":"ImageObject","inLanguage":"pt-BR","@id":"https:\/\/secure.gravatar.com\/avatar\/6711f350116a89762687a48d66f723c799e5438a5b7578508d4294cd7a5d0800?s=96&d=mm&r=g","url":"https:\/\/secure.gravatar.com\/avatar\/6711f350116a89762687a48d66f723c799e5438a5b7578508d4294cd7a5d0800?s=96&d=mm&r=g","contentUrl":"https:\/\/secure.gravatar.com\/avatar\/6711f350116a89762687a48d66f723c799e5438a5b7578508d4294cd7a5d0800?s=96&d=mm&r=g","caption":"Gon\u00e7alves Junior"},"url":"https:\/\/www.p31noticias.com.br\/?author=2"}]}},"amp_enabled":true,"_links":{"self":[{"href":"https:\/\/www.p31noticias.com.br\/index.php?rest_route=\/wp\/v2\/posts\/46873","targetHints":{"allow":["GET"]}}],"collection":[{"href":"https:\/\/www.p31noticias.com.br\/index.php?rest_route=\/wp\/v2\/posts"}],"about":[{"href":"https:\/\/www.p31noticias.com.br\/index.php?rest_route=\/wp\/v2\/types\/post"}],"author":[{"embeddable":true,"href":"https:\/\/www.p31noticias.com.br\/index.php?rest_route=\/wp\/v2\/users\/2"}],"replies":[{"embeddable":true,"href":"https:\/\/www.p31noticias.com.br\/index.php?rest_route=%2Fwp%2Fv2%2Fcomments&post=46873"}],"version-history":[{"count":1,"href":"https:\/\/www.p31noticias.com.br\/index.php?rest_route=\/wp\/v2\/posts\/46873\/revisions"}],"predecessor-version":[{"id":46875,"href":"https:\/\/www.p31noticias.com.br\/index.php?rest_route=\/wp\/v2\/posts\/46873\/revisions\/46875"}],"wp:featuredmedia":[{"embeddable":true,"href":"https:\/\/www.p31noticias.com.br\/index.php?rest_route=\/wp\/v2\/media\/46874"}],"wp:attachment":[{"href":"https:\/\/www.p31noticias.com.br\/index.php?rest_route=%2Fwp%2Fv2%2Fmedia&parent=46873"}],"wp:term":[{"taxonomy":"category","embeddable":true,"href":"https:\/\/www.p31noticias.com.br\/index.php?rest_route=%2Fwp%2Fv2%2Fcategories&post=46873"},{"taxonomy":"post_tag","embeddable":true,"href":"https:\/\/www.p31noticias.com.br\/index.php?rest_route=%2Fwp%2Fv2%2Ftags&post=46873"}],"curies":[{"name":"wp","href":"https:\/\/api.w.org\/{rel}","templated":true}]}}