{"id":46862,"date":"2024-04-12T02:30:05","date_gmt":"2024-04-12T05:30:05","guid":{"rendered":"https:\/\/p31noticias.com.br\/executiva-nacional-do-pv-quer-expulsao-imediata-de-jadyel-alencar-e-luciano-amaral\/"},"modified":"2024-04-12T02:30:05","modified_gmt":"2024-04-12T05:30:05","slug":"executiva-nacional-do-pv-quer-expulsao-imediata-de-jadyel-alencar-e-luciano-amaral","status":"publish","type":"post","link":"https:\/\/www.p31noticias.com.br\/?p=46862","title":{"rendered":"Executiva Nacional do PV quer expuls\u00e3o imediata de Jadyel Alencar e Luciano Amaral"},"content":{"rendered":"<p>\u00a0 A Executiva Nacional do Partido Verde, representada nesta manifesta\u00e7\u00e3o por ampla maioria de seus membros, solicita abertura de processo administrativo disciplinar para expuls\u00e3o dos deputados federais Jadyel Alencar e Luciano Amaral. Eleitos em 2022 pela legenda, os parlamentares infringem por meio do voto pela soltura do deputado federal Chiquinhos Braz\u00e3o, artigos previstos no Regimento [\u2026]<\/p>\n<p>O post <a href=\"https:\/\/www.delioandrade.com.br\/executiva-nacional-do-pv-quer-expulsao-imediata-de-jadyel-alencar-e-luciano-amaral\/\">Executiva Nacional do PV quer expuls\u00e3o imediata de Jadyel Alencar e Luciano Amaral<\/a> apareceu primeiro em <a href=\"https:\/\/www.delioandrade.com.br\/\">Blog do D\u00c9LIO ANDRADE<\/a>.<\/p>\n","protected":false},"excerpt":{"rendered":"<p>\u00a0 A Executiva Nacional do Partido Verde, representada nesta manifesta\u00e7\u00e3o por ampla maioria de seus membros, solicita abertura de processo administrativo disciplinar para expuls\u00e3o dos deputados federais Jadyel Alencar e Luciano Amaral. Eleitos em 2022 pela legenda, os parlamentares infringem por meio do voto pela soltura do deputado federal Chiquinhos Braz\u00e3o, artigos previstos no Regimento [&hellip;]<\/p>\n","protected":false},"author":0,"featured_media":46863,"comment_status":"open","ping_status":"open","sticky":false,"template":"","format":"standard","meta":{"footnotes":""},"categories":[21],"tags":[],"class_list":{"0":"post-46862","1":"post","2":"type-post","3":"status-publish","4":"format-standard","5":"has-post-thumbnail","7":"category-brasilia"},"yoast_head":"<!-- This site is optimized with the Yoast SEO Premium plugin v24.5 (Yoast SEO v27.5) - https:\/\/yoast.com\/product\/yoast-seo-premium-wordpress\/ -->\n<title>Executiva Nacional do PV quer expuls\u00e3o imediata de Jadyel Alencar e Luciano Amaral - P31<\/title>\n<meta name=\"robots\" content=\"index, follow, max-snippet:-1, max-image-preview:large, max-video-preview:-1\" \/>\n<link rel=\"canonical\" href=\"https:\/\/www.p31noticias.com.br\/?p=46862\" \/>\n<meta property=\"og:locale\" content=\"pt_BR\" \/>\n<meta property=\"og:type\" content=\"article\" \/>\n<meta property=\"og:title\" content=\"Executiva Nacional do PV quer expuls\u00e3o imediata de Jadyel Alencar e Luciano Amaral\" \/>\n<meta property=\"og:description\" content=\"\u00a0 A Executiva Nacional do Partido Verde, representada nesta manifesta\u00e7\u00e3o por ampla maioria de seus membros, solicita abertura de processo administrativo disciplinar para expuls\u00e3o dos deputados federais Jadyel Alencar e Luciano Amaral. Eleitos em 2022 pela legenda, os parlamentares infringem por meio do voto pela soltura do deputado federal Chiquinhos Braz\u00e3o, artigos previstos no Regimento [&hellip;]\" \/>\n<meta property=\"og:url\" content=\"https:\/\/www.p31noticias.com.br\/?p=46862\" \/>\n<meta property=\"og:site_name\" content=\"P31\" \/>\n<meta property=\"article:published_time\" content=\"2024-04-12T05:30:05+00:00\" \/>\n<meta property=\"og:image\" content=\"https:\/\/www.p31noticias.com.br\/wp-content\/uploads\/2024\/04\/PV_Logo.svg_-150x150-Od2URq-aFUhaj.png\" \/>\n\t<meta property=\"og:image:width\" content=\"150\" \/>\n\t<meta property=\"og:image:height\" content=\"150\" \/>\n\t<meta property=\"og:image:type\" content=\"image\/png\" \/>\n<meta name=\"twitter:card\" content=\"summary_large_image\" \/>\n<script type=\"application\/ld+json\" class=\"yoast-schema-graph\">{\"@context\":\"https:\\\/\\\/schema.org\",\"@graph\":[{\"@type\":\"Article\",\"@id\":\"https:\\\/\\\/www.p31noticias.com.br\\\/?p=46862#article\",\"isPartOf\":{\"@id\":\"https:\\\/\\\/www.p31noticias.com.br\\\/?p=46862\"},\"author\":{\"name\":\"\",\"@id\":\"\"},\"headline\":\"Executiva Nacional do PV quer expuls\u00e3o imediata de Jadyel Alencar e Luciano Amaral\",\"datePublished\":\"2024-04-12T05:30:05+00:00\",\"mainEntityOfPage\":{\"@id\":\"https:\\\/\\\/www.p31noticias.com.br\\\/?p=46862\"},\"wordCount\":94,\"commentCount\":0,\"image\":{\"@id\":\"https:\\\/\\\/www.p31noticias.com.br\\\/?p=46862#primaryimage\"},\"thumbnailUrl\":\"https:\\\/\\\/www.p31noticias.com.br\\\/wp-content\\\/uploads\\\/2024\\\/04\\\/PV_Logo.svg_-150x150-Od2URq-aFUhaj.png\",\"articleSection\":[\"Bras\u00edlia\"],\"inLanguage\":\"pt-BR\",\"potentialAction\":[{\"@type\":\"CommentAction\",\"name\":\"Comment\",\"target\":[\"https:\\\/\\\/www.p31noticias.com.br\\\/?p=46862#respond\"]}],\"copyrightYear\":\"2024\",\"copyrightHolder\":{\"@id\":\"https:\\\/\\\/www.p31noticias.com.br\\\/#organization\"}},{\"@type\":\"WebPage\",\"@id\":\"https:\\\/\\\/www.p31noticias.com.br\\\/?p=46862\",\"url\":\"https:\\\/\\\/www.p31noticias.com.br\\\/?p=46862\",\"name\":\"Executiva Nacional do PV quer expuls\u00e3o imediata de Jadyel Alencar e Luciano Amaral - P31\",\"isPartOf\":{\"@id\":\"https:\\\/\\\/www.p31noticias.com.br\\\/#website\"},\"primaryImageOfPage\":{\"@id\":\"https:\\\/\\\/www.p31noticias.com.br\\\/?p=46862#primaryimage\"},\"image\":{\"@id\":\"https:\\\/\\\/www.p31noticias.com.br\\\/?p=46862#primaryimage\"},\"thumbnailUrl\":\"https:\\\/\\\/www.p31noticias.com.br\\\/wp-content\\\/uploads\\\/2024\\\/04\\\/PV_Logo.svg_-150x150-Od2URq-aFUhaj.png\",\"datePublished\":\"2024-04-12T05:30:05+00:00\",\"author\":{\"@id\":\"\"},\"breadcrumb\":{\"@id\":\"https:\\\/\\\/www.p31noticias.com.br\\\/?p=46862#breadcrumb\"},\"inLanguage\":\"pt-BR\",\"potentialAction\":[{\"@type\":\"ReadAction\",\"target\":[\"https:\\\/\\\/www.p31noticias.com.br\\\/?p=46862\"]}]},{\"@type\":\"ImageObject\",\"inLanguage\":\"pt-BR\",\"@id\":\"https:\\\/\\\/www.p31noticias.com.br\\\/?p=46862#primaryimage\",\"url\":\"https:\\\/\\\/www.p31noticias.com.br\\\/wp-content\\\/uploads\\\/2024\\\/04\\\/PV_Logo.svg_-150x150-Od2URq-aFUhaj.png\",\"contentUrl\":\"https:\\\/\\\/www.p31noticias.com.br\\\/wp-content\\\/uploads\\\/2024\\\/04\\\/PV_Logo.svg_-150x150-Od2URq-aFUhaj.png\",\"width\":150,\"height\":150},{\"@type\":\"BreadcrumbList\",\"@id\":\"https:\\\/\\\/www.p31noticias.com.br\\\/?p=46862#breadcrumb\",\"itemListElement\":[{\"@type\":\"ListItem\",\"position\":1,\"name\":\"In\u00edcio\",\"item\":\"https:\\\/\\\/www.p31noticias.com.br\\\/\"},{\"@type\":\"ListItem\",\"position\":2,\"name\":\"Executiva Nacional do PV quer expuls\u00e3o imediata de Jadyel Alencar e Luciano Amaral\"}]},{\"@type\":\"WebSite\",\"@id\":\"https:\\\/\\\/www.p31noticias.com.br\\\/#website\",\"url\":\"https:\\\/\\\/www.p31noticias.com.br\\\/\",\"name\":\"P31\",\"description\":\"NOT\u00cdCIAS\",\"potentialAction\":[{\"@type\":\"SearchAction\",\"target\":{\"@type\":\"EntryPoint\",\"urlTemplate\":\"https:\\\/\\\/www.p31noticias.com.br\\\/?s={search_term_string}\"},\"query-input\":{\"@type\":\"PropertyValueSpecification\",\"valueRequired\":true,\"valueName\":\"search_term_string\"}}],\"inLanguage\":\"pt-BR\"}]}<\/script>\n<!-- \/ Yoast SEO Premium plugin. -->","yoast_head_json":{"title":"Executiva Nacional do PV quer expuls\u00e3o imediata de Jadyel Alencar e Luciano Amaral - P31","robots":{"index":"index","follow":"follow","max-snippet":"max-snippet:-1","max-image-preview":"max-image-preview:large","max-video-preview":"max-video-preview:-1"},"canonical":"https:\/\/www.p31noticias.com.br\/?p=46862","og_locale":"pt_BR","og_type":"article","og_title":"Executiva Nacional do PV quer expuls\u00e3o imediata de Jadyel Alencar e Luciano Amaral","og_description":"\u00a0 A Executiva Nacional do Partido Verde, representada nesta manifesta\u00e7\u00e3o por ampla maioria de seus membros, solicita abertura de processo administrativo disciplinar para expuls\u00e3o dos deputados federais Jadyel Alencar e Luciano Amaral. Eleitos em 2022 pela legenda, os parlamentares infringem por meio do voto pela soltura do deputado federal Chiquinhos Braz\u00e3o, artigos previstos no Regimento [&hellip;]","og_url":"https:\/\/www.p31noticias.com.br\/?p=46862","og_site_name":"P31","article_published_time":"2024-04-12T05:30:05+00:00","og_image":[{"width":150,"height":150,"url":"https:\/\/www.p31noticias.com.br\/wp-content\/uploads\/2024\/04\/PV_Logo.svg_-150x150-Od2URq-aFUhaj.png","type":"image\/png"}],"twitter_card":"summary_large_image","schema":{"@context":"https:\/\/schema.org","@graph":[{"@type":"Article","@id":"https:\/\/www.p31noticias.com.br\/?p=46862#article","isPartOf":{"@id":"https:\/\/www.p31noticias.com.br\/?p=46862"},"author":{"name":"","@id":""},"headline":"Executiva Nacional do PV quer expuls\u00e3o imediata de Jadyel Alencar e Luciano Amaral","datePublished":"2024-04-12T05:30:05+00:00","mainEntityOfPage":{"@id":"https:\/\/www.p31noticias.com.br\/?p=46862"},"wordCount":94,"commentCount":0,"image":{"@id":"https:\/\/www.p31noticias.com.br\/?p=46862#primaryimage"},"thumbnailUrl":"https:\/\/www.p31noticias.com.br\/wp-content\/uploads\/2024\/04\/PV_Logo.svg_-150x150-Od2URq-aFUhaj.png","articleSection":["Bras\u00edlia"],"inLanguage":"pt-BR","potentialAction":[{"@type":"CommentAction","name":"Comment","target":["https:\/\/www.p31noticias.com.br\/?p=46862#respond"]}],"copyrightYear":"2024","copyrightHolder":{"@id":"https:\/\/www.p31noticias.com.br\/#organization"}},{"@type":"WebPage","@id":"https:\/\/www.p31noticias.com.br\/?p=46862","url":"https:\/\/www.p31noticias.com.br\/?p=46862","name":"Executiva Nacional do PV quer expuls\u00e3o imediata de Jadyel Alencar e Luciano Amaral - P31","isPartOf":{"@id":"https:\/\/www.p31noticias.com.br\/#website"},"primaryImageOfPage":{"@id":"https:\/\/www.p31noticias.com.br\/?p=46862#primaryimage"},"image":{"@id":"https:\/\/www.p31noticias.com.br\/?p=46862#primaryimage"},"thumbnailUrl":"https:\/\/www.p31noticias.com.br\/wp-content\/uploads\/2024\/04\/PV_Logo.svg_-150x150-Od2URq-aFUhaj.png","datePublished":"2024-04-12T05:30:05+00:00","author":{"@id":""},"breadcrumb":{"@id":"https:\/\/www.p31noticias.com.br\/?p=46862#breadcrumb"},"inLanguage":"pt-BR","potentialAction":[{"@type":"ReadAction","target":["https:\/\/www.p31noticias.com.br\/?p=46862"]}]},{"@type":"ImageObject","inLanguage":"pt-BR","@id":"https:\/\/www.p31noticias.com.br\/?p=46862#primaryimage","url":"https:\/\/www.p31noticias.com.br\/wp-content\/uploads\/2024\/04\/PV_Logo.svg_-150x150-Od2URq-aFUhaj.png","contentUrl":"https:\/\/www.p31noticias.com.br\/wp-content\/uploads\/2024\/04\/PV_Logo.svg_-150x150-Od2URq-aFUhaj.png","width":150,"height":150},{"@type":"BreadcrumbList","@id":"https:\/\/www.p31noticias.com.br\/?p=46862#breadcrumb","itemListElement":[{"@type":"ListItem","position":1,"name":"In\u00edcio","item":"https:\/\/www.p31noticias.com.br\/"},{"@type":"ListItem","position":2,"name":"Executiva Nacional do PV quer expuls\u00e3o imediata de Jadyel Alencar e Luciano Amaral"}]},{"@type":"WebSite","@id":"https:\/\/www.p31noticias.com.br\/#website","url":"https:\/\/www.p31noticias.com.br\/","name":"P31","description":"NOT\u00cdCIAS","potentialAction":[{"@type":"SearchAction","target":{"@type":"EntryPoint","urlTemplate":"https:\/\/www.p31noticias.com.br\/?s={search_term_string}"},"query-input":{"@type":"PropertyValueSpecification","valueRequired":true,"valueName":"search_term_string"}}],"inLanguage":"pt-BR"}]}},"amp_enabled":true,"_links":{"self":[{"href":"https:\/\/www.p31noticias.com.br\/index.php?rest_route=\/wp\/v2\/posts\/46862","targetHints":{"allow":["GET"]}}],"collection":[{"href":"https:\/\/www.p31noticias.com.br\/index.php?rest_route=\/wp\/v2\/posts"}],"about":[{"href":"https:\/\/www.p31noticias.com.br\/index.php?rest_route=\/wp\/v2\/types\/post"}],"replies":[{"embeddable":true,"href":"https:\/\/www.p31noticias.com.br\/index.php?rest_route=%2Fwp%2Fv2%2Fcomments&post=46862"}],"version-history":[{"count":0,"href":"https:\/\/www.p31noticias.com.br\/index.php?rest_route=\/wp\/v2\/posts\/46862\/revisions"}],"wp:featuredmedia":[{"embeddable":true,"href":"https:\/\/www.p31noticias.com.br\/index.php?rest_route=\/wp\/v2\/media\/46863"}],"wp:attachment":[{"href":"https:\/\/www.p31noticias.com.br\/index.php?rest_route=%2Fwp%2Fv2%2Fmedia&parent=46862"}],"wp:term":[{"taxonomy":"category","embeddable":true,"href":"https:\/\/www.p31noticias.com.br\/index.php?rest_route=%2Fwp%2Fv2%2Fcategories&post=46862"},{"taxonomy":"post_tag","embeddable":true,"href":"https:\/\/www.p31noticias.com.br\/index.php?rest_route=%2Fwp%2Fv2%2Ftags&post=46862"}],"curies":[{"name":"wp","href":"https:\/\/api.w.org\/{rel}","templated":true}]}}