{"id":46855,"date":"2024-04-11T23:30:05","date_gmt":"2024-04-12T02:30:05","guid":{"rendered":"https:\/\/p31noticias.com.br\/quem-sao-os-novos-delegados-de-policia-do-guara\/"},"modified":"2024-04-11T23:30:05","modified_gmt":"2024-04-12T02:30:05","slug":"quem-sao-os-novos-delegados-de-policia-do-guara","status":"publish","type":"post","link":"https:\/\/www.p31noticias.com.br\/?p=46855","title":{"rendered":"Quem s\u00e3o os novos delegados de pol\u00edcia do Guar\u00e1"},"content":{"rendered":"<p>Ap\u00f3s tr\u00eas anos e meio, a dupla de delegados Anderson Esp\u00edndola e Johnson Kenedy deixa a 4\u00aa Delegacia de Pol\u00edcia do Guar\u00e1 e \u00e9 transferida para a 10\u00aa DP do Lago Sul. Foi a segunda passagem deles pelo Guar\u00e1. Os dois passam a ser substitu\u00eddos pelos delegados Lorisvaldo Chacha Rosa (titular) e Filipe Villela Campos [\u2026]<\/p>\n<p>O post <a href=\"https:\/\/www.delioandrade.com.br\/quem-sao-os-novos-delegados-de-policia-do-guara\/\">Quem s\u00e3o os novos delegados de pol\u00edcia do Guar\u00e1<\/a> apareceu primeiro em <a href=\"https:\/\/www.delioandrade.com.br\/\">Blog do D\u00c9LIO ANDRADE<\/a>.<\/p>\n","protected":false},"excerpt":{"rendered":"<p>Ap\u00f3s tr\u00eas anos e meio, a dupla de delegados Anderson Esp\u00edndola e Johnson Kenedy deixa a 4\u00aa Delegacia de Pol\u00edcia do Guar\u00e1 e \u00e9 transferida para a 10\u00aa DP do Lago Sul. Foi a segunda passagem deles pelo Guar\u00e1. Os dois passam a ser substitu\u00eddos pelos delegados Lorisvaldo Chacha Rosa (titular) e Filipe Villela Campos [&hellip;]<\/p>\n","protected":false},"author":0,"featured_media":46856,"comment_status":"open","ping_status":"open","sticky":false,"template":"","format":"standard","meta":{"footnotes":""},"categories":[21],"tags":[],"class_list":{"0":"post-46855","1":"post","2":"type-post","3":"status-publish","4":"format-standard","5":"has-post-thumbnail","7":"category-brasilia"},"yoast_head":"<!-- This site is optimized with the Yoast SEO Premium plugin v24.5 (Yoast SEO v27.5) - https:\/\/yoast.com\/product\/yoast-seo-premium-wordpress\/ -->\n<title>Quem s\u00e3o os novos delegados de pol\u00edcia do Guar\u00e1 - P31<\/title>\n<meta name=\"robots\" content=\"index, follow, max-snippet:-1, max-image-preview:large, max-video-preview:-1\" \/>\n<link rel=\"canonical\" href=\"https:\/\/www.p31noticias.com.br\/?p=46855\" \/>\n<meta property=\"og:locale\" content=\"pt_BR\" \/>\n<meta property=\"og:type\" content=\"article\" \/>\n<meta property=\"og:title\" content=\"Quem s\u00e3o os novos delegados de pol\u00edcia do Guar\u00e1\" \/>\n<meta property=\"og:description\" content=\"Ap\u00f3s tr\u00eas anos e meio, a dupla de delegados Anderson Esp\u00edndola e Johnson Kenedy deixa a 4\u00aa Delegacia de Pol\u00edcia do Guar\u00e1 e \u00e9 transferida para a 10\u00aa DP do Lago Sul. Foi a segunda passagem deles pelo Guar\u00e1. Os dois passam a ser substitu\u00eddos pelos delegados Lorisvaldo Chacha Rosa (titular) e Filipe Villela Campos [&hellip;]\" \/>\n<meta property=\"og:url\" content=\"https:\/\/www.p31noticias.com.br\/?p=46855\" \/>\n<meta property=\"og:site_name\" content=\"P31\" \/>\n<meta property=\"article:published_time\" content=\"2024-04-12T02:30:05+00:00\" \/>\n<meta property=\"og:image\" content=\"https:\/\/www.p31noticias.com.br\/wp-content\/uploads\/2024\/04\/51590c89-27b3-4e00-bf5b-bf91a76a018d-169x300-mV5cHg-150x150-u1aLrX.jpeg\" \/>\n\t<meta property=\"og:image:width\" content=\"150\" \/>\n\t<meta property=\"og:image:height\" content=\"150\" \/>\n\t<meta property=\"og:image:type\" content=\"image\/jpeg\" \/>\n<meta name=\"twitter:card\" content=\"summary_large_image\" \/>\n<script type=\"application\/ld+json\" class=\"yoast-schema-graph\">{\"@context\":\"https:\\\/\\\/schema.org\",\"@graph\":[{\"@type\":\"Article\",\"@id\":\"https:\\\/\\\/www.p31noticias.com.br\\\/?p=46855#article\",\"isPartOf\":{\"@id\":\"https:\\\/\\\/www.p31noticias.com.br\\\/?p=46855\"},\"author\":{\"name\":\"\",\"@id\":\"\"},\"headline\":\"Quem s\u00e3o os novos delegados de pol\u00edcia do Guar\u00e1\",\"datePublished\":\"2024-04-12T02:30:05+00:00\",\"mainEntityOfPage\":{\"@id\":\"https:\\\/\\\/www.p31noticias.com.br\\\/?p=46855\"},\"wordCount\":89,\"commentCount\":0,\"image\":{\"@id\":\"https:\\\/\\\/www.p31noticias.com.br\\\/?p=46855#primaryimage\"},\"thumbnailUrl\":\"https:\\\/\\\/www.p31noticias.com.br\\\/wp-content\\\/uploads\\\/2024\\\/04\\\/51590c89-27b3-4e00-bf5b-bf91a76a018d-169x300-mV5cHg-150x150-u1aLrX.jpeg\",\"articleSection\":[\"Bras\u00edlia\"],\"inLanguage\":\"pt-BR\",\"potentialAction\":[{\"@type\":\"CommentAction\",\"name\":\"Comment\",\"target\":[\"https:\\\/\\\/www.p31noticias.com.br\\\/?p=46855#respond\"]}],\"copyrightYear\":\"2024\",\"copyrightHolder\":{\"@id\":\"https:\\\/\\\/www.p31noticias.com.br\\\/#organization\"}},{\"@type\":\"WebPage\",\"@id\":\"https:\\\/\\\/www.p31noticias.com.br\\\/?p=46855\",\"url\":\"https:\\\/\\\/www.p31noticias.com.br\\\/?p=46855\",\"name\":\"Quem s\u00e3o os novos delegados de pol\u00edcia do Guar\u00e1 - P31\",\"isPartOf\":{\"@id\":\"https:\\\/\\\/www.p31noticias.com.br\\\/#website\"},\"primaryImageOfPage\":{\"@id\":\"https:\\\/\\\/www.p31noticias.com.br\\\/?p=46855#primaryimage\"},\"image\":{\"@id\":\"https:\\\/\\\/www.p31noticias.com.br\\\/?p=46855#primaryimage\"},\"thumbnailUrl\":\"https:\\\/\\\/www.p31noticias.com.br\\\/wp-content\\\/uploads\\\/2024\\\/04\\\/51590c89-27b3-4e00-bf5b-bf91a76a018d-169x300-mV5cHg-150x150-u1aLrX.jpeg\",\"datePublished\":\"2024-04-12T02:30:05+00:00\",\"author\":{\"@id\":\"\"},\"breadcrumb\":{\"@id\":\"https:\\\/\\\/www.p31noticias.com.br\\\/?p=46855#breadcrumb\"},\"inLanguage\":\"pt-BR\",\"potentialAction\":[{\"@type\":\"ReadAction\",\"target\":[\"https:\\\/\\\/www.p31noticias.com.br\\\/?p=46855\"]}]},{\"@type\":\"ImageObject\",\"inLanguage\":\"pt-BR\",\"@id\":\"https:\\\/\\\/www.p31noticias.com.br\\\/?p=46855#primaryimage\",\"url\":\"https:\\\/\\\/www.p31noticias.com.br\\\/wp-content\\\/uploads\\\/2024\\\/04\\\/51590c89-27b3-4e00-bf5b-bf91a76a018d-169x300-mV5cHg-150x150-u1aLrX.jpeg\",\"contentUrl\":\"https:\\\/\\\/www.p31noticias.com.br\\\/wp-content\\\/uploads\\\/2024\\\/04\\\/51590c89-27b3-4e00-bf5b-bf91a76a018d-169x300-mV5cHg-150x150-u1aLrX.jpeg\",\"width\":150,\"height\":150},{\"@type\":\"BreadcrumbList\",\"@id\":\"https:\\\/\\\/www.p31noticias.com.br\\\/?p=46855#breadcrumb\",\"itemListElement\":[{\"@type\":\"ListItem\",\"position\":1,\"name\":\"In\u00edcio\",\"item\":\"https:\\\/\\\/www.p31noticias.com.br\\\/\"},{\"@type\":\"ListItem\",\"position\":2,\"name\":\"Quem s\u00e3o os novos delegados de pol\u00edcia do Guar\u00e1\"}]},{\"@type\":\"WebSite\",\"@id\":\"https:\\\/\\\/www.p31noticias.com.br\\\/#website\",\"url\":\"https:\\\/\\\/www.p31noticias.com.br\\\/\",\"name\":\"P31\",\"description\":\"NOT\u00cdCIAS\",\"potentialAction\":[{\"@type\":\"SearchAction\",\"target\":{\"@type\":\"EntryPoint\",\"urlTemplate\":\"https:\\\/\\\/www.p31noticias.com.br\\\/?s={search_term_string}\"},\"query-input\":{\"@type\":\"PropertyValueSpecification\",\"valueRequired\":true,\"valueName\":\"search_term_string\"}}],\"inLanguage\":\"pt-BR\"}]}<\/script>\n<!-- \/ Yoast SEO Premium plugin. -->","yoast_head_json":{"title":"Quem s\u00e3o os novos delegados de pol\u00edcia do Guar\u00e1 - P31","robots":{"index":"index","follow":"follow","max-snippet":"max-snippet:-1","max-image-preview":"max-image-preview:large","max-video-preview":"max-video-preview:-1"},"canonical":"https:\/\/www.p31noticias.com.br\/?p=46855","og_locale":"pt_BR","og_type":"article","og_title":"Quem s\u00e3o os novos delegados de pol\u00edcia do Guar\u00e1","og_description":"Ap\u00f3s tr\u00eas anos e meio, a dupla de delegados Anderson Esp\u00edndola e Johnson Kenedy deixa a 4\u00aa Delegacia de Pol\u00edcia do Guar\u00e1 e \u00e9 transferida para a 10\u00aa DP do Lago Sul. Foi a segunda passagem deles pelo Guar\u00e1. Os dois passam a ser substitu\u00eddos pelos delegados Lorisvaldo Chacha Rosa (titular) e Filipe Villela Campos [&hellip;]","og_url":"https:\/\/www.p31noticias.com.br\/?p=46855","og_site_name":"P31","article_published_time":"2024-04-12T02:30:05+00:00","og_image":[{"width":150,"height":150,"url":"https:\/\/www.p31noticias.com.br\/wp-content\/uploads\/2024\/04\/51590c89-27b3-4e00-bf5b-bf91a76a018d-169x300-mV5cHg-150x150-u1aLrX.jpeg","type":"image\/jpeg"}],"twitter_card":"summary_large_image","schema":{"@context":"https:\/\/schema.org","@graph":[{"@type":"Article","@id":"https:\/\/www.p31noticias.com.br\/?p=46855#article","isPartOf":{"@id":"https:\/\/www.p31noticias.com.br\/?p=46855"},"author":{"name":"","@id":""},"headline":"Quem s\u00e3o os novos delegados de pol\u00edcia do Guar\u00e1","datePublished":"2024-04-12T02:30:05+00:00","mainEntityOfPage":{"@id":"https:\/\/www.p31noticias.com.br\/?p=46855"},"wordCount":89,"commentCount":0,"image":{"@id":"https:\/\/www.p31noticias.com.br\/?p=46855#primaryimage"},"thumbnailUrl":"https:\/\/www.p31noticias.com.br\/wp-content\/uploads\/2024\/04\/51590c89-27b3-4e00-bf5b-bf91a76a018d-169x300-mV5cHg-150x150-u1aLrX.jpeg","articleSection":["Bras\u00edlia"],"inLanguage":"pt-BR","potentialAction":[{"@type":"CommentAction","name":"Comment","target":["https:\/\/www.p31noticias.com.br\/?p=46855#respond"]}],"copyrightYear":"2024","copyrightHolder":{"@id":"https:\/\/www.p31noticias.com.br\/#organization"}},{"@type":"WebPage","@id":"https:\/\/www.p31noticias.com.br\/?p=46855","url":"https:\/\/www.p31noticias.com.br\/?p=46855","name":"Quem s\u00e3o os novos delegados de pol\u00edcia do Guar\u00e1 - P31","isPartOf":{"@id":"https:\/\/www.p31noticias.com.br\/#website"},"primaryImageOfPage":{"@id":"https:\/\/www.p31noticias.com.br\/?p=46855#primaryimage"},"image":{"@id":"https:\/\/www.p31noticias.com.br\/?p=46855#primaryimage"},"thumbnailUrl":"https:\/\/www.p31noticias.com.br\/wp-content\/uploads\/2024\/04\/51590c89-27b3-4e00-bf5b-bf91a76a018d-169x300-mV5cHg-150x150-u1aLrX.jpeg","datePublished":"2024-04-12T02:30:05+00:00","author":{"@id":""},"breadcrumb":{"@id":"https:\/\/www.p31noticias.com.br\/?p=46855#breadcrumb"},"inLanguage":"pt-BR","potentialAction":[{"@type":"ReadAction","target":["https:\/\/www.p31noticias.com.br\/?p=46855"]}]},{"@type":"ImageObject","inLanguage":"pt-BR","@id":"https:\/\/www.p31noticias.com.br\/?p=46855#primaryimage","url":"https:\/\/www.p31noticias.com.br\/wp-content\/uploads\/2024\/04\/51590c89-27b3-4e00-bf5b-bf91a76a018d-169x300-mV5cHg-150x150-u1aLrX.jpeg","contentUrl":"https:\/\/www.p31noticias.com.br\/wp-content\/uploads\/2024\/04\/51590c89-27b3-4e00-bf5b-bf91a76a018d-169x300-mV5cHg-150x150-u1aLrX.jpeg","width":150,"height":150},{"@type":"BreadcrumbList","@id":"https:\/\/www.p31noticias.com.br\/?p=46855#breadcrumb","itemListElement":[{"@type":"ListItem","position":1,"name":"In\u00edcio","item":"https:\/\/www.p31noticias.com.br\/"},{"@type":"ListItem","position":2,"name":"Quem s\u00e3o os novos delegados de pol\u00edcia do Guar\u00e1"}]},{"@type":"WebSite","@id":"https:\/\/www.p31noticias.com.br\/#website","url":"https:\/\/www.p31noticias.com.br\/","name":"P31","description":"NOT\u00cdCIAS","potentialAction":[{"@type":"SearchAction","target":{"@type":"EntryPoint","urlTemplate":"https:\/\/www.p31noticias.com.br\/?s={search_term_string}"},"query-input":{"@type":"PropertyValueSpecification","valueRequired":true,"valueName":"search_term_string"}}],"inLanguage":"pt-BR"}]}},"amp_enabled":true,"_links":{"self":[{"href":"https:\/\/www.p31noticias.com.br\/index.php?rest_route=\/wp\/v2\/posts\/46855","targetHints":{"allow":["GET"]}}],"collection":[{"href":"https:\/\/www.p31noticias.com.br\/index.php?rest_route=\/wp\/v2\/posts"}],"about":[{"href":"https:\/\/www.p31noticias.com.br\/index.php?rest_route=\/wp\/v2\/types\/post"}],"replies":[{"embeddable":true,"href":"https:\/\/www.p31noticias.com.br\/index.php?rest_route=%2Fwp%2Fv2%2Fcomments&post=46855"}],"version-history":[{"count":0,"href":"https:\/\/www.p31noticias.com.br\/index.php?rest_route=\/wp\/v2\/posts\/46855\/revisions"}],"wp:featuredmedia":[{"embeddable":true,"href":"https:\/\/www.p31noticias.com.br\/index.php?rest_route=\/wp\/v2\/media\/46856"}],"wp:attachment":[{"href":"https:\/\/www.p31noticias.com.br\/index.php?rest_route=%2Fwp%2Fv2%2Fmedia&parent=46855"}],"wp:term":[{"taxonomy":"category","embeddable":true,"href":"https:\/\/www.p31noticias.com.br\/index.php?rest_route=%2Fwp%2Fv2%2Fcategories&post=46855"},{"taxonomy":"post_tag","embeddable":true,"href":"https:\/\/www.p31noticias.com.br\/index.php?rest_route=%2Fwp%2Fv2%2Ftags&post=46855"}],"curies":[{"name":"wp","href":"https:\/\/api.w.org\/{rel}","templated":true}]}}