{"id":46821,"date":"2024-04-11T18:30:20","date_gmt":"2024-04-11T21:30:20","guid":{"rendered":"https:\/\/p31noticias.com.br\/ao-lado-de-lula-celina-agradece-apoio-do-governo-federal-no-ifb\/"},"modified":"2024-04-11T18:30:20","modified_gmt":"2024-04-11T21:30:20","slug":"ao-lado-de-lula-celina-agradece-apoio-do-governo-federal-no-ifb","status":"publish","type":"post","link":"https:\/\/www.p31noticias.com.br\/?p=46821","title":{"rendered":"Ao lado de Lula, Celina agradece apoio do governo federal no IFB"},"content":{"rendered":"<p>A vice-governadora do DF, Celina Le\u00e3o (PP), agradeceu o apoio do governo federal em evento com Lula, nesta quinta-feira (11\/4), no Sol Nascente. Ela esteve na cerim\u00f4nia de lan\u00e7amento da pedra fundamental do campus do Instituto Federal de Bras\u00edlia (IFB) de Sol Nascente, que ser\u00e1 constru\u00eddo na regi\u00e3o. \u201cEstamos aqui na capital da democracia, onde [\u2026]<\/p>\n<p>O post <a href=\"https:\/\/www.delioandrade.com.br\/ao-lado-de-lula-celina-agradece-apoio-do-governo-federal-no-ifb\/\">Ao lado de Lula, Celina agradece apoio do governo federal no IFB<\/a> apareceu primeiro em <a href=\"https:\/\/www.delioandrade.com.br\/\">Blog do D\u00c9LIO ANDRADE<\/a>.<\/p>\n","protected":false},"excerpt":{"rendered":"<p>A vice-governadora do DF, Celina Le\u00e3o (PP), agradeceu o apoio do governo federal em evento com Lula, nesta quinta-feira (11\/4), no Sol Nascente. Ela esteve na cerim\u00f4nia de lan\u00e7amento da pedra fundamental do campus do Instituto Federal de Bras\u00edlia (IFB) de Sol Nascente, que ser\u00e1 constru\u00eddo na regi\u00e3o. \u201cEstamos aqui na capital da democracia, onde [&hellip;]<\/p>\n","protected":false},"author":0,"featured_media":0,"comment_status":"open","ping_status":"open","sticky":false,"template":"","format":"standard","meta":{"footnotes":""},"categories":[21],"tags":[],"class_list":{"0":"post-46821","1":"post","2":"type-post","3":"status-publish","4":"format-standard","6":"category-brasilia"},"yoast_head":"<!-- This site is optimized with the Yoast SEO Premium plugin v24.5 (Yoast SEO v27.5) - https:\/\/yoast.com\/product\/yoast-seo-premium-wordpress\/ -->\n<title>Ao lado de Lula, Celina agradece apoio do governo federal no IFB - P31<\/title>\n<meta name=\"robots\" content=\"index, follow, max-snippet:-1, max-image-preview:large, max-video-preview:-1\" \/>\n<link rel=\"canonical\" href=\"https:\/\/www.p31noticias.com.br\/?p=46821\" \/>\n<meta property=\"og:locale\" content=\"pt_BR\" \/>\n<meta property=\"og:type\" content=\"article\" \/>\n<meta property=\"og:title\" content=\"Ao lado de Lula, Celina agradece apoio do governo federal no IFB\" \/>\n<meta property=\"og:description\" content=\"A vice-governadora do DF, Celina Le\u00e3o (PP), agradeceu o apoio do governo federal em evento com Lula, nesta quinta-feira (11\/4), no Sol Nascente. Ela esteve na cerim\u00f4nia de lan\u00e7amento da pedra fundamental do campus do Instituto Federal de Bras\u00edlia (IFB) de Sol Nascente, que ser\u00e1 constru\u00eddo na regi\u00e3o. \u201cEstamos aqui na capital da democracia, onde [&hellip;]\" \/>\n<meta property=\"og:url\" content=\"https:\/\/www.p31noticias.com.br\/?p=46821\" \/>\n<meta property=\"og:site_name\" content=\"P31\" \/>\n<meta property=\"article:published_time\" content=\"2024-04-11T21:30:20+00:00\" \/>\n<meta name=\"twitter:card\" content=\"summary_large_image\" \/>\n<script type=\"application\/ld+json\" class=\"yoast-schema-graph\">{\"@context\":\"https:\\\/\\\/schema.org\",\"@graph\":[{\"@type\":\"Article\",\"@id\":\"https:\\\/\\\/www.p31noticias.com.br\\\/?p=46821#article\",\"isPartOf\":{\"@id\":\"https:\\\/\\\/www.p31noticias.com.br\\\/?p=46821\"},\"author\":{\"name\":\"\",\"@id\":\"\"},\"headline\":\"Ao lado de Lula, Celina agradece apoio do governo federal no IFB\",\"datePublished\":\"2024-04-11T21:30:20+00:00\",\"mainEntityOfPage\":{\"@id\":\"https:\\\/\\\/www.p31noticias.com.br\\\/?p=46821\"},\"wordCount\":94,\"commentCount\":0,\"articleSection\":[\"Bras\u00edlia\"],\"inLanguage\":\"pt-BR\",\"potentialAction\":[{\"@type\":\"CommentAction\",\"name\":\"Comment\",\"target\":[\"https:\\\/\\\/www.p31noticias.com.br\\\/?p=46821#respond\"]}],\"copyrightYear\":\"2024\",\"copyrightHolder\":{\"@id\":\"https:\\\/\\\/www.p31noticias.com.br\\\/#organization\"}},{\"@type\":\"WebPage\",\"@id\":\"https:\\\/\\\/www.p31noticias.com.br\\\/?p=46821\",\"url\":\"https:\\\/\\\/www.p31noticias.com.br\\\/?p=46821\",\"name\":\"Ao lado de Lula, Celina agradece apoio do governo federal no IFB - P31\",\"isPartOf\":{\"@id\":\"https:\\\/\\\/www.p31noticias.com.br\\\/#website\"},\"datePublished\":\"2024-04-11T21:30:20+00:00\",\"author\":{\"@id\":\"\"},\"breadcrumb\":{\"@id\":\"https:\\\/\\\/www.p31noticias.com.br\\\/?p=46821#breadcrumb\"},\"inLanguage\":\"pt-BR\",\"potentialAction\":[{\"@type\":\"ReadAction\",\"target\":[\"https:\\\/\\\/www.p31noticias.com.br\\\/?p=46821\"]}]},{\"@type\":\"BreadcrumbList\",\"@id\":\"https:\\\/\\\/www.p31noticias.com.br\\\/?p=46821#breadcrumb\",\"itemListElement\":[{\"@type\":\"ListItem\",\"position\":1,\"name\":\"In\u00edcio\",\"item\":\"https:\\\/\\\/www.p31noticias.com.br\\\/\"},{\"@type\":\"ListItem\",\"position\":2,\"name\":\"Ao lado de Lula, Celina agradece apoio do governo federal no IFB\"}]},{\"@type\":\"WebSite\",\"@id\":\"https:\\\/\\\/www.p31noticias.com.br\\\/#website\",\"url\":\"https:\\\/\\\/www.p31noticias.com.br\\\/\",\"name\":\"P31\",\"description\":\"NOT\u00cdCIAS\",\"potentialAction\":[{\"@type\":\"SearchAction\",\"target\":{\"@type\":\"EntryPoint\",\"urlTemplate\":\"https:\\\/\\\/www.p31noticias.com.br\\\/?s={search_term_string}\"},\"query-input\":{\"@type\":\"PropertyValueSpecification\",\"valueRequired\":true,\"valueName\":\"search_term_string\"}}],\"inLanguage\":\"pt-BR\"}]}<\/script>\n<!-- \/ Yoast SEO Premium plugin. -->","yoast_head_json":{"title":"Ao lado de Lula, Celina agradece apoio do governo federal no IFB - P31","robots":{"index":"index","follow":"follow","max-snippet":"max-snippet:-1","max-image-preview":"max-image-preview:large","max-video-preview":"max-video-preview:-1"},"canonical":"https:\/\/www.p31noticias.com.br\/?p=46821","og_locale":"pt_BR","og_type":"article","og_title":"Ao lado de Lula, Celina agradece apoio do governo federal no IFB","og_description":"A vice-governadora do DF, Celina Le\u00e3o (PP), agradeceu o apoio do governo federal em evento com Lula, nesta quinta-feira (11\/4), no Sol Nascente. Ela esteve na cerim\u00f4nia de lan\u00e7amento da pedra fundamental do campus do Instituto Federal de Bras\u00edlia (IFB) de Sol Nascente, que ser\u00e1 constru\u00eddo na regi\u00e3o. \u201cEstamos aqui na capital da democracia, onde [&hellip;]","og_url":"https:\/\/www.p31noticias.com.br\/?p=46821","og_site_name":"P31","article_published_time":"2024-04-11T21:30:20+00:00","twitter_card":"summary_large_image","schema":{"@context":"https:\/\/schema.org","@graph":[{"@type":"Article","@id":"https:\/\/www.p31noticias.com.br\/?p=46821#article","isPartOf":{"@id":"https:\/\/www.p31noticias.com.br\/?p=46821"},"author":{"name":"","@id":""},"headline":"Ao lado de Lula, Celina agradece apoio do governo federal no IFB","datePublished":"2024-04-11T21:30:20+00:00","mainEntityOfPage":{"@id":"https:\/\/www.p31noticias.com.br\/?p=46821"},"wordCount":94,"commentCount":0,"articleSection":["Bras\u00edlia"],"inLanguage":"pt-BR","potentialAction":[{"@type":"CommentAction","name":"Comment","target":["https:\/\/www.p31noticias.com.br\/?p=46821#respond"]}],"copyrightYear":"2024","copyrightHolder":{"@id":"https:\/\/www.p31noticias.com.br\/#organization"}},{"@type":"WebPage","@id":"https:\/\/www.p31noticias.com.br\/?p=46821","url":"https:\/\/www.p31noticias.com.br\/?p=46821","name":"Ao lado de Lula, Celina agradece apoio do governo federal no IFB - P31","isPartOf":{"@id":"https:\/\/www.p31noticias.com.br\/#website"},"datePublished":"2024-04-11T21:30:20+00:00","author":{"@id":""},"breadcrumb":{"@id":"https:\/\/www.p31noticias.com.br\/?p=46821#breadcrumb"},"inLanguage":"pt-BR","potentialAction":[{"@type":"ReadAction","target":["https:\/\/www.p31noticias.com.br\/?p=46821"]}]},{"@type":"BreadcrumbList","@id":"https:\/\/www.p31noticias.com.br\/?p=46821#breadcrumb","itemListElement":[{"@type":"ListItem","position":1,"name":"In\u00edcio","item":"https:\/\/www.p31noticias.com.br\/"},{"@type":"ListItem","position":2,"name":"Ao lado de Lula, Celina agradece apoio do governo federal no IFB"}]},{"@type":"WebSite","@id":"https:\/\/www.p31noticias.com.br\/#website","url":"https:\/\/www.p31noticias.com.br\/","name":"P31","description":"NOT\u00cdCIAS","potentialAction":[{"@type":"SearchAction","target":{"@type":"EntryPoint","urlTemplate":"https:\/\/www.p31noticias.com.br\/?s={search_term_string}"},"query-input":{"@type":"PropertyValueSpecification","valueRequired":true,"valueName":"search_term_string"}}],"inLanguage":"pt-BR"}]}},"amp_enabled":true,"_links":{"self":[{"href":"https:\/\/www.p31noticias.com.br\/index.php?rest_route=\/wp\/v2\/posts\/46821","targetHints":{"allow":["GET"]}}],"collection":[{"href":"https:\/\/www.p31noticias.com.br\/index.php?rest_route=\/wp\/v2\/posts"}],"about":[{"href":"https:\/\/www.p31noticias.com.br\/index.php?rest_route=\/wp\/v2\/types\/post"}],"replies":[{"embeddable":true,"href":"https:\/\/www.p31noticias.com.br\/index.php?rest_route=%2Fwp%2Fv2%2Fcomments&post=46821"}],"version-history":[{"count":0,"href":"https:\/\/www.p31noticias.com.br\/index.php?rest_route=\/wp\/v2\/posts\/46821\/revisions"}],"wp:attachment":[{"href":"https:\/\/www.p31noticias.com.br\/index.php?rest_route=%2Fwp%2Fv2%2Fmedia&parent=46821"}],"wp:term":[{"taxonomy":"category","embeddable":true,"href":"https:\/\/www.p31noticias.com.br\/index.php?rest_route=%2Fwp%2Fv2%2Fcategories&post=46821"},{"taxonomy":"post_tag","embeddable":true,"href":"https:\/\/www.p31noticias.com.br\/index.php?rest_route=%2Fwp%2Fv2%2Ftags&post=46821"}],"curies":[{"name":"wp","href":"https:\/\/api.w.org\/{rel}","templated":true}]}}