{"id":46689,"date":"2024-04-10T18:30:37","date_gmt":"2024-04-10T21:30:37","guid":{"rendered":"https:\/\/p31noticias.com.br\/cerca-de-250-familias-do-df-beneficiadas-em-etapa-do-minha-casa-minha-vida\/"},"modified":"2024-04-10T18:30:37","modified_gmt":"2024-04-10T21:30:37","slug":"cerca-de-250-familias-do-df-beneficiadas-em-etapa-do-minha-casa-minha-vida","status":"publish","type":"post","link":"https:\/\/www.p31noticias.com.br\/?p=46689","title":{"rendered":"Cerca de 250 fam\u00edlias do DF beneficiadas em etapa do Minha Casa, Minha Vida"},"content":{"rendered":"<p>O governo federal anunciou, nesta quarta-feira (10), o resultado das sele\u00e7\u00f5es das modalidades Entidade e Rural, do programa habitacional Minha Casa, Minha Vida. De acordo com a Casa Civil e o Minist\u00e9rio das Cidades, o Distrito Federal ser\u00e1 contemplado com 250 unidades habitacionais destinadas a entidades. Na capital federal, ser\u00e3o mil pessoas beneficiadas exclusivamente na [\u2026]<\/p>\n<p>O post <a href=\"https:\/\/www.delioandrade.com.br\/cerca-de-250-familias-do-df-beneficiadas-em-etapa-do-minha-casa-minha-vida\/\">Cerca de 250 fam\u00edlias do DF beneficiadas em etapa do Minha Casa, Minha Vida<\/a> apareceu primeiro em <a href=\"https:\/\/www.delioandrade.com.br\/\">Blog do D\u00c9LIO ANDRADE<\/a>.<\/p>\n","protected":false},"excerpt":{"rendered":"<p>O governo federal anunciou, nesta quarta-feira (10), o resultado das sele\u00e7\u00f5es das modalidades Entidade e Rural, do programa habitacional Minha Casa, Minha Vida. De acordo com a Casa Civil e o Minist\u00e9rio das Cidades, o Distrito Federal ser\u00e1 contemplado com 250 unidades habitacionais destinadas a entidades. Na capital federal, ser\u00e3o mil pessoas beneficiadas exclusivamente na [&hellip;]<\/p>\n","protected":false},"author":0,"featured_media":46690,"comment_status":"open","ping_status":"open","sticky":false,"template":"","format":"standard","meta":{"footnotes":""},"categories":[21],"tags":[],"class_list":{"0":"post-46689","1":"post","2":"type-post","3":"status-publish","4":"format-standard","5":"has-post-thumbnail","7":"category-brasilia"},"yoast_head":"<!-- This site is optimized with the Yoast SEO Premium plugin v24.5 (Yoast SEO v27.4) - https:\/\/yoast.com\/product\/yoast-seo-premium-wordpress\/ -->\n<title>Cerca de 250 fam\u00edlias do DF beneficiadas em etapa do Minha Casa, Minha Vida - P31<\/title>\n<meta name=\"robots\" content=\"index, follow, max-snippet:-1, max-image-preview:large, max-video-preview:-1\" \/>\n<link rel=\"canonical\" href=\"https:\/\/www.p31noticias.com.br\/?p=46689\" \/>\n<meta property=\"og:locale\" content=\"pt_BR\" \/>\n<meta property=\"og:type\" content=\"article\" \/>\n<meta property=\"og:title\" content=\"Cerca de 250 fam\u00edlias do DF beneficiadas em etapa do Minha Casa, Minha Vida\" \/>\n<meta property=\"og:description\" content=\"O governo federal anunciou, nesta quarta-feira (10), o resultado das sele\u00e7\u00f5es das modalidades Entidade e Rural, do programa habitacional Minha Casa, Minha Vida. De acordo com a Casa Civil e o Minist\u00e9rio das Cidades, o Distrito Federal ser\u00e1 contemplado com 250 unidades habitacionais destinadas a entidades. Na capital federal, ser\u00e3o mil pessoas beneficiadas exclusivamente na [&hellip;]\" \/>\n<meta property=\"og:url\" content=\"https:\/\/www.p31noticias.com.br\/?p=46689\" \/>\n<meta property=\"og:site_name\" content=\"P31\" \/>\n<meta property=\"article:published_time\" content=\"2024-04-10T21:30:37+00:00\" \/>\n<meta property=\"og:image\" content=\"https:\/\/www.p31noticias.com.br\/wp-content\/uploads\/2024\/04\/Foto-Tony-Oliveira-4-AdXklj-150x150-VjWlFS.jpeg\" \/>\n\t<meta property=\"og:image:width\" content=\"150\" \/>\n\t<meta property=\"og:image:height\" content=\"150\" \/>\n\t<meta property=\"og:image:type\" content=\"image\/jpeg\" \/>\n<meta name=\"twitter:card\" content=\"summary_large_image\" \/>\n<script type=\"application\/ld+json\" class=\"yoast-schema-graph\">{\"@context\":\"https:\\\/\\\/schema.org\",\"@graph\":[{\"@type\":\"Article\",\"@id\":\"https:\\\/\\\/www.p31noticias.com.br\\\/?p=46689#article\",\"isPartOf\":{\"@id\":\"https:\\\/\\\/www.p31noticias.com.br\\\/?p=46689\"},\"author\":{\"name\":\"\",\"@id\":\"\"},\"headline\":\"Cerca de 250 fam\u00edlias do DF beneficiadas em etapa do Minha Casa, Minha Vida\",\"datePublished\":\"2024-04-10T21:30:37+00:00\",\"mainEntityOfPage\":{\"@id\":\"https:\\\/\\\/www.p31noticias.com.br\\\/?p=46689\"},\"wordCount\":94,\"commentCount\":0,\"image\":{\"@id\":\"https:\\\/\\\/www.p31noticias.com.br\\\/?p=46689#primaryimage\"},\"thumbnailUrl\":\"https:\\\/\\\/www.p31noticias.com.br\\\/wp-content\\\/uploads\\\/2024\\\/04\\\/Foto-Tony-Oliveira-4-AdXklj-150x150-VjWlFS.jpeg\",\"articleSection\":[\"Bras\u00edlia\"],\"inLanguage\":\"pt-BR\",\"potentialAction\":[{\"@type\":\"CommentAction\",\"name\":\"Comment\",\"target\":[\"https:\\\/\\\/www.p31noticias.com.br\\\/?p=46689#respond\"]}],\"copyrightYear\":\"2024\",\"copyrightHolder\":{\"@id\":\"https:\\\/\\\/www.p31noticias.com.br\\\/#organization\"}},{\"@type\":\"WebPage\",\"@id\":\"https:\\\/\\\/www.p31noticias.com.br\\\/?p=46689\",\"url\":\"https:\\\/\\\/www.p31noticias.com.br\\\/?p=46689\",\"name\":\"Cerca de 250 fam\u00edlias do DF beneficiadas em etapa do Minha Casa, Minha Vida - P31\",\"isPartOf\":{\"@id\":\"https:\\\/\\\/www.p31noticias.com.br\\\/#website\"},\"primaryImageOfPage\":{\"@id\":\"https:\\\/\\\/www.p31noticias.com.br\\\/?p=46689#primaryimage\"},\"image\":{\"@id\":\"https:\\\/\\\/www.p31noticias.com.br\\\/?p=46689#primaryimage\"},\"thumbnailUrl\":\"https:\\\/\\\/www.p31noticias.com.br\\\/wp-content\\\/uploads\\\/2024\\\/04\\\/Foto-Tony-Oliveira-4-AdXklj-150x150-VjWlFS.jpeg\",\"datePublished\":\"2024-04-10T21:30:37+00:00\",\"author\":{\"@id\":\"\"},\"breadcrumb\":{\"@id\":\"https:\\\/\\\/www.p31noticias.com.br\\\/?p=46689#breadcrumb\"},\"inLanguage\":\"pt-BR\",\"potentialAction\":[{\"@type\":\"ReadAction\",\"target\":[\"https:\\\/\\\/www.p31noticias.com.br\\\/?p=46689\"]}]},{\"@type\":\"ImageObject\",\"inLanguage\":\"pt-BR\",\"@id\":\"https:\\\/\\\/www.p31noticias.com.br\\\/?p=46689#primaryimage\",\"url\":\"https:\\\/\\\/www.p31noticias.com.br\\\/wp-content\\\/uploads\\\/2024\\\/04\\\/Foto-Tony-Oliveira-4-AdXklj-150x150-VjWlFS.jpeg\",\"contentUrl\":\"https:\\\/\\\/www.p31noticias.com.br\\\/wp-content\\\/uploads\\\/2024\\\/04\\\/Foto-Tony-Oliveira-4-AdXklj-150x150-VjWlFS.jpeg\",\"width\":150,\"height\":150},{\"@type\":\"BreadcrumbList\",\"@id\":\"https:\\\/\\\/www.p31noticias.com.br\\\/?p=46689#breadcrumb\",\"itemListElement\":[{\"@type\":\"ListItem\",\"position\":1,\"name\":\"In\u00edcio\",\"item\":\"https:\\\/\\\/www.p31noticias.com.br\\\/\"},{\"@type\":\"ListItem\",\"position\":2,\"name\":\"Cerca de 250 fam\u00edlias do DF beneficiadas em etapa do Minha Casa, Minha Vida\"}]},{\"@type\":\"WebSite\",\"@id\":\"https:\\\/\\\/www.p31noticias.com.br\\\/#website\",\"url\":\"https:\\\/\\\/www.p31noticias.com.br\\\/\",\"name\":\"P31\",\"description\":\"NOT\u00cdCIAS\",\"potentialAction\":[{\"@type\":\"SearchAction\",\"target\":{\"@type\":\"EntryPoint\",\"urlTemplate\":\"https:\\\/\\\/www.p31noticias.com.br\\\/?s={search_term_string}\"},\"query-input\":{\"@type\":\"PropertyValueSpecification\",\"valueRequired\":true,\"valueName\":\"search_term_string\"}}],\"inLanguage\":\"pt-BR\"}]}<\/script>\n<!-- \/ Yoast SEO Premium plugin. -->","yoast_head_json":{"title":"Cerca de 250 fam\u00edlias do DF beneficiadas em etapa do Minha Casa, Minha Vida - P31","robots":{"index":"index","follow":"follow","max-snippet":"max-snippet:-1","max-image-preview":"max-image-preview:large","max-video-preview":"max-video-preview:-1"},"canonical":"https:\/\/www.p31noticias.com.br\/?p=46689","og_locale":"pt_BR","og_type":"article","og_title":"Cerca de 250 fam\u00edlias do DF beneficiadas em etapa do Minha Casa, Minha Vida","og_description":"O governo federal anunciou, nesta quarta-feira (10), o resultado das sele\u00e7\u00f5es das modalidades Entidade e Rural, do programa habitacional Minha Casa, Minha Vida. De acordo com a Casa Civil e o Minist\u00e9rio das Cidades, o Distrito Federal ser\u00e1 contemplado com 250 unidades habitacionais destinadas a entidades. Na capital federal, ser\u00e3o mil pessoas beneficiadas exclusivamente na [&hellip;]","og_url":"https:\/\/www.p31noticias.com.br\/?p=46689","og_site_name":"P31","article_published_time":"2024-04-10T21:30:37+00:00","og_image":[{"width":150,"height":150,"url":"https:\/\/www.p31noticias.com.br\/wp-content\/uploads\/2024\/04\/Foto-Tony-Oliveira-4-AdXklj-150x150-VjWlFS.jpeg","type":"image\/jpeg"}],"twitter_card":"summary_large_image","schema":{"@context":"https:\/\/schema.org","@graph":[{"@type":"Article","@id":"https:\/\/www.p31noticias.com.br\/?p=46689#article","isPartOf":{"@id":"https:\/\/www.p31noticias.com.br\/?p=46689"},"author":{"name":"","@id":""},"headline":"Cerca de 250 fam\u00edlias do DF beneficiadas em etapa do Minha Casa, Minha Vida","datePublished":"2024-04-10T21:30:37+00:00","mainEntityOfPage":{"@id":"https:\/\/www.p31noticias.com.br\/?p=46689"},"wordCount":94,"commentCount":0,"image":{"@id":"https:\/\/www.p31noticias.com.br\/?p=46689#primaryimage"},"thumbnailUrl":"https:\/\/www.p31noticias.com.br\/wp-content\/uploads\/2024\/04\/Foto-Tony-Oliveira-4-AdXklj-150x150-VjWlFS.jpeg","articleSection":["Bras\u00edlia"],"inLanguage":"pt-BR","potentialAction":[{"@type":"CommentAction","name":"Comment","target":["https:\/\/www.p31noticias.com.br\/?p=46689#respond"]}],"copyrightYear":"2024","copyrightHolder":{"@id":"https:\/\/www.p31noticias.com.br\/#organization"}},{"@type":"WebPage","@id":"https:\/\/www.p31noticias.com.br\/?p=46689","url":"https:\/\/www.p31noticias.com.br\/?p=46689","name":"Cerca de 250 fam\u00edlias do DF beneficiadas em etapa do Minha Casa, Minha Vida - P31","isPartOf":{"@id":"https:\/\/www.p31noticias.com.br\/#website"},"primaryImageOfPage":{"@id":"https:\/\/www.p31noticias.com.br\/?p=46689#primaryimage"},"image":{"@id":"https:\/\/www.p31noticias.com.br\/?p=46689#primaryimage"},"thumbnailUrl":"https:\/\/www.p31noticias.com.br\/wp-content\/uploads\/2024\/04\/Foto-Tony-Oliveira-4-AdXklj-150x150-VjWlFS.jpeg","datePublished":"2024-04-10T21:30:37+00:00","author":{"@id":""},"breadcrumb":{"@id":"https:\/\/www.p31noticias.com.br\/?p=46689#breadcrumb"},"inLanguage":"pt-BR","potentialAction":[{"@type":"ReadAction","target":["https:\/\/www.p31noticias.com.br\/?p=46689"]}]},{"@type":"ImageObject","inLanguage":"pt-BR","@id":"https:\/\/www.p31noticias.com.br\/?p=46689#primaryimage","url":"https:\/\/www.p31noticias.com.br\/wp-content\/uploads\/2024\/04\/Foto-Tony-Oliveira-4-AdXklj-150x150-VjWlFS.jpeg","contentUrl":"https:\/\/www.p31noticias.com.br\/wp-content\/uploads\/2024\/04\/Foto-Tony-Oliveira-4-AdXklj-150x150-VjWlFS.jpeg","width":150,"height":150},{"@type":"BreadcrumbList","@id":"https:\/\/www.p31noticias.com.br\/?p=46689#breadcrumb","itemListElement":[{"@type":"ListItem","position":1,"name":"In\u00edcio","item":"https:\/\/www.p31noticias.com.br\/"},{"@type":"ListItem","position":2,"name":"Cerca de 250 fam\u00edlias do DF beneficiadas em etapa do Minha Casa, Minha Vida"}]},{"@type":"WebSite","@id":"https:\/\/www.p31noticias.com.br\/#website","url":"https:\/\/www.p31noticias.com.br\/","name":"P31","description":"NOT\u00cdCIAS","potentialAction":[{"@type":"SearchAction","target":{"@type":"EntryPoint","urlTemplate":"https:\/\/www.p31noticias.com.br\/?s={search_term_string}"},"query-input":{"@type":"PropertyValueSpecification","valueRequired":true,"valueName":"search_term_string"}}],"inLanguage":"pt-BR"}]}},"amp_enabled":true,"_links":{"self":[{"href":"https:\/\/www.p31noticias.com.br\/index.php?rest_route=\/wp\/v2\/posts\/46689","targetHints":{"allow":["GET"]}}],"collection":[{"href":"https:\/\/www.p31noticias.com.br\/index.php?rest_route=\/wp\/v2\/posts"}],"about":[{"href":"https:\/\/www.p31noticias.com.br\/index.php?rest_route=\/wp\/v2\/types\/post"}],"replies":[{"embeddable":true,"href":"https:\/\/www.p31noticias.com.br\/index.php?rest_route=%2Fwp%2Fv2%2Fcomments&post=46689"}],"version-history":[{"count":0,"href":"https:\/\/www.p31noticias.com.br\/index.php?rest_route=\/wp\/v2\/posts\/46689\/revisions"}],"wp:featuredmedia":[{"embeddable":true,"href":"https:\/\/www.p31noticias.com.br\/index.php?rest_route=\/wp\/v2\/media\/46690"}],"wp:attachment":[{"href":"https:\/\/www.p31noticias.com.br\/index.php?rest_route=%2Fwp%2Fv2%2Fmedia&parent=46689"}],"wp:term":[{"taxonomy":"category","embeddable":true,"href":"https:\/\/www.p31noticias.com.br\/index.php?rest_route=%2Fwp%2Fv2%2Fcategories&post=46689"},{"taxonomy":"post_tag","embeddable":true,"href":"https:\/\/www.p31noticias.com.br\/index.php?rest_route=%2Fwp%2Fv2%2Ftags&post=46689"}],"curies":[{"name":"wp","href":"https:\/\/api.w.org\/{rel}","templated":true}]}}