{"id":46674,"date":"2024-04-10T15:29:45","date_gmt":"2024-04-10T18:29:45","guid":{"rendered":"https:\/\/p31noticias.com.br\/dengue-comeca-a-reduzir-no-guara\/"},"modified":"2024-04-10T15:29:45","modified_gmt":"2024-04-10T18:29:45","slug":"dengue-comeca-a-reduzir-no-guara","status":"publish","type":"post","link":"https:\/\/www.p31noticias.com.br\/?p=46674","title":{"rendered":"Dengue come\u00e7a a  reduzir no Guar\u00e1"},"content":{"rendered":"<p>Os n\u00fameros ainda s\u00e3o preocupantes, mas, por outro lado, trazem um certo al\u00edvio para os moradores do Guar\u00e1. Os casos suspeitos de dengue na cidade ca\u00edram de 2.318 em fevereiro para 1.965 em mar\u00e7o. Em janeiro foram 1.350 casos, o que indica que houve um pico em fevereiro e um decl\u00ednio a partir de mar\u00e7o, [\u2026]<\/p>\n<p>O post <a href=\"https:\/\/www.delioandrade.com.br\/dengue-comeca-a-reduzir-no-guara\/\">Dengue come\u00e7a a  reduzir no Guar\u00e1<\/a> apareceu primeiro em <a href=\"https:\/\/www.delioandrade.com.br\/\">Blog do D\u00c9LIO ANDRADE<\/a>.<\/p>\n","protected":false},"excerpt":{"rendered":"<p>Os n\u00fameros ainda s\u00e3o preocupantes, mas, por outro lado, trazem um certo al\u00edvio para os moradores do Guar\u00e1. Os casos suspeitos de dengue na cidade ca\u00edram de 2.318 em fevereiro para 1.965 em mar\u00e7o. Em janeiro foram 1.350 casos, o que indica que houve um pico em fevereiro e um decl\u00ednio a partir de mar\u00e7o, [&hellip;]<\/p>\n","protected":false},"author":0,"featured_media":46675,"comment_status":"open","ping_status":"open","sticky":false,"template":"","format":"standard","meta":{"footnotes":""},"categories":[21],"tags":[],"class_list":{"0":"post-46674","1":"post","2":"type-post","3":"status-publish","4":"format-standard","5":"has-post-thumbnail","7":"category-brasilia"},"yoast_head":"<!-- This site is optimized with the Yoast SEO Premium plugin v24.5 (Yoast SEO v27.4) - https:\/\/yoast.com\/product\/yoast-seo-premium-wordpress\/ -->\n<title>Dengue come\u00e7a a reduzir no Guar\u00e1 - P31<\/title>\n<meta name=\"robots\" content=\"index, follow, max-snippet:-1, max-image-preview:large, max-video-preview:-1\" \/>\n<link rel=\"canonical\" href=\"https:\/\/www.p31noticias.com.br\/?p=46674\" \/>\n<meta property=\"og:locale\" content=\"pt_BR\" \/>\n<meta property=\"og:type\" content=\"article\" \/>\n<meta property=\"og:title\" content=\"Dengue come\u00e7a a reduzir no Guar\u00e1\" \/>\n<meta property=\"og:description\" content=\"Os n\u00fameros ainda s\u00e3o preocupantes, mas, por outro lado, trazem um certo al\u00edvio para os moradores do Guar\u00e1. Os casos suspeitos de dengue na cidade ca\u00edram de 2.318 em fevereiro para 1.965 em mar\u00e7o. Em janeiro foram 1.350 casos, o que indica que houve um pico em fevereiro e um decl\u00ednio a partir de mar\u00e7o, [&hellip;]\" \/>\n<meta property=\"og:url\" content=\"https:\/\/www.p31noticias.com.br\/?p=46674\" \/>\n<meta property=\"og:site_name\" content=\"P31\" \/>\n<meta property=\"article:published_time\" content=\"2024-04-10T18:29:45+00:00\" \/>\n<meta property=\"og:image\" content=\"https:\/\/www.p31noticias.com.br\/wp-content\/uploads\/2024\/04\/Armadilha.-Foto-Jadir-Costa-Vigilancia-Ambiental-682x1024-1-200x300-mX6VOx-150x150-atDjqF.jpeg\" \/>\n\t<meta property=\"og:image:width\" content=\"150\" \/>\n\t<meta property=\"og:image:height\" content=\"150\" \/>\n\t<meta property=\"og:image:type\" content=\"image\/jpeg\" \/>\n<meta name=\"twitter:card\" content=\"summary_large_image\" \/>\n<script type=\"application\/ld+json\" class=\"yoast-schema-graph\">{\"@context\":\"https:\\\/\\\/schema.org\",\"@graph\":[{\"@type\":\"Article\",\"@id\":\"https:\\\/\\\/www.p31noticias.com.br\\\/?p=46674#article\",\"isPartOf\":{\"@id\":\"https:\\\/\\\/www.p31noticias.com.br\\\/?p=46674\"},\"author\":{\"name\":\"\",\"@id\":\"\"},\"headline\":\"Dengue come\u00e7a a reduzir no Guar\u00e1\",\"datePublished\":\"2024-04-10T18:29:45+00:00\",\"mainEntityOfPage\":{\"@id\":\"https:\\\/\\\/www.p31noticias.com.br\\\/?p=46674\"},\"wordCount\":83,\"commentCount\":0,\"image\":{\"@id\":\"https:\\\/\\\/www.p31noticias.com.br\\\/?p=46674#primaryimage\"},\"thumbnailUrl\":\"https:\\\/\\\/www.p31noticias.com.br\\\/wp-content\\\/uploads\\\/2024\\\/04\\\/Armadilha.-Foto-Jadir-Costa-Vigilancia-Ambiental-682x1024-1-200x300-mX6VOx-150x150-atDjqF.jpeg\",\"articleSection\":[\"Bras\u00edlia\"],\"inLanguage\":\"pt-BR\",\"potentialAction\":[{\"@type\":\"CommentAction\",\"name\":\"Comment\",\"target\":[\"https:\\\/\\\/www.p31noticias.com.br\\\/?p=46674#respond\"]}],\"copyrightYear\":\"2024\",\"copyrightHolder\":{\"@id\":\"https:\\\/\\\/www.p31noticias.com.br\\\/#organization\"}},{\"@type\":\"WebPage\",\"@id\":\"https:\\\/\\\/www.p31noticias.com.br\\\/?p=46674\",\"url\":\"https:\\\/\\\/www.p31noticias.com.br\\\/?p=46674\",\"name\":\"Dengue come\u00e7a a reduzir no Guar\u00e1 - P31\",\"isPartOf\":{\"@id\":\"https:\\\/\\\/www.p31noticias.com.br\\\/#website\"},\"primaryImageOfPage\":{\"@id\":\"https:\\\/\\\/www.p31noticias.com.br\\\/?p=46674#primaryimage\"},\"image\":{\"@id\":\"https:\\\/\\\/www.p31noticias.com.br\\\/?p=46674#primaryimage\"},\"thumbnailUrl\":\"https:\\\/\\\/www.p31noticias.com.br\\\/wp-content\\\/uploads\\\/2024\\\/04\\\/Armadilha.-Foto-Jadir-Costa-Vigilancia-Ambiental-682x1024-1-200x300-mX6VOx-150x150-atDjqF.jpeg\",\"datePublished\":\"2024-04-10T18:29:45+00:00\",\"author\":{\"@id\":\"\"},\"breadcrumb\":{\"@id\":\"https:\\\/\\\/www.p31noticias.com.br\\\/?p=46674#breadcrumb\"},\"inLanguage\":\"pt-BR\",\"potentialAction\":[{\"@type\":\"ReadAction\",\"target\":[\"https:\\\/\\\/www.p31noticias.com.br\\\/?p=46674\"]}]},{\"@type\":\"ImageObject\",\"inLanguage\":\"pt-BR\",\"@id\":\"https:\\\/\\\/www.p31noticias.com.br\\\/?p=46674#primaryimage\",\"url\":\"https:\\\/\\\/www.p31noticias.com.br\\\/wp-content\\\/uploads\\\/2024\\\/04\\\/Armadilha.-Foto-Jadir-Costa-Vigilancia-Ambiental-682x1024-1-200x300-mX6VOx-150x150-atDjqF.jpeg\",\"contentUrl\":\"https:\\\/\\\/www.p31noticias.com.br\\\/wp-content\\\/uploads\\\/2024\\\/04\\\/Armadilha.-Foto-Jadir-Costa-Vigilancia-Ambiental-682x1024-1-200x300-mX6VOx-150x150-atDjqF.jpeg\",\"width\":150,\"height\":150},{\"@type\":\"BreadcrumbList\",\"@id\":\"https:\\\/\\\/www.p31noticias.com.br\\\/?p=46674#breadcrumb\",\"itemListElement\":[{\"@type\":\"ListItem\",\"position\":1,\"name\":\"In\u00edcio\",\"item\":\"https:\\\/\\\/www.p31noticias.com.br\\\/\"},{\"@type\":\"ListItem\",\"position\":2,\"name\":\"Dengue come\u00e7a a reduzir no Guar\u00e1\"}]},{\"@type\":\"WebSite\",\"@id\":\"https:\\\/\\\/www.p31noticias.com.br\\\/#website\",\"url\":\"https:\\\/\\\/www.p31noticias.com.br\\\/\",\"name\":\"P31\",\"description\":\"NOT\u00cdCIAS\",\"potentialAction\":[{\"@type\":\"SearchAction\",\"target\":{\"@type\":\"EntryPoint\",\"urlTemplate\":\"https:\\\/\\\/www.p31noticias.com.br\\\/?s={search_term_string}\"},\"query-input\":{\"@type\":\"PropertyValueSpecification\",\"valueRequired\":true,\"valueName\":\"search_term_string\"}}],\"inLanguage\":\"pt-BR\"}]}<\/script>\n<!-- \/ Yoast SEO Premium plugin. -->","yoast_head_json":{"title":"Dengue come\u00e7a a reduzir no Guar\u00e1 - P31","robots":{"index":"index","follow":"follow","max-snippet":"max-snippet:-1","max-image-preview":"max-image-preview:large","max-video-preview":"max-video-preview:-1"},"canonical":"https:\/\/www.p31noticias.com.br\/?p=46674","og_locale":"pt_BR","og_type":"article","og_title":"Dengue come\u00e7a a reduzir no Guar\u00e1","og_description":"Os n\u00fameros ainda s\u00e3o preocupantes, mas, por outro lado, trazem um certo al\u00edvio para os moradores do Guar\u00e1. Os casos suspeitos de dengue na cidade ca\u00edram de 2.318 em fevereiro para 1.965 em mar\u00e7o. Em janeiro foram 1.350 casos, o que indica que houve um pico em fevereiro e um decl\u00ednio a partir de mar\u00e7o, [&hellip;]","og_url":"https:\/\/www.p31noticias.com.br\/?p=46674","og_site_name":"P31","article_published_time":"2024-04-10T18:29:45+00:00","og_image":[{"width":150,"height":150,"url":"https:\/\/www.p31noticias.com.br\/wp-content\/uploads\/2024\/04\/Armadilha.-Foto-Jadir-Costa-Vigilancia-Ambiental-682x1024-1-200x300-mX6VOx-150x150-atDjqF.jpeg","type":"image\/jpeg"}],"twitter_card":"summary_large_image","schema":{"@context":"https:\/\/schema.org","@graph":[{"@type":"Article","@id":"https:\/\/www.p31noticias.com.br\/?p=46674#article","isPartOf":{"@id":"https:\/\/www.p31noticias.com.br\/?p=46674"},"author":{"name":"","@id":""},"headline":"Dengue come\u00e7a a reduzir no Guar\u00e1","datePublished":"2024-04-10T18:29:45+00:00","mainEntityOfPage":{"@id":"https:\/\/www.p31noticias.com.br\/?p=46674"},"wordCount":83,"commentCount":0,"image":{"@id":"https:\/\/www.p31noticias.com.br\/?p=46674#primaryimage"},"thumbnailUrl":"https:\/\/www.p31noticias.com.br\/wp-content\/uploads\/2024\/04\/Armadilha.-Foto-Jadir-Costa-Vigilancia-Ambiental-682x1024-1-200x300-mX6VOx-150x150-atDjqF.jpeg","articleSection":["Bras\u00edlia"],"inLanguage":"pt-BR","potentialAction":[{"@type":"CommentAction","name":"Comment","target":["https:\/\/www.p31noticias.com.br\/?p=46674#respond"]}],"copyrightYear":"2024","copyrightHolder":{"@id":"https:\/\/www.p31noticias.com.br\/#organization"}},{"@type":"WebPage","@id":"https:\/\/www.p31noticias.com.br\/?p=46674","url":"https:\/\/www.p31noticias.com.br\/?p=46674","name":"Dengue come\u00e7a a reduzir no Guar\u00e1 - P31","isPartOf":{"@id":"https:\/\/www.p31noticias.com.br\/#website"},"primaryImageOfPage":{"@id":"https:\/\/www.p31noticias.com.br\/?p=46674#primaryimage"},"image":{"@id":"https:\/\/www.p31noticias.com.br\/?p=46674#primaryimage"},"thumbnailUrl":"https:\/\/www.p31noticias.com.br\/wp-content\/uploads\/2024\/04\/Armadilha.-Foto-Jadir-Costa-Vigilancia-Ambiental-682x1024-1-200x300-mX6VOx-150x150-atDjqF.jpeg","datePublished":"2024-04-10T18:29:45+00:00","author":{"@id":""},"breadcrumb":{"@id":"https:\/\/www.p31noticias.com.br\/?p=46674#breadcrumb"},"inLanguage":"pt-BR","potentialAction":[{"@type":"ReadAction","target":["https:\/\/www.p31noticias.com.br\/?p=46674"]}]},{"@type":"ImageObject","inLanguage":"pt-BR","@id":"https:\/\/www.p31noticias.com.br\/?p=46674#primaryimage","url":"https:\/\/www.p31noticias.com.br\/wp-content\/uploads\/2024\/04\/Armadilha.-Foto-Jadir-Costa-Vigilancia-Ambiental-682x1024-1-200x300-mX6VOx-150x150-atDjqF.jpeg","contentUrl":"https:\/\/www.p31noticias.com.br\/wp-content\/uploads\/2024\/04\/Armadilha.-Foto-Jadir-Costa-Vigilancia-Ambiental-682x1024-1-200x300-mX6VOx-150x150-atDjqF.jpeg","width":150,"height":150},{"@type":"BreadcrumbList","@id":"https:\/\/www.p31noticias.com.br\/?p=46674#breadcrumb","itemListElement":[{"@type":"ListItem","position":1,"name":"In\u00edcio","item":"https:\/\/www.p31noticias.com.br\/"},{"@type":"ListItem","position":2,"name":"Dengue come\u00e7a a reduzir no Guar\u00e1"}]},{"@type":"WebSite","@id":"https:\/\/www.p31noticias.com.br\/#website","url":"https:\/\/www.p31noticias.com.br\/","name":"P31","description":"NOT\u00cdCIAS","potentialAction":[{"@type":"SearchAction","target":{"@type":"EntryPoint","urlTemplate":"https:\/\/www.p31noticias.com.br\/?s={search_term_string}"},"query-input":{"@type":"PropertyValueSpecification","valueRequired":true,"valueName":"search_term_string"}}],"inLanguage":"pt-BR"}]}},"amp_enabled":true,"_links":{"self":[{"href":"https:\/\/www.p31noticias.com.br\/index.php?rest_route=\/wp\/v2\/posts\/46674","targetHints":{"allow":["GET"]}}],"collection":[{"href":"https:\/\/www.p31noticias.com.br\/index.php?rest_route=\/wp\/v2\/posts"}],"about":[{"href":"https:\/\/www.p31noticias.com.br\/index.php?rest_route=\/wp\/v2\/types\/post"}],"replies":[{"embeddable":true,"href":"https:\/\/www.p31noticias.com.br\/index.php?rest_route=%2Fwp%2Fv2%2Fcomments&post=46674"}],"version-history":[{"count":0,"href":"https:\/\/www.p31noticias.com.br\/index.php?rest_route=\/wp\/v2\/posts\/46674\/revisions"}],"wp:featuredmedia":[{"embeddable":true,"href":"https:\/\/www.p31noticias.com.br\/index.php?rest_route=\/wp\/v2\/media\/46675"}],"wp:attachment":[{"href":"https:\/\/www.p31noticias.com.br\/index.php?rest_route=%2Fwp%2Fv2%2Fmedia&parent=46674"}],"wp:term":[{"taxonomy":"category","embeddable":true,"href":"https:\/\/www.p31noticias.com.br\/index.php?rest_route=%2Fwp%2Fv2%2Fcategories&post=46674"},{"taxonomy":"post_tag","embeddable":true,"href":"https:\/\/www.p31noticias.com.br\/index.php?rest_route=%2Fwp%2Fv2%2Ftags&post=46674"}],"curies":[{"name":"wp","href":"https:\/\/api.w.org\/{rel}","templated":true}]}}