{"id":46671,"date":"2024-04-10T15:29:44","date_gmt":"2024-04-10T18:29:44","guid":{"rendered":"https:\/\/p31noticias.com.br\/campo-da-esperanca-requer-licenca-para-crematorio-comecar-a-funcionar\/"},"modified":"2024-04-10T15:29:44","modified_gmt":"2024-04-10T18:29:44","slug":"campo-da-esperanca-requer-licenca-para-crematorio-comecar-a-funcionar","status":"publish","type":"post","link":"https:\/\/www.p31noticias.com.br\/?p=46671","title":{"rendered":"Campo da Esperan\u00e7a requer licen\u00e7a para cremat\u00f3rio come\u00e7ar a funcionar"},"content":{"rendered":"<p>A empresa Campo da Esperan\u00e7a Servi\u00e7os LTDA requereu ao Instituto Bras\u00edlia Ambiental (Ibram) uma licen\u00e7a para que o\u00a0primeiro cremat\u00f3rio do Distrito Federal comece a funcionar. O pedido consta no Di\u00e1rio Oficial (DODF) desta quarta-feira (10\/4). O cremat\u00f3rio funcionar\u00e1 no cemit\u00e9rio Campo da Esperan\u00e7a da Asa Sul, na Quadra 916, e ter\u00e1 289m\u00b2. A constru\u00e7\u00e3o do [\u2026]<\/p>\n<p>O post <a href=\"https:\/\/www.delioandrade.com.br\/campo-da-esperanca-requer-licenca-para-crematorio-comecar-a-funcionar\/\">Campo da Esperan\u00e7a requer licen\u00e7a para cremat\u00f3rio come\u00e7ar a funcionar<\/a> apareceu primeiro em <a href=\"https:\/\/www.delioandrade.com.br\/\">Blog do D\u00c9LIO ANDRADE<\/a>.<\/p>\n","protected":false},"excerpt":{"rendered":"<p>A empresa Campo da Esperan\u00e7a Servi\u00e7os LTDA requereu ao Instituto Bras\u00edlia Ambiental (Ibram) uma licen\u00e7a para que o\u00a0primeiro cremat\u00f3rio do Distrito Federal comece a funcionar. O pedido consta no Di\u00e1rio Oficial (DODF) desta quarta-feira (10\/4). O cremat\u00f3rio funcionar\u00e1 no cemit\u00e9rio Campo da Esperan\u00e7a da Asa Sul, na Quadra 916, e ter\u00e1 289m\u00b2. A constru\u00e7\u00e3o do [&hellip;]<\/p>\n","protected":false},"author":0,"featured_media":0,"comment_status":"open","ping_status":"open","sticky":false,"template":"","format":"standard","meta":{"footnotes":""},"categories":[21],"tags":[],"class_list":{"0":"post-46671","1":"post","2":"type-post","3":"status-publish","4":"format-standard","6":"category-brasilia"},"yoast_head":"<!-- This site is optimized with the Yoast SEO Premium plugin v24.5 (Yoast SEO v27.4) - https:\/\/yoast.com\/product\/yoast-seo-premium-wordpress\/ -->\n<title>Campo da Esperan\u00e7a requer licen\u00e7a para cremat\u00f3rio come\u00e7ar a funcionar - P31<\/title>\n<meta name=\"robots\" content=\"index, follow, max-snippet:-1, max-image-preview:large, max-video-preview:-1\" \/>\n<link rel=\"canonical\" href=\"https:\/\/www.p31noticias.com.br\/?p=46671\" \/>\n<meta property=\"og:locale\" content=\"pt_BR\" \/>\n<meta property=\"og:type\" content=\"article\" \/>\n<meta property=\"og:title\" content=\"Campo da Esperan\u00e7a requer licen\u00e7a para cremat\u00f3rio come\u00e7ar a funcionar\" \/>\n<meta property=\"og:description\" content=\"A empresa Campo da Esperan\u00e7a Servi\u00e7os LTDA requereu ao Instituto Bras\u00edlia Ambiental (Ibram) uma licen\u00e7a para que o\u00a0primeiro cremat\u00f3rio do Distrito Federal comece a funcionar. O pedido consta no Di\u00e1rio Oficial (DODF) desta quarta-feira (10\/4). O cremat\u00f3rio funcionar\u00e1 no cemit\u00e9rio Campo da Esperan\u00e7a da Asa Sul, na Quadra 916, e ter\u00e1 289m\u00b2. A constru\u00e7\u00e3o do [&hellip;]\" \/>\n<meta property=\"og:url\" content=\"https:\/\/www.p31noticias.com.br\/?p=46671\" \/>\n<meta property=\"og:site_name\" content=\"P31\" \/>\n<meta property=\"article:published_time\" content=\"2024-04-10T18:29:44+00:00\" \/>\n<meta name=\"twitter:card\" content=\"summary_large_image\" \/>\n<script type=\"application\/ld+json\" class=\"yoast-schema-graph\">{\"@context\":\"https:\\\/\\\/schema.org\",\"@graph\":[{\"@type\":\"Article\",\"@id\":\"https:\\\/\\\/www.p31noticias.com.br\\\/?p=46671#article\",\"isPartOf\":{\"@id\":\"https:\\\/\\\/www.p31noticias.com.br\\\/?p=46671\"},\"author\":{\"name\":\"\",\"@id\":\"\"},\"headline\":\"Campo da Esperan\u00e7a requer licen\u00e7a para cremat\u00f3rio come\u00e7ar a funcionar\",\"datePublished\":\"2024-04-10T18:29:44+00:00\",\"mainEntityOfPage\":{\"@id\":\"https:\\\/\\\/www.p31noticias.com.br\\\/?p=46671\"},\"wordCount\":102,\"commentCount\":0,\"articleSection\":[\"Bras\u00edlia\"],\"inLanguage\":\"pt-BR\",\"potentialAction\":[{\"@type\":\"CommentAction\",\"name\":\"Comment\",\"target\":[\"https:\\\/\\\/www.p31noticias.com.br\\\/?p=46671#respond\"]}],\"copyrightYear\":\"2024\",\"copyrightHolder\":{\"@id\":\"https:\\\/\\\/www.p31noticias.com.br\\\/#organization\"}},{\"@type\":\"WebPage\",\"@id\":\"https:\\\/\\\/www.p31noticias.com.br\\\/?p=46671\",\"url\":\"https:\\\/\\\/www.p31noticias.com.br\\\/?p=46671\",\"name\":\"Campo da Esperan\u00e7a requer licen\u00e7a para cremat\u00f3rio come\u00e7ar a funcionar - P31\",\"isPartOf\":{\"@id\":\"https:\\\/\\\/www.p31noticias.com.br\\\/#website\"},\"datePublished\":\"2024-04-10T18:29:44+00:00\",\"author\":{\"@id\":\"\"},\"breadcrumb\":{\"@id\":\"https:\\\/\\\/www.p31noticias.com.br\\\/?p=46671#breadcrumb\"},\"inLanguage\":\"pt-BR\",\"potentialAction\":[{\"@type\":\"ReadAction\",\"target\":[\"https:\\\/\\\/www.p31noticias.com.br\\\/?p=46671\"]}]},{\"@type\":\"BreadcrumbList\",\"@id\":\"https:\\\/\\\/www.p31noticias.com.br\\\/?p=46671#breadcrumb\",\"itemListElement\":[{\"@type\":\"ListItem\",\"position\":1,\"name\":\"In\u00edcio\",\"item\":\"https:\\\/\\\/www.p31noticias.com.br\\\/\"},{\"@type\":\"ListItem\",\"position\":2,\"name\":\"Campo da Esperan\u00e7a requer licen\u00e7a para cremat\u00f3rio come\u00e7ar a funcionar\"}]},{\"@type\":\"WebSite\",\"@id\":\"https:\\\/\\\/www.p31noticias.com.br\\\/#website\",\"url\":\"https:\\\/\\\/www.p31noticias.com.br\\\/\",\"name\":\"P31\",\"description\":\"NOT\u00cdCIAS\",\"potentialAction\":[{\"@type\":\"SearchAction\",\"target\":{\"@type\":\"EntryPoint\",\"urlTemplate\":\"https:\\\/\\\/www.p31noticias.com.br\\\/?s={search_term_string}\"},\"query-input\":{\"@type\":\"PropertyValueSpecification\",\"valueRequired\":true,\"valueName\":\"search_term_string\"}}],\"inLanguage\":\"pt-BR\"}]}<\/script>\n<!-- \/ Yoast SEO Premium plugin. -->","yoast_head_json":{"title":"Campo da Esperan\u00e7a requer licen\u00e7a para cremat\u00f3rio come\u00e7ar a funcionar - P31","robots":{"index":"index","follow":"follow","max-snippet":"max-snippet:-1","max-image-preview":"max-image-preview:large","max-video-preview":"max-video-preview:-1"},"canonical":"https:\/\/www.p31noticias.com.br\/?p=46671","og_locale":"pt_BR","og_type":"article","og_title":"Campo da Esperan\u00e7a requer licen\u00e7a para cremat\u00f3rio come\u00e7ar a funcionar","og_description":"A empresa Campo da Esperan\u00e7a Servi\u00e7os LTDA requereu ao Instituto Bras\u00edlia Ambiental (Ibram) uma licen\u00e7a para que o\u00a0primeiro cremat\u00f3rio do Distrito Federal comece a funcionar. O pedido consta no Di\u00e1rio Oficial (DODF) desta quarta-feira (10\/4). O cremat\u00f3rio funcionar\u00e1 no cemit\u00e9rio Campo da Esperan\u00e7a da Asa Sul, na Quadra 916, e ter\u00e1 289m\u00b2. A constru\u00e7\u00e3o do [&hellip;]","og_url":"https:\/\/www.p31noticias.com.br\/?p=46671","og_site_name":"P31","article_published_time":"2024-04-10T18:29:44+00:00","twitter_card":"summary_large_image","schema":{"@context":"https:\/\/schema.org","@graph":[{"@type":"Article","@id":"https:\/\/www.p31noticias.com.br\/?p=46671#article","isPartOf":{"@id":"https:\/\/www.p31noticias.com.br\/?p=46671"},"author":{"name":"","@id":""},"headline":"Campo da Esperan\u00e7a requer licen\u00e7a para cremat\u00f3rio come\u00e7ar a funcionar","datePublished":"2024-04-10T18:29:44+00:00","mainEntityOfPage":{"@id":"https:\/\/www.p31noticias.com.br\/?p=46671"},"wordCount":102,"commentCount":0,"articleSection":["Bras\u00edlia"],"inLanguage":"pt-BR","potentialAction":[{"@type":"CommentAction","name":"Comment","target":["https:\/\/www.p31noticias.com.br\/?p=46671#respond"]}],"copyrightYear":"2024","copyrightHolder":{"@id":"https:\/\/www.p31noticias.com.br\/#organization"}},{"@type":"WebPage","@id":"https:\/\/www.p31noticias.com.br\/?p=46671","url":"https:\/\/www.p31noticias.com.br\/?p=46671","name":"Campo da Esperan\u00e7a requer licen\u00e7a para cremat\u00f3rio come\u00e7ar a funcionar - P31","isPartOf":{"@id":"https:\/\/www.p31noticias.com.br\/#website"},"datePublished":"2024-04-10T18:29:44+00:00","author":{"@id":""},"breadcrumb":{"@id":"https:\/\/www.p31noticias.com.br\/?p=46671#breadcrumb"},"inLanguage":"pt-BR","potentialAction":[{"@type":"ReadAction","target":["https:\/\/www.p31noticias.com.br\/?p=46671"]}]},{"@type":"BreadcrumbList","@id":"https:\/\/www.p31noticias.com.br\/?p=46671#breadcrumb","itemListElement":[{"@type":"ListItem","position":1,"name":"In\u00edcio","item":"https:\/\/www.p31noticias.com.br\/"},{"@type":"ListItem","position":2,"name":"Campo da Esperan\u00e7a requer licen\u00e7a para cremat\u00f3rio come\u00e7ar a funcionar"}]},{"@type":"WebSite","@id":"https:\/\/www.p31noticias.com.br\/#website","url":"https:\/\/www.p31noticias.com.br\/","name":"P31","description":"NOT\u00cdCIAS","potentialAction":[{"@type":"SearchAction","target":{"@type":"EntryPoint","urlTemplate":"https:\/\/www.p31noticias.com.br\/?s={search_term_string}"},"query-input":{"@type":"PropertyValueSpecification","valueRequired":true,"valueName":"search_term_string"}}],"inLanguage":"pt-BR"}]}},"amp_enabled":true,"_links":{"self":[{"href":"https:\/\/www.p31noticias.com.br\/index.php?rest_route=\/wp\/v2\/posts\/46671","targetHints":{"allow":["GET"]}}],"collection":[{"href":"https:\/\/www.p31noticias.com.br\/index.php?rest_route=\/wp\/v2\/posts"}],"about":[{"href":"https:\/\/www.p31noticias.com.br\/index.php?rest_route=\/wp\/v2\/types\/post"}],"replies":[{"embeddable":true,"href":"https:\/\/www.p31noticias.com.br\/index.php?rest_route=%2Fwp%2Fv2%2Fcomments&post=46671"}],"version-history":[{"count":0,"href":"https:\/\/www.p31noticias.com.br\/index.php?rest_route=\/wp\/v2\/posts\/46671\/revisions"}],"wp:attachment":[{"href":"https:\/\/www.p31noticias.com.br\/index.php?rest_route=%2Fwp%2Fv2%2Fmedia&parent=46671"}],"wp:term":[{"taxonomy":"category","embeddable":true,"href":"https:\/\/www.p31noticias.com.br\/index.php?rest_route=%2Fwp%2Fv2%2Fcategories&post=46671"},{"taxonomy":"post_tag","embeddable":true,"href":"https:\/\/www.p31noticias.com.br\/index.php?rest_route=%2Fwp%2Fv2%2Ftags&post=46671"}],"curies":[{"name":"wp","href":"https:\/\/api.w.org\/{rel}","templated":true}]}}