{"id":46668,"date":"2024-04-10T15:29:42","date_gmt":"2024-04-10T18:29:42","guid":{"rendered":"https:\/\/p31noticias.com.br\/dengue-nova-tenda-do-guara-comeca-a-funcionar-nesta-quinta-11-com-atendimentos-24h\/"},"modified":"2024-04-10T15:29:42","modified_gmt":"2024-04-10T18:29:42","slug":"dengue-nova-tenda-do-guara-comeca-a-funcionar-nesta-quinta-11-com-atendimentos-24h","status":"publish","type":"post","link":"https:\/\/www.p31noticias.com.br\/?p=46668","title":{"rendered":"Dengue: Nova tenda do Guar\u00e1 come\u00e7a a funcionar nesta quinta (11), com atendimentos 24h"},"content":{"rendered":"<p>A nova tenda de acolhimento dos pacientes com dengue come\u00e7a a funcionar nesta quinta-feira (11), \u00e0s 7h, no Guar\u00e1. A unidade far\u00e1 atendimentos 24h. Essa \u00e9 uma das 11 tendas que ser\u00e3o entregues \u00e0 popula\u00e7\u00e3o ainda neste m\u00eas de abril. As pr\u00f3ximas ser\u00e3o as unidades do Gama, Parano\u00e1 e Planaltina, com previs\u00e3o de funcionamento at\u00e9 [\u2026]<\/p>\n<p>O post <a href=\"https:\/\/www.delioandrade.com.br\/dengue-nova-tenda-do-guara-comeca-a-funcionar-nesta-quinta-11-com-atendimentos-24h\/\">Dengue: Nova tenda do Guar\u00e1 come\u00e7a a funcionar nesta quinta (11), com atendimentos 24h<\/a> apareceu primeiro em <a href=\"https:\/\/www.delioandrade.com.br\/\">Blog do D\u00c9LIO ANDRADE<\/a>.<\/p>\n","protected":false},"excerpt":{"rendered":"<p>A nova tenda de acolhimento dos pacientes com dengue come\u00e7a a funcionar nesta quinta-feira (11), \u00e0s 7h, no Guar\u00e1. A unidade far\u00e1 atendimentos 24h. Essa \u00e9 uma das 11 tendas que ser\u00e3o entregues \u00e0 popula\u00e7\u00e3o ainda neste m\u00eas de abril. As pr\u00f3ximas ser\u00e3o as unidades do Gama, Parano\u00e1 e Planaltina, com previs\u00e3o de funcionamento at\u00e9 [&hellip;]<\/p>\n","protected":false},"author":0,"featured_media":46669,"comment_status":"open","ping_status":"open","sticky":false,"template":"","format":"standard","meta":{"footnotes":""},"categories":[21],"tags":[],"class_list":{"0":"post-46668","1":"post","2":"type-post","3":"status-publish","4":"format-standard","5":"has-post-thumbnail","7":"category-brasilia"},"yoast_head":"<!-- This site is optimized with the Yoast SEO Premium plugin v24.5 (Yoast SEO v27.4) - https:\/\/yoast.com\/product\/yoast-seo-premium-wordpress\/ -->\n<title>Dengue: Nova tenda do Guar\u00e1 come\u00e7a a funcionar nesta quinta (11), com atendimentos 24h - P31<\/title>\n<meta name=\"robots\" content=\"index, follow, max-snippet:-1, max-image-preview:large, max-video-preview:-1\" \/>\n<link rel=\"canonical\" href=\"https:\/\/www.p31noticias.com.br\/?p=46668\" \/>\n<meta property=\"og:locale\" content=\"pt_BR\" \/>\n<meta property=\"og:type\" content=\"article\" \/>\n<meta property=\"og:title\" content=\"Dengue: Nova tenda do Guar\u00e1 come\u00e7a a funcionar nesta quinta (11), com atendimentos 24h\" \/>\n<meta property=\"og:description\" content=\"A nova tenda de acolhimento dos pacientes com dengue come\u00e7a a funcionar nesta quinta-feira (11), \u00e0s 7h, no Guar\u00e1. A unidade far\u00e1 atendimentos 24h. Essa \u00e9 uma das 11 tendas que ser\u00e3o entregues \u00e0 popula\u00e7\u00e3o ainda neste m\u00eas de abril. As pr\u00f3ximas ser\u00e3o as unidades do Gama, Parano\u00e1 e Planaltina, com previs\u00e3o de funcionamento at\u00e9 [&hellip;]\" \/>\n<meta property=\"og:url\" content=\"https:\/\/www.p31noticias.com.br\/?p=46668\" \/>\n<meta property=\"og:site_name\" content=\"P31\" \/>\n<meta property=\"article:published_time\" content=\"2024-04-10T18:29:42+00:00\" \/>\n<meta property=\"og:image\" content=\"https:\/\/www.p31noticias.com.br\/wp-content\/uploads\/2024\/04\/WhatsApp-Image-2024-04-10-at-14.55.27-vphHE9-150x150-kzogJu.jpeg\" \/>\n\t<meta property=\"og:image:width\" content=\"150\" \/>\n\t<meta property=\"og:image:height\" content=\"150\" \/>\n\t<meta property=\"og:image:type\" content=\"image\/jpeg\" \/>\n<meta name=\"twitter:card\" content=\"summary_large_image\" \/>\n<script type=\"application\/ld+json\" class=\"yoast-schema-graph\">{\"@context\":\"https:\\\/\\\/schema.org\",\"@graph\":[{\"@type\":\"Article\",\"@id\":\"https:\\\/\\\/www.p31noticias.com.br\\\/?p=46668#article\",\"isPartOf\":{\"@id\":\"https:\\\/\\\/www.p31noticias.com.br\\\/?p=46668\"},\"author\":{\"name\":\"\",\"@id\":\"\"},\"headline\":\"Dengue: Nova tenda do Guar\u00e1 come\u00e7a a funcionar nesta quinta (11), com atendimentos 24h\",\"datePublished\":\"2024-04-10T18:29:42+00:00\",\"mainEntityOfPage\":{\"@id\":\"https:\\\/\\\/www.p31noticias.com.br\\\/?p=46668\"},\"wordCount\":96,\"commentCount\":0,\"image\":{\"@id\":\"https:\\\/\\\/www.p31noticias.com.br\\\/?p=46668#primaryimage\"},\"thumbnailUrl\":\"https:\\\/\\\/www.p31noticias.com.br\\\/wp-content\\\/uploads\\\/2024\\\/04\\\/WhatsApp-Image-2024-04-10-at-14.55.27-vphHE9-150x150-kzogJu.jpeg\",\"articleSection\":[\"Bras\u00edlia\"],\"inLanguage\":\"pt-BR\",\"potentialAction\":[{\"@type\":\"CommentAction\",\"name\":\"Comment\",\"target\":[\"https:\\\/\\\/www.p31noticias.com.br\\\/?p=46668#respond\"]}],\"copyrightYear\":\"2024\",\"copyrightHolder\":{\"@id\":\"https:\\\/\\\/www.p31noticias.com.br\\\/#organization\"}},{\"@type\":\"WebPage\",\"@id\":\"https:\\\/\\\/www.p31noticias.com.br\\\/?p=46668\",\"url\":\"https:\\\/\\\/www.p31noticias.com.br\\\/?p=46668\",\"name\":\"Dengue: Nova tenda do Guar\u00e1 come\u00e7a a funcionar nesta quinta (11), com atendimentos 24h - P31\",\"isPartOf\":{\"@id\":\"https:\\\/\\\/www.p31noticias.com.br\\\/#website\"},\"primaryImageOfPage\":{\"@id\":\"https:\\\/\\\/www.p31noticias.com.br\\\/?p=46668#primaryimage\"},\"image\":{\"@id\":\"https:\\\/\\\/www.p31noticias.com.br\\\/?p=46668#primaryimage\"},\"thumbnailUrl\":\"https:\\\/\\\/www.p31noticias.com.br\\\/wp-content\\\/uploads\\\/2024\\\/04\\\/WhatsApp-Image-2024-04-10-at-14.55.27-vphHE9-150x150-kzogJu.jpeg\",\"datePublished\":\"2024-04-10T18:29:42+00:00\",\"author\":{\"@id\":\"\"},\"breadcrumb\":{\"@id\":\"https:\\\/\\\/www.p31noticias.com.br\\\/?p=46668#breadcrumb\"},\"inLanguage\":\"pt-BR\",\"potentialAction\":[{\"@type\":\"ReadAction\",\"target\":[\"https:\\\/\\\/www.p31noticias.com.br\\\/?p=46668\"]}]},{\"@type\":\"ImageObject\",\"inLanguage\":\"pt-BR\",\"@id\":\"https:\\\/\\\/www.p31noticias.com.br\\\/?p=46668#primaryimage\",\"url\":\"https:\\\/\\\/www.p31noticias.com.br\\\/wp-content\\\/uploads\\\/2024\\\/04\\\/WhatsApp-Image-2024-04-10-at-14.55.27-vphHE9-150x150-kzogJu.jpeg\",\"contentUrl\":\"https:\\\/\\\/www.p31noticias.com.br\\\/wp-content\\\/uploads\\\/2024\\\/04\\\/WhatsApp-Image-2024-04-10-at-14.55.27-vphHE9-150x150-kzogJu.jpeg\",\"width\":150,\"height\":150},{\"@type\":\"BreadcrumbList\",\"@id\":\"https:\\\/\\\/www.p31noticias.com.br\\\/?p=46668#breadcrumb\",\"itemListElement\":[{\"@type\":\"ListItem\",\"position\":1,\"name\":\"In\u00edcio\",\"item\":\"https:\\\/\\\/www.p31noticias.com.br\\\/\"},{\"@type\":\"ListItem\",\"position\":2,\"name\":\"Dengue: Nova tenda do Guar\u00e1 come\u00e7a a funcionar nesta quinta (11), com atendimentos 24h\"}]},{\"@type\":\"WebSite\",\"@id\":\"https:\\\/\\\/www.p31noticias.com.br\\\/#website\",\"url\":\"https:\\\/\\\/www.p31noticias.com.br\\\/\",\"name\":\"P31\",\"description\":\"NOT\u00cdCIAS\",\"potentialAction\":[{\"@type\":\"SearchAction\",\"target\":{\"@type\":\"EntryPoint\",\"urlTemplate\":\"https:\\\/\\\/www.p31noticias.com.br\\\/?s={search_term_string}\"},\"query-input\":{\"@type\":\"PropertyValueSpecification\",\"valueRequired\":true,\"valueName\":\"search_term_string\"}}],\"inLanguage\":\"pt-BR\"}]}<\/script>\n<!-- \/ Yoast SEO Premium plugin. -->","yoast_head_json":{"title":"Dengue: Nova tenda do Guar\u00e1 come\u00e7a a funcionar nesta quinta (11), com atendimentos 24h - P31","robots":{"index":"index","follow":"follow","max-snippet":"max-snippet:-1","max-image-preview":"max-image-preview:large","max-video-preview":"max-video-preview:-1"},"canonical":"https:\/\/www.p31noticias.com.br\/?p=46668","og_locale":"pt_BR","og_type":"article","og_title":"Dengue: Nova tenda do Guar\u00e1 come\u00e7a a funcionar nesta quinta (11), com atendimentos 24h","og_description":"A nova tenda de acolhimento dos pacientes com dengue come\u00e7a a funcionar nesta quinta-feira (11), \u00e0s 7h, no Guar\u00e1. A unidade far\u00e1 atendimentos 24h. Essa \u00e9 uma das 11 tendas que ser\u00e3o entregues \u00e0 popula\u00e7\u00e3o ainda neste m\u00eas de abril. As pr\u00f3ximas ser\u00e3o as unidades do Gama, Parano\u00e1 e Planaltina, com previs\u00e3o de funcionamento at\u00e9 [&hellip;]","og_url":"https:\/\/www.p31noticias.com.br\/?p=46668","og_site_name":"P31","article_published_time":"2024-04-10T18:29:42+00:00","og_image":[{"width":150,"height":150,"url":"https:\/\/www.p31noticias.com.br\/wp-content\/uploads\/2024\/04\/WhatsApp-Image-2024-04-10-at-14.55.27-vphHE9-150x150-kzogJu.jpeg","type":"image\/jpeg"}],"twitter_card":"summary_large_image","schema":{"@context":"https:\/\/schema.org","@graph":[{"@type":"Article","@id":"https:\/\/www.p31noticias.com.br\/?p=46668#article","isPartOf":{"@id":"https:\/\/www.p31noticias.com.br\/?p=46668"},"author":{"name":"","@id":""},"headline":"Dengue: Nova tenda do Guar\u00e1 come\u00e7a a funcionar nesta quinta (11), com atendimentos 24h","datePublished":"2024-04-10T18:29:42+00:00","mainEntityOfPage":{"@id":"https:\/\/www.p31noticias.com.br\/?p=46668"},"wordCount":96,"commentCount":0,"image":{"@id":"https:\/\/www.p31noticias.com.br\/?p=46668#primaryimage"},"thumbnailUrl":"https:\/\/www.p31noticias.com.br\/wp-content\/uploads\/2024\/04\/WhatsApp-Image-2024-04-10-at-14.55.27-vphHE9-150x150-kzogJu.jpeg","articleSection":["Bras\u00edlia"],"inLanguage":"pt-BR","potentialAction":[{"@type":"CommentAction","name":"Comment","target":["https:\/\/www.p31noticias.com.br\/?p=46668#respond"]}],"copyrightYear":"2024","copyrightHolder":{"@id":"https:\/\/www.p31noticias.com.br\/#organization"}},{"@type":"WebPage","@id":"https:\/\/www.p31noticias.com.br\/?p=46668","url":"https:\/\/www.p31noticias.com.br\/?p=46668","name":"Dengue: Nova tenda do Guar\u00e1 come\u00e7a a funcionar nesta quinta (11), com atendimentos 24h - P31","isPartOf":{"@id":"https:\/\/www.p31noticias.com.br\/#website"},"primaryImageOfPage":{"@id":"https:\/\/www.p31noticias.com.br\/?p=46668#primaryimage"},"image":{"@id":"https:\/\/www.p31noticias.com.br\/?p=46668#primaryimage"},"thumbnailUrl":"https:\/\/www.p31noticias.com.br\/wp-content\/uploads\/2024\/04\/WhatsApp-Image-2024-04-10-at-14.55.27-vphHE9-150x150-kzogJu.jpeg","datePublished":"2024-04-10T18:29:42+00:00","author":{"@id":""},"breadcrumb":{"@id":"https:\/\/www.p31noticias.com.br\/?p=46668#breadcrumb"},"inLanguage":"pt-BR","potentialAction":[{"@type":"ReadAction","target":["https:\/\/www.p31noticias.com.br\/?p=46668"]}]},{"@type":"ImageObject","inLanguage":"pt-BR","@id":"https:\/\/www.p31noticias.com.br\/?p=46668#primaryimage","url":"https:\/\/www.p31noticias.com.br\/wp-content\/uploads\/2024\/04\/WhatsApp-Image-2024-04-10-at-14.55.27-vphHE9-150x150-kzogJu.jpeg","contentUrl":"https:\/\/www.p31noticias.com.br\/wp-content\/uploads\/2024\/04\/WhatsApp-Image-2024-04-10-at-14.55.27-vphHE9-150x150-kzogJu.jpeg","width":150,"height":150},{"@type":"BreadcrumbList","@id":"https:\/\/www.p31noticias.com.br\/?p=46668#breadcrumb","itemListElement":[{"@type":"ListItem","position":1,"name":"In\u00edcio","item":"https:\/\/www.p31noticias.com.br\/"},{"@type":"ListItem","position":2,"name":"Dengue: Nova tenda do Guar\u00e1 come\u00e7a a funcionar nesta quinta (11), com atendimentos 24h"}]},{"@type":"WebSite","@id":"https:\/\/www.p31noticias.com.br\/#website","url":"https:\/\/www.p31noticias.com.br\/","name":"P31","description":"NOT\u00cdCIAS","potentialAction":[{"@type":"SearchAction","target":{"@type":"EntryPoint","urlTemplate":"https:\/\/www.p31noticias.com.br\/?s={search_term_string}"},"query-input":{"@type":"PropertyValueSpecification","valueRequired":true,"valueName":"search_term_string"}}],"inLanguage":"pt-BR"}]}},"amp_enabled":true,"_links":{"self":[{"href":"https:\/\/www.p31noticias.com.br\/index.php?rest_route=\/wp\/v2\/posts\/46668","targetHints":{"allow":["GET"]}}],"collection":[{"href":"https:\/\/www.p31noticias.com.br\/index.php?rest_route=\/wp\/v2\/posts"}],"about":[{"href":"https:\/\/www.p31noticias.com.br\/index.php?rest_route=\/wp\/v2\/types\/post"}],"replies":[{"embeddable":true,"href":"https:\/\/www.p31noticias.com.br\/index.php?rest_route=%2Fwp%2Fv2%2Fcomments&post=46668"}],"version-history":[{"count":0,"href":"https:\/\/www.p31noticias.com.br\/index.php?rest_route=\/wp\/v2\/posts\/46668\/revisions"}],"wp:featuredmedia":[{"embeddable":true,"href":"https:\/\/www.p31noticias.com.br\/index.php?rest_route=\/wp\/v2\/media\/46669"}],"wp:attachment":[{"href":"https:\/\/www.p31noticias.com.br\/index.php?rest_route=%2Fwp%2Fv2%2Fmedia&parent=46668"}],"wp:term":[{"taxonomy":"category","embeddable":true,"href":"https:\/\/www.p31noticias.com.br\/index.php?rest_route=%2Fwp%2Fv2%2Fcategories&post=46668"},{"taxonomy":"post_tag","embeddable":true,"href":"https:\/\/www.p31noticias.com.br\/index.php?rest_route=%2Fwp%2Fv2%2Ftags&post=46668"}],"curies":[{"name":"wp","href":"https:\/\/api.w.org\/{rel}","templated":true}]}}